{"id":996,"date":"2019-01-20T21:23:35","date_gmt":"2019-01-21T00:23:35","guid":{"rendered":"http:\/\/educaciondeadultos.cl\/web\/?p=996"},"modified":"2019-01-20T21:23:35","modified_gmt":"2019-01-21T00:23:35","slug":"doctora-marjorie-agossin-presento-su-texto-el-arbol-florido","status":"publish","type":"post","link":"http:\/\/educaciondeadultos.cl\/web\/2019\/01\/20\/doctora-marjorie-agossin-presento-su-texto-el-arbol-florido\/","title":{"rendered":"Doctora Marjorie Agossin present\u00f3 su texto \u00abEl \u00e1rbol florido\u00bb"},"content":{"rendered":"[et_pb_section fb_built=\u00bb1&#8243; _builder_version=\u00bb3.19.6&#8243;][et_pb_row _builder_version=\u00bb3.19.6&#8243;][et_pb_column type=\u00bb4_4&#8243; _builder_version=\u00bb3.19.6&#8243; parallax=\u00bboff\u00bb parallax_method=\u00bbon\u00bb][et_pb_text _builder_version=\u00bb3.19.6&#8243;]\n<p>La poeta, novelista y activista de Derechos Humanos, reconocida por las Naciones Unidas con el Human Rights Leadership Award, y por el Gobierno chileno con el Premio Gabriela Mistral, autora de m\u00e1s de cincuenta libros que incluyen narrativa, poes\u00eda, teatro y memorias, y <strong>miembro del Comit\u00e9 Editorial de la Revista de Educaci\u00f3n de Adultos y Procesos Formativos<\/strong>, <strong>Marjorie Agos\u00edn<\/strong>, present\u00f3 el jueves 17 de enero de 2018 su texto \u00ab<strong>El \u00e1rbol florido\u00bb,<\/strong> actividad que se llev\u00f3 a efecto en el Palacio Rioja de Vi\u00f1a del Mar.<\/p>\n<p>La profesora de la Universidad de Massachusetts comparti\u00f3 con los asistentes a la sala Aldo Francia a partir de las 19.00 horas.<\/p>\n<p>Como se\u00f1ala la <a href=\"http:\/\/www.misraices.cl\/publicacion-ganadora-de-fondo-del-libro-2018-el-arbol-florido-de-marjorie-agosin-y-francisca-yanez\/\" target=\"_blank\" rel=\"noopener\">editorial \u00abMis Ra\u00edces\u00bb<\/a>, el libro fue elaborado junto a la destacada ilustradora nacional, Francisca Y\u00e1\u00f1ez y \u00abes un texto basado en hechos reales, que cuenta c\u00f3mo es la nueva vida de una familia jud\u00eda que escapa de los conflictos en Europa y llega a la regi\u00f3n de Valpara\u00edso en Chile, espec\u00edficamente a Quillota. La narraci\u00f3n se realiza desde el punto de vista de Celeste, la peque\u00f1a nieta de los migrantes Abraham y Raquel\u00bb.<\/p>\n[\/et_pb_text][\/et_pb_column][\/et_pb_row][\/et_pb_section]\n","protected":false},"excerpt":{"rendered":"<p>El jueves 17 de enero en el Palacio Rioja de Vi\u00f1a del Mar.<\/p>\n","protected":false},"author":1,"featured_media":1002,"comment_status":"closed","ping_status":"closed","sticky":false,"template":"","format":"standard","meta":{"_et_pb_use_builder":"on","_et_pb_old_content":"","_et_gb_content_width":"","_oasis_is_in_workflow":0,"_oasis_original":0,"footnotes":""},"categories":[44,45],"tags":[],"class_list":["post-996","post","type-post","status-publish","format-standard","has-post-thumbnail","hentry","category-informacion","category-event"],"_links":{"self":[{"href":"http:\/\/educaciondeadultos.cl\/web\/wp-json\/wp\/v2\/posts\/996","targetHints":{"allow":["GET"]}}],"collection":[{"href":"http:\/\/educaciondeadultos.cl\/web\/wp-json\/wp\/v2\/posts"}],"about":[{"href":"http:\/\/educaciondeadultos.cl\/web\/wp-json\/wp\/v2\/types\/post"}],"author":[{"embeddable":true,"href":"http:\/\/educaciondeadultos.cl\/web\/wp-json\/wp\/v2\/users\/1"}],"replies":[{"embeddable":true,"href":"http:\/\/educaciondeadultos.cl\/web\/wp-json\/wp\/v2\/comments?post=996"}],"version-history":[{"count":4,"href":"http:\/\/educaciondeadultos.cl\/web\/wp-json\/wp\/v2\/posts\/996\/revisions"}],"predecessor-version":[{"id":1004,"href":"http:\/\/educaciondeadultos.cl\/web\/wp-json\/wp\/v2\/posts\/996\/revisions\/1004"}],"wp:featuredmedia":[{"embeddable":true,"href":"http:\/\/educaciondeadultos.cl\/web\/wp-json\/wp\/v2\/media\/1002"}],"wp:attachment":[{"href":"http:\/\/educaciondeadultos.cl\/web\/wp-json\/wp\/v2\/media?parent=996"}],"wp:term":[{"taxonomy":"category","embeddable":true,"href":"http:\/\/educaciondeadultos.cl\/web\/wp-json\/wp\/v2\/categories?post=996"},{"taxonomy":"post_tag","embeddable":true,"href":"http:\/\/educaciondeadultos.cl\/web\/wp-json\/wp\/v2\/tags?post=996"}],"curies":[{"name":"wp","href":"https:\/\/api.w.org\/{rel}","templated":true}]}}