{"id":97,"date":"2014-10-30T22:34:41","date_gmt":"2014-10-31T01:34:41","guid":{"rendered":"http:\/\/educaciondeadultos.cl\/web\/2014\/10\/30\/los-desafios-de-la-formacion-de-adultos\/"},"modified":"2014-10-30T22:34:41","modified_gmt":"2014-10-31T01:34:41","slug":"los-desafios-de-la-formacion-de-adultos","status":"publish","type":"post","link":"http:\/\/educaciondeadultos.cl\/web\/2014\/10\/30\/los-desafios-de-la-formacion-de-adultos\/","title":{"rendered":"\u00abLos desaf\u00edos de la formaci\u00f3n de adultos\u00bb"},"content":{"rendered":"<p><img loading=\"lazy\" decoding=\"async\" class=\" size-full wp-image-95\" src=\"http:\/\/educaciondeadultos.cl\/web\/wp-content\/uploads\/2014\/10\/072519f74a95ea36f571d1e83f1c23bd.jpg\" alt=\"\" width=\"3531\" height=\"2839\" srcset=\"http:\/\/educaciondeadultos.cl\/web\/wp-content\/uploads\/2014\/10\/072519f74a95ea36f571d1e83f1c23bd.jpg 3531w, http:\/\/educaciondeadultos.cl\/web\/wp-content\/uploads\/2014\/10\/072519f74a95ea36f571d1e83f1c23bd-300x241.jpg 300w, http:\/\/educaciondeadultos.cl\/web\/wp-content\/uploads\/2014\/10\/072519f74a95ea36f571d1e83f1c23bd-768x617.jpg 768w, http:\/\/educaciondeadultos.cl\/web\/wp-content\/uploads\/2014\/10\/072519f74a95ea36f571d1e83f1c23bd-1024x823.jpg 1024w\" sizes=\"auto, (max-width: 3531px) 100vw, 3531px\" \/><\/p>\n<div class=\"itemHeader\">\n<p class=\"itemTitle\" style=\"text-align: justify;\"><span style=\"line-height: 1.3em; font-family: verdana, geneva;\"><img loading=\"lazy\" decoding=\"async\" class=\" alignleft size-full wp-image-96\" src=\"http:\/\/educaciondeadultos.cl\/web\/wp-content\/uploads\/2014\/10\/aficheseminario.jpg\" border=\"0\" alt=\"\" width=\"3532\" height=\"2838\" style=\"width: 389px; height: 418px; float: left;\" srcset=\"http:\/\/educaciondeadultos.cl\/web\/wp-content\/uploads\/2014\/10\/aficheseminario-300x241.jpg 300w, http:\/\/educaciondeadultos.cl\/web\/wp-content\/uploads\/2014\/10\/aficheseminario-768x617.jpg 768w, http:\/\/educaciondeadultos.cl\/web\/wp-content\/uploads\/2014\/10\/aficheseminario-1024x823.jpg 1024w\" sizes=\"auto, (max-width: 3532px) 100vw, 3532px\" \/><\/span><\/p>\n<\/p><\/div>\n<div class=\"itemBody\">\n<div class=\"itemFullText\">\n<p style=\"text-align: justify;\"><span style=\"line-height: 1.3em;\">\u00a0<\/span><\/p>\n<p style=\"text-align: justify;\"><span style=\"line-height: 1.3em;\">El programa Disciplinario de Educaci\u00f3n de J\u00f3venes y Adultos de la Facultad de Ciencias de la Educaci\u00f3n de la Universidad de Playa Ancha, CREFAL (M\u00e9xico) y el Ministerio de Educaci\u00f3n de Chile convocan al Seminario Internacional <strong>\u00abLos desaf\u00edos de la formaci\u00f3n de los educadores de adultos para responder a los requerimientos de sociedades que demandan educaci\u00f3n durante toda la vida\u00bb<\/strong>, que se realizar\u00e1 el 13 de noviembre \u00a0en el Hotel \u00d3&#8217;Higgins de Vi\u00f1a del Mar.<\/span><\/p>\n<p style=\"text-align: justify;\"><span style=\"line-height: 1.3em;\">Este Seminario forma parte del convenio de cooperaci\u00f3n internacional de la Universidad de Playa Ancha y CREFAL\u00a0 para el fortalecimiento de la educaci\u00f3n de personas j\u00f3venes y adultas, a trav\u00e9s de acciones de apoyo a la formaci\u00f3n docente,\u00a0 del intercambio acad\u00e9mico\u00a0 y la difusi\u00f3n de buenas pr\u00e1cticas educacionales . En esta oportunidad se convoca\u00a0 a una reflexi\u00f3n cr\u00edtica y propositiva acerca de la formaci\u00f3n de los-as educadores-as de personas adultas en sus diversas modalidades y su profesionalizaci\u00f3n, como condiciones\u00a0 del mejoramiento de la calidad educativa\u00a0 y del desarrollo de\u00a0 las capacidades pedag\u00f3gicas e institucionales de los establecimientos\u00a0 de educaci\u00f3n de adultos\u00a0 para que\u00a0 respuestas consistentes\u00a0 a las necesidades culturales, sociales, ciudadanas y productivas de las poblaciones adultas de las\u00a0 diversas regiones del pa\u00eds.<\/span><\/p>\n<p style=\"text-align: justify;\">El Seminario se desarrolla en un momento importante\u00a0 para la educaci\u00f3n de j\u00f3venes y adultos en Chile, dadas las\u00a0 expectativas que han generado las propuestas anunciadas por el\u00a0 actual Gobierno,\u00a0 plante\u00e1ndose el desarrollo de nuevas pol\u00edticas para la formaci\u00f3n y perfeccionamiento docente, la participaci\u00f3n de los docentes en el dise\u00f1o del nuevo Marco Curricular de la educaci\u00f3n de j\u00f3venes y adultos y la creaci\u00f3n de\u00a0 centros integrales que vincular\u00e1n la\u00a0 formaci\u00f3n de adultos con el desarrollo comunitario,entre otras medidas.<\/p>\n<p style=\"text-align: justify;\">La formaci\u00f3n y profesionalizaci\u00f3n de los-as educadores de personas adultas es una problem\u00e1tica mundial\u00a0 y\u00a0 se manifiesta como un desaf\u00edo importante en los sistemas educativos\u00a0 de aquellos pa\u00edses que hacen suya\u00a0 la visi\u00f3n del derecho de las personas a educarse durante toda la vida como condici\u00f3n de su pleno desarrollo humano y ciudadano. Por esta raz\u00f3n contaremos con expositores de Espa\u00f1a y M\u00e9xico para tener una visi\u00f3n comparada de las tareas que se necesitan emprender .<\/p>\n<p style=\"text-align: justify;\">La Universidad de Playa Ancha viene desarrollando programas de formaci\u00f3n para especialistas y post-graduados en \u201ceducaci\u00f3n de adultos y procesos formativos\u201d\u00a0 formales y comunitarios y se ha planteado como un desaf\u00edo apoyar a la profesionalizaci\u00f3n de este campo pedag\u00f3gico\u00a0 con el fin de desarrollar estrategias did\u00e1cticas pertinentes a la poblaci\u00f3n adulta, realizar investigaciones aplicadas\u00a0 y fortalecer el liderazgo\u00a0 educativo y cultural de los directivos-as y docentes de esta modalidad educativa.<\/p>\n<p>El Seminario est\u00e1 dirigido a docentes y directivos-as, a la comunidad acad\u00e9mica, a los responsables de la gesti\u00f3n de las pol\u00edticas educacionales y\u00a0 a los estudiantes universitarios .<\/p>\n<p><strong>Programa:<\/strong><\/p>\n<p>09:00 \u2013 09:30 \u2022 Inscripciones.<\/p>\n<p>09:30 \u2013 10:15 \u2022 Inauguraci\u00f3n: Palabras\u00a0 del Rector de la Universidad de Playa Ancha. Palabras de la Directora del CREFAL.<\/p>\n<p>10:15 \u2013 11:00 \u2022 Conferencia Magistral La Educaci\u00f3n Ciudadana en la Educaci\u00f3n de J\u00f3venes y Adultos. \u00a0<strong>Dr. Lucio Emilio Villegas, Universidad de Sevilla.<\/strong><\/p>\n<p>11:00 \u2013 11:15 \u2022 Caf\u00e9<\/p>\n<p>11:15 \u2013 12:30 \u2022 Panel: La Formaci\u00f3n y profesionalizaci\u00f3n docente de los educadores de adultos como estrategias de mejoramiento y actualizaci\u00f3n de las pol\u00edticas de educaci\u00f3n de adultos.\u00a0<strong>Dr. Emilio Coral, CREFAL<\/strong>;\u00a0<strong>Dr. Guillermo Williamson , Universidad de la Frontera<\/strong>;<strong>Dra.Violeta Acu\u00f1a C. UPLA<\/strong>.<\/p>\n<p>12:30 \u2013 13:30 \u2022 Exposici\u00f3n de la autoridad\u00a0 de la Educaci\u00f3n de J\u00f3venes y Adultos del Ministerio de Educaci\u00f3n.<strong>\u00a0Dra. Mar\u00eda Isabel Infante<\/strong>.<\/p>\n<p><strong>13:30 \u2013 14:45 \u2022 Receso<\/strong><\/p>\n<p>14:45 \u2013 15:00 \u2022\u00a0<strong>Presentaci\u00f3n de la nueva web y revista digital<\/strong>\u00a0del Programa Disciplinario de Educaci\u00f3n de J\u00f3venes y Adultos.<\/p>\n<p>15:00 \u2013 16:30 \u2022 Panel Los Desaf\u00edos de la docencia en la educaci\u00f3n de adultos en sociedades que demanda el reconocimiento del derecho a la educaci\u00f3n durante toda la vida. \u00a0<strong>Dr. Carlos Calvo, CREFAL<\/strong>,\u00a0<strong>Universidad de La Serena<\/strong>;\u00a0<strong>Dr. Felipe Hevia, CREFAL<\/strong>;\u00a0<strong>\u00a0Dra. Socorro Tapia, CREFA<\/strong>L.<\/p>\n<p>16:30 \u2013 17:00 \u2022 Plenario<\/p>\n<p>17:00 \u2013 18:00 \u2022 Sesi\u00f3n de clausura. Palabras del Decano de la Facultad de Ciencias de la Educaci\u00f3n de la Universidad de Playa Ancha.<\/p>\n<p><strong>La inscripci\u00f3n\u00a0 es gratuita y si desea participar debe inscribirse on line\u00a0<a href=\"https:\/\/docs.google.com\/forms\/d\/1jIdUM2I2-BTttzHqOAvYmK_7w2oNb-8EG7ZEXJSYKwI\/viewform\">AQUI para reservar su asistencia<\/a>.<\/strong><\/p>\n<\/p><\/div>\n<\/p><\/div>\n","protected":false},"excerpt":{"rendered":"<p>\u00a0 El programa Disciplinario de Educaci\u00f3n de J\u00f3venes y Adultos de la Facultad de Ciencias de la Educaci\u00f3n de la Universidad de Playa Ancha, CREFAL (M\u00e9xico) y el Ministerio de Educaci\u00f3n de Chile convocan al Seminario Internacional \u00abLos desaf\u00edos de la formaci\u00f3n de los educadores de adultos para responder a los requerimientos de sociedades que [&hellip;]<\/p>\n","protected":false},"author":1,"featured_media":95,"comment_status":"closed","ping_status":"closed","sticky":false,"template":"","format":"standard","meta":{"_et_pb_use_builder":"","_et_pb_old_content":"","_et_gb_content_width":"","_oasis_is_in_workflow":0,"_oasis_original":0,"footnotes":""},"categories":[45],"tags":[],"class_list":["post-97","post","type-post","status-publish","format-standard","has-post-thumbnail","hentry","category-event"],"_links":{"self":[{"href":"http:\/\/educaciondeadultos.cl\/web\/wp-json\/wp\/v2\/posts\/97","targetHints":{"allow":["GET"]}}],"collection":[{"href":"http:\/\/educaciondeadultos.cl\/web\/wp-json\/wp\/v2\/posts"}],"about":[{"href":"http:\/\/educaciondeadultos.cl\/web\/wp-json\/wp\/v2\/types\/post"}],"author":[{"embeddable":true,"href":"http:\/\/educaciondeadultos.cl\/web\/wp-json\/wp\/v2\/users\/1"}],"replies":[{"embeddable":true,"href":"http:\/\/educaciondeadultos.cl\/web\/wp-json\/wp\/v2\/comments?post=97"}],"version-history":[{"count":0,"href":"http:\/\/educaciondeadultos.cl\/web\/wp-json\/wp\/v2\/posts\/97\/revisions"}],"wp:featuredmedia":[{"embeddable":true,"href":"http:\/\/educaciondeadultos.cl\/web\/wp-json\/wp\/v2\/media\/95"}],"wp:attachment":[{"href":"http:\/\/educaciondeadultos.cl\/web\/wp-json\/wp\/v2\/media?parent=97"}],"wp:term":[{"taxonomy":"category","embeddable":true,"href":"http:\/\/educaciondeadultos.cl\/web\/wp-json\/wp\/v2\/categories?post=97"},{"taxonomy":"post_tag","embeddable":true,"href":"http:\/\/educaciondeadultos.cl\/web\/wp-json\/wp\/v2\/tags?post=97"}],"curies":[{"name":"wp","href":"https:\/\/api.w.org\/{rel}","templated":true}]}}