{"id":91,"date":"2014-10-22T02:09:42","date_gmt":"2014-10-22T05:09:42","guid":{"rendered":"http:\/\/educaciondeadultos.cl\/web\/2014\/10\/22\/el-enfoque-de-capacidades-como-paradigma-para-renovar-la-educacion-de-adultos\/"},"modified":"2014-10-22T02:09:42","modified_gmt":"2014-10-22T05:09:42","slug":"el-enfoque-de-capacidades-como-paradigma-para-renovar-la-educacion-de-adultos","status":"publish","type":"post","link":"http:\/\/educaciondeadultos.cl\/web\/2014\/10\/22\/el-enfoque-de-capacidades-como-paradigma-para-renovar-la-educacion-de-adultos\/","title":{"rendered":"El \u201cenfoque de capacidades\u201d como paradigma para renovar la educaci\u00f3n de adultos"},"content":{"rendered":"<p><img loading=\"lazy\" decoding=\"async\" class=\" size-full wp-image-90\" src=\"http:\/\/educaciondeadultos.cl\/web\/wp-content\/uploads\/2014\/10\/3ddc7c1342202ff1939ae99b11098ec6.jpg\" alt=\"\" width=\"557\" height=\"371\" srcset=\"http:\/\/educaciondeadultos.cl\/web\/wp-content\/uploads\/2014\/10\/3ddc7c1342202ff1939ae99b11098ec6.jpg 557w, http:\/\/educaciondeadultos.cl\/web\/wp-content\/uploads\/2014\/10\/3ddc7c1342202ff1939ae99b11098ec6-300x200.jpg 300w\" sizes=\"auto, (max-width: 557px) 100vw, 557px\" \/><\/p>\n<p style=\"text-align: justify;\">Educaci\u00f3n para la Autonom\u00eca<\/p>\n<p style=\"text-align: justify;\">El estudio \u201c<a href=\"http:\/\/www.revistahumanum.org\/revista\/el-papel-de-la-educacion-en-la-formacion-del-bienestar-subjetivo-para-el-desarrollo-humano\/\" target=\"_blank\">El papel de la educaci\u00f3n en la formaci\u00f3n del bienestar subjetivo para el desarrollo humano. Una revisi\u00f3n al caso chileno<\/a>\u201d,\u00a0<strong>busca conocer cu\u00e1n incorporada est\u00e1, en la oferta educativa chilena, la formaci\u00f3n de capacidades clave para el bienestar subjetivo<\/strong>\u00a0y cu\u00e1n pertinente es incorporar la formaci\u00f3n de \u00e9stas en el quehacer de la educaci\u00f3n formal. Para ello analiza el curriculum escolar, consulta a expertos en educaci\u00f3n y encuesta a estudiantes.\u00a0<\/p>\n<p style=\"text-align: justify;\">Tomando como referente el IDH 2012, el estudio reconoce\u00a0<strong><a href=\"http:\/\/www.revistahumanum.org\/revista\/wp-content\/uploads\/2014\/10\/Once-capacidades-DH.jpg\" target=\"_blank\">once capacidades<\/a>\u00a0<\/strong>que se asocian a la posibilidad de experimentar bienestar subjetivo y sentir satisfacci\u00f3n con uno mismo y su entorno social: \u201cgozar de una buena salud\u201d, \u201ctener cubiertas las necesidades f\u00edsicas y materiales b\u00e1sicas\u201d, \u201cestar bien con uno mismo y tener vida interior\u201d, \u201csentirse seguro y libre de amenazas\u201d, \u201cpoder participar e influir en la sociedad en que uno vive\u201d, \u201cpoder experimentar placer y emociones\u201d, \u201ctener v\u00ednculos significativos con los dem\u00e1s\u201d, \u201cser reconocido y respetado en dignidad y derechos\u201d, \u201cpoder conocer y comprender el mundo en el que se vive\u201d, \u201cpoder disfrutar y sentirse parte de la naturaleza\u201d y \u201ctener y desarrollar un proyecto de vida propio\u201d.<\/p>\n<p style=\"text-align: justify;\">As\u00ed el estudio revela que si bien todas las capacidades tienen alg\u00fan grado de resonancia en la oferta educativa, resulta especialmente parad\u00f3jico lo que acontece con la capacidad de \u201c<strong>tener y desarrollar un proyecto de vida propio<\/strong>\u201d, ya que si bien es considerada como una de las capacidades m\u00e1s propiamente escolares por los expertos, y los estudiantes demandan prioritariamente su abordaje,<strong>\u00a0el an\u00e1lisis curricular arroja que es la capacidad menos considerada en el curr\u00edculo chileno<\/strong>. Esto es m\u00e1s problem\u00e1tico cuando el propio IDH 2012 identifica que esta capacidad es central para experimentar bienestar subjetivo en la sociedad chilena.<\/p>\n<p style=\"text-align: justify;\">La idea que la educaci\u00f3n formal entregue herramientas que promuevan la definici\u00f3n de proyectos de vida por parte de los estudiantes, y en sentido m\u00e1s amplio, apoyen la \u201cformaci\u00f3n para la autonom\u00eda\u201d en ellos, aparece como necesaria en el contexto en que hoy nos movemos, m\u00e1s incierto y abierto que anta\u00f1o. En efecto, la misma OCDE ha se\u00f1alado recientemente en su proyecto DESECO (Definici\u00f3n y Selecci\u00f3n de Competencias Clave), que uno de los tres elementos clave de una educaci\u00f3n de calidad hoy es el\u00a0<em>conocimiento y gesti\u00f3n de s\u00ed mismo<\/em>. Adem\u00e1s, se considera que es la\u00a0<strong>escuela el espacio privilegiado para abordarlo ya que interviene en una etapa crucial de los sujetos en la que se comienzan a estructurar este tipo de definiciones<\/strong>. La misma idea de moratoria que fundamenta el rol de la instituci\u00f3n escolar es prueba de ello.<\/p>\n<p style=\"text-align: justify;\">Las demandas de la ciudadan\u00eda chilena por m\u00e1s y mejor educaci\u00f3n, tan bulladas en el \u00faltimo tiempo, dan cuenta de c\u00f3mo la educaci\u00f3n se configura como un pilar importante de los proyectos de vida y las trayectorias sociales que hoy se despliegan en la sociedad chilena. Pero la educaci\u00f3n no solo tiene un papel como productor de certificaciones que permiten cimentar proyectos de vida a trav\u00e9s de la empleabilidad, favoreciendo la integraci\u00f3n social y las trayectorias m\u00e1s o menos ascendentes; tambi\u00e9n debe jugar un rol importante en potenciar la capacidad requerida para definir, proyectar y planear el futuro. Esto en el fondo quiere decir de, \u201c<em>poseer libertad de elecci\u00f3n biogr\u00e1fica, racionalidad pr\u00e1ctica biogr\u00e1fica (capacidad de planificaci\u00f3n), optimismo vital (confianza en el futuro), la posibilidad de realizar actividades vitales desafiantes y significativas con el prop\u00f3sito de alcanzar la realizaci\u00f3n personal<\/em>.\u201d T\u00e9rminos en los cuales es\u00a0 definida esta capacidad en el IDH 2012.<\/p>\n<p style=\"text-align: justify;\"><strong>No cabe duda que ser capaz de reformular estrat\u00e9gicamente el proyecto de vida es hoy una\u00a0<a href=\"http:\/\/www.revistahumanum.org\/revista\/wp-content\/uploads\/2014\/10\/Once-capacidades-DH.jpg\" target=\"_blank\">capacidad\u00a0<\/a>muy relevante en t\u00e9rminos sociales<\/strong>. Sobretodo en una \u00e9poca marcada por la\u00a0<em>individuaci\u00f3n<\/em>, donde la autoproducci\u00f3n, autorregulaci\u00f3n y autorrealizaci\u00f3n de los sujetos se impone como un imperativo. \u00a0Desenvolverse bien en ella implica saber negociar activamente, saber enfrentar riesgos, pensar estrat\u00e9gicamente, y saber conciliar y reforzar los proyectos de vida. As\u00ed entendida la vida social, las personas muchas veces requieren innovar en la construcci\u00f3n biogr\u00e1fica y de esta forma los proyectos personales cobran especial importancia.<\/p>\n<p style=\"text-align: justify;\">No promover dicha capacidad\u00a0<strong>implicar\u00eda no s\u00f3lo formar sujetos menos agenciados y menos satisfechos con sus vidas, si no tambi\u00e9n desde el punto de vista del sistema social, probablemente con fr\u00e1giles o ineficientes decisiones vocacionales y laborales,<\/strong>\u00a0lo que tiene secuelas subjetivas (frustraci\u00f3n y malestar) y sist\u00e9micas (deserci\u00f3n y desempleo)<\/p>\n<p style=\"text-align: justify;\">El estudio presentado nos revela de manera precisa la importancia que tiene la educaci\u00f3n para el desarrollo humano, en tanto el rol de la educaci\u00f3n de dotar, formar y apoyar a las personas en la apropiaci\u00f3n de aquellas capacidades necesarias para hacerlas m\u00e1s aut\u00f3nomas y agentes de su propia vida.<\/p>\n<p>Autor: Jorge Castillo<\/p>\n<p>Fuente: http:\/\/<a href=\"http:\/\/www.revistahumanum.org\/blog\/educacion-para-la-autonomia\/\">www.revistahumanum.org\/blog\/educacion-para-la-autonomia<\/a>\/<\/p>\n","protected":false},"excerpt":{"rendered":"<p>Educaci\u00f3n para la Autonom\u00eca El estudio \u201cEl papel de la educaci\u00f3n en la formaci\u00f3n del bienestar subjetivo para el desarrollo humano. Una revisi\u00f3n al caso chileno\u201d,\u00a0busca conocer cu\u00e1n incorporada est\u00e1, en la oferta educativa chilena, la formaci\u00f3n de capacidades clave para el bienestar subjetivo\u00a0y cu\u00e1n pertinente es incorporar la formaci\u00f3n de \u00e9stas en el quehacer [&hellip;]<\/p>\n","protected":false},"author":1,"featured_media":90,"comment_status":"closed","ping_status":"closed","sticky":false,"template":"","format":"standard","meta":{"_et_pb_use_builder":"","_et_pb_old_content":"","_et_gb_content_width":"","_oasis_is_in_workflow":0,"_oasis_original":0,"footnotes":""},"categories":[45],"tags":[],"class_list":["post-91","post","type-post","status-publish","format-standard","has-post-thumbnail","hentry","category-event"],"_links":{"self":[{"href":"http:\/\/educaciondeadultos.cl\/web\/wp-json\/wp\/v2\/posts\/91","targetHints":{"allow":["GET"]}}],"collection":[{"href":"http:\/\/educaciondeadultos.cl\/web\/wp-json\/wp\/v2\/posts"}],"about":[{"href":"http:\/\/educaciondeadultos.cl\/web\/wp-json\/wp\/v2\/types\/post"}],"author":[{"embeddable":true,"href":"http:\/\/educaciondeadultos.cl\/web\/wp-json\/wp\/v2\/users\/1"}],"replies":[{"embeddable":true,"href":"http:\/\/educaciondeadultos.cl\/web\/wp-json\/wp\/v2\/comments?post=91"}],"version-history":[{"count":0,"href":"http:\/\/educaciondeadultos.cl\/web\/wp-json\/wp\/v2\/posts\/91\/revisions"}],"wp:featuredmedia":[{"embeddable":true,"href":"http:\/\/educaciondeadultos.cl\/web\/wp-json\/wp\/v2\/media\/90"}],"wp:attachment":[{"href":"http:\/\/educaciondeadultos.cl\/web\/wp-json\/wp\/v2\/media?parent=91"}],"wp:term":[{"taxonomy":"category","embeddable":true,"href":"http:\/\/educaciondeadultos.cl\/web\/wp-json\/wp\/v2\/categories?post=91"},{"taxonomy":"post_tag","embeddable":true,"href":"http:\/\/educaciondeadultos.cl\/web\/wp-json\/wp\/v2\/tags?post=91"}],"curies":[{"name":"wp","href":"https:\/\/api.w.org\/{rel}","templated":true}]}}