{"id":87,"date":"2014-10-14T14:22:09","date_gmt":"2014-10-14T17:22:09","guid":{"rendered":"http:\/\/educaciondeadultos.cl\/web\/2014\/10\/14\/derecho-a-la-educacion-nuevo-informe-pnud-y-unicef\/"},"modified":"2014-10-14T14:22:09","modified_gmt":"2014-10-14T17:22:09","slug":"derecho-a-la-educacion-nuevo-informe-pnud-y-unicef","status":"publish","type":"post","link":"http:\/\/educaciondeadultos.cl\/web\/2014\/10\/14\/derecho-a-la-educacion-nuevo-informe-pnud-y-unicef\/","title":{"rendered":"Derecho a la educaci\u00f3n. Nuevo informe PNUD y Unicef"},"content":{"rendered":"<p><img loading=\"lazy\" decoding=\"async\" class=\" size-full wp-image-86\" src=\"http:\/\/educaciondeadultos.cl\/web\/wp-content\/uploads\/2014\/10\/a786836489dab4f04d53706ec376ba50.jpg\" alt=\"\" width=\"581\" height=\"650\" srcset=\"http:\/\/educaciondeadultos.cl\/web\/wp-content\/uploads\/2014\/10\/a786836489dab4f04d53706ec376ba50.jpg 581w, http:\/\/educaciondeadultos.cl\/web\/wp-content\/uploads\/2014\/10\/a786836489dab4f04d53706ec376ba50-268x300.jpg 268w\" sizes=\"auto, (max-width: 581px) 100vw, 581px\" \/><\/p>\n<p class=\"entry-title\">Una nueva mirada para la educaci\u00f3n de adultos: Formar capacidades para el bienestar subjetivo ampl\u00eda el derecho a la \u201ceducaci\u00f3n durante toda la vida\u201d.<\/p>\n<p style=\"text-align: justify;\">A partir del estudio de PNUD y UNICEF \u201c<a href=\"http:\/\/www.revistahumanum.org\/revista\/el-papel-de-la-educacion-en-la-formacion-del-bienestar-subjetivo-para-el-desarrollo-humano\/\" target=\"_blank\">El papel de la educaci\u00f3n en la formaci\u00f3n del bienestar subjetivo para el desarrollo humano. Una revisi\u00f3n al caso chileno<\/a>\u201d\u00a0 es posible<strong>\u00a0afirmar que formar capacidades para el bienestar subjetivo fortalece el derecho a la educaci\u00f3n<\/strong>.<\/p>\n<p style=\"text-align: justify;\">En efecto, de acuerdo a la concepci\u00f3n detr\u00e1s del estudio, cuando las personas pueden desarrollar el conjunto de capacidades que hacen m\u00e1s probable y m\u00e1s factible el bienestar subjetivo, es m\u00e1s probable tambi\u00e9n que\u00a0<strong>ampl\u00eden el ejercicio de los derechos ya que se ponen en un posici\u00f3n de utilizar mejor los servicios disponibles<\/strong>,\u00a0 de hacerlo en t\u00e9rminos que fortalezca su propio desarrollo y exigir m\u00e1s que los Estados garanticen el ejercicio de los derechos humanos, especialmente en el caso de aquellos pa\u00edses, como Chile, que han ratificado tratados internacionales como el Pacto de Derechos Econ\u00f3micos Sociales y Culturales o la Convenci\u00f3n sobre los Derechos del Ni\u00f1o.<\/p>\n<p style=\"text-align: justify;\"><span style=\"line-height: 1.3em;\">C\u00f3mo conseguir que esto suceda es una cuesti\u00f3n de la m\u00e1xima relevancia, por eso que apreciar el modo en que el sistema escolar est\u00e1 o no formando capacidades para el bienestar subjetivo resulta tan significativo.<\/span><\/p>\n<h2 class=\"entry-title\" style=\"text-align: justify;\"><span style=\"font-family: Tahoma, Helvetica, Arial, sans-serif; font-size: 12px; line-height: 1.3em;\">Aqu\u00ed radica el primer aporte clave del estudio,\u00a0<\/span><strong style=\"font-family: Tahoma, Helvetica, Arial, sans-serif; font-size: 12px; line-height: 1.3em;\">intentar establecer una m\u00e9trica que permita ponderar el grado de presencia de estas preocupaciones en el marco en que la escuela chilena se desenvuelve<\/strong><span style=\"font-family: Tahoma, Helvetica, Arial, sans-serif; font-size: 12px; line-height: 1.3em;\">.<\/span><\/h2>\n<p style=\"text-align: justify;\">Los resultados nos muestran que existe consistencia entre las \u2018preocupaciones\u2019 educativas y el desaf\u00edo de formar\u00a0<a href=\"http:\/\/www.revistahumanum.org\/revista\/wp-content\/uploads\/2014\/10\/Once-capacidades-DH.jpg\" target=\"_blank\">capacidades\u00a0<\/a>para el bienestar subjetivo, esta consistencia se articula en torno a la idea de educaci\u00f3n integral.\u00a0 Tambi\u00e9n nos muestran que esa consistencia no llega a afectar decididamente las pol\u00edticas que estructuran y condicionan cotidianamente la vida de la escuela chilena.<\/p>\n<p style=\"text-align: justify;\">En este sentido, la revisi\u00f3n del curriculum y los instrumentos que potencian la factibilidad de su implementaci\u00f3n (tiempo en el programa de estudios, evaluaci\u00f3n, textos y metas de pol\u00edtica entre otros)\u00a0 muestra que lo integral se tensiona con la centralidad que algunas asignaturas \u2013y algunos conocimientos dentro de esas asignaturas- tienen, de donde, esa alta consistencia inicial se diluye un poco al nivel de la implementaci\u00f3n curricular y a\u00fan m\u00e1s a nivel de la pr\u00e1ctica escolar.<\/p>\n<p style=\"text-align: justify;\">Un segundo resultado relevante es la\u00a0<strong>identificaci\u00f3n de aquellas<a href=\"http:\/\/www.revistahumanum.org\/revista\/wp-content\/uploads\/2014\/10\/Once-capacidades-DH.jpg\" target=\"_blank\">capacidades\u00a0<\/a>cuyo desarrollo es m\u00e1s prioritariamente una tarea del sistema escolar<\/strong>: \u201cpoder conocer y comprender el mundo\u201d, \u201cpoder participar e influir en la sociedad en que uno vive\u201d, \u201cser reconocido y respetado en dignidad y derechos\u201d y \u201ctener y desarrollar un proyecto de vida propio\u201d.<\/p>\n<p style=\"text-align: justify;\">Si bien el desarrollo de estas capacidades es un desaf\u00edo de la escuela, solo dos de ellas est\u00e1n vinculadas a aquella \u00e1reas del curriculum que presenta mejores condiciones de factibilidad para desplegarse, en tanto una de ellas,\u00a0<strong>\u201ctener y desarrollar un proyecto de vida propio\u201d, es la capacidad con menos presencia y m\u00e1s bajas condiciones de factibilidad.<\/strong><\/p>\n<p style=\"text-align: justify;\">Estos resultados nos muestran, en definitiva que el desarrollo del bienestar subjetivo tiene clara resonancia en la cultura escolar, en el nivel de los prop\u00f3sitos, pero que en la escuela es muy dif\u00edcil sostener esfuerzos sistem\u00e1ticos por desplegarlas.<\/p>\n<p style=\"text-align: justify;\">\u00bfQu\u00e9 hacer? No es sencillo ampliar el repertorio de pr\u00e1cticas escolares ni despreciar los esfuerzos que han orientado las pol\u00edticas educativas, pero es necesario poner atenci\u00f3n a estos hallazgos e integrarlos en el intenso debate educativo actual de Chile, ya que claramente son parte de los desaf\u00edos que este la educaci\u00f3n chilena enfrenta, as\u00ed lo muestra el estudio.<\/p>\n<p style=\"text-align: justify;\">Una experiencia escolar orientada por el derecho a la educaci\u00f3n, que busca desarrollar el m\u00e1ximo potencial de cada cual, que entiende que el desarrollo de capacidades para el bienestar subjetivo, y una escuela que pone al sujeto en el centro de su quehacer, orient\u00e1ndose por el principio de inter\u00e9s superior del ni\u00f1o,<strong>no solo constituyen una contribuci\u00f3n a la formaci\u00f3n de ciudadanos m\u00e1s aut\u00f3nomos e integrales y al desarrollo de una mejor experiencia escolar. Es tambi\u00e9n una forma de ampliar el ejercicio del derecho a la educaci\u00f3n<\/strong>\u00a0de todos los ni\u00f1os y ni\u00f1as de Chile.<\/p>\n<p>Fuente: http:\/\/www.<a href=\"http:\/\/www.revistahumanum.org\/revista\/el-papel-de-la-educacion-en-la-formacion-del-bienestar-subjetivo-para-el-desarrollo-humano\/\">revistahumanum.org<\/a><\/p>\n","protected":false},"excerpt":{"rendered":"<p>Una nueva mirada para la educaci\u00f3n de adultos: Formar capacidades para el bienestar subjetivo ampl\u00eda el derecho a la \u201ceducaci\u00f3n durante toda la vida\u201d. A partir del estudio de PNUD y UNICEF \u201cEl papel de la educaci\u00f3n en la formaci\u00f3n del bienestar subjetivo para el desarrollo humano. Una revisi\u00f3n al caso chileno\u201d\u00a0 es posible\u00a0afirmar que [&hellip;]<\/p>\n","protected":false},"author":1,"featured_media":86,"comment_status":"closed","ping_status":"closed","sticky":false,"template":"","format":"standard","meta":{"_et_pb_use_builder":"","_et_pb_old_content":"","_et_gb_content_width":"","_oasis_is_in_workflow":0,"_oasis_original":0,"footnotes":""},"categories":[45],"tags":[],"class_list":["post-87","post","type-post","status-publish","format-standard","has-post-thumbnail","hentry","category-event"],"_links":{"self":[{"href":"http:\/\/educaciondeadultos.cl\/web\/wp-json\/wp\/v2\/posts\/87","targetHints":{"allow":["GET"]}}],"collection":[{"href":"http:\/\/educaciondeadultos.cl\/web\/wp-json\/wp\/v2\/posts"}],"about":[{"href":"http:\/\/educaciondeadultos.cl\/web\/wp-json\/wp\/v2\/types\/post"}],"author":[{"embeddable":true,"href":"http:\/\/educaciondeadultos.cl\/web\/wp-json\/wp\/v2\/users\/1"}],"replies":[{"embeddable":true,"href":"http:\/\/educaciondeadultos.cl\/web\/wp-json\/wp\/v2\/comments?post=87"}],"version-history":[{"count":0,"href":"http:\/\/educaciondeadultos.cl\/web\/wp-json\/wp\/v2\/posts\/87\/revisions"}],"wp:featuredmedia":[{"embeddable":true,"href":"http:\/\/educaciondeadultos.cl\/web\/wp-json\/wp\/v2\/media\/86"}],"wp:attachment":[{"href":"http:\/\/educaciondeadultos.cl\/web\/wp-json\/wp\/v2\/media?parent=87"}],"wp:term":[{"taxonomy":"category","embeddable":true,"href":"http:\/\/educaciondeadultos.cl\/web\/wp-json\/wp\/v2\/categories?post=87"},{"taxonomy":"post_tag","embeddable":true,"href":"http:\/\/educaciondeadultos.cl\/web\/wp-json\/wp\/v2\/tags?post=87"}],"curies":[{"name":"wp","href":"https:\/\/api.w.org\/{rel}","templated":true}]}}