{"id":85,"date":"2014-10-14T14:20:17","date_gmt":"2014-10-14T17:20:17","guid":{"rendered":"http:\/\/educaciondeadultos.cl\/web\/2014\/10\/14\/en-2020-en-chile-habra-casi-tantos-adultos-mayores-como-ninos\/"},"modified":"2014-10-14T14:20:17","modified_gmt":"2014-10-14T17:20:17","slug":"en-2020-en-chile-habra-casi-tantos-adultos-mayores-como-ninos","status":"publish","type":"post","link":"http:\/\/educaciondeadultos.cl\/web\/2014\/10\/14\/en-2020-en-chile-habra-casi-tantos-adultos-mayores-como-ninos\/","title":{"rendered":"En 2020 en Chile habr\u00e1 casi tantos adultos mayores como ni\u00f1os"},"content":{"rendered":"<p><img loading=\"lazy\" decoding=\"async\" class=\" size-full wp-image-84\" src=\"http:\/\/educaciondeadultos.cl\/web\/wp-content\/uploads\/2014\/10\/0060e62cf7c869b03300254ca743ee3c.jpg\" alt=\"\" width=\"220\" height=\"160\" \/><\/p>\n<p style=\"text-align: justify;\">Un documento dado a conocer ayer por la Organizaci\u00f3n Mundial de la Salud en el marco del D\u00eda Mundial del Adulto Mayor, se\u00f1ala que en 2050, el 22% de los habitantes del planeta tendr\u00e1 sobre 60 a\u00f1os y que 400 millones de personas tendr\u00e1n sobre los 80 a\u00f1os.<\/p>\n<p style=\"text-align: justify;\">La expansi\u00f3n de este rango etario en el globo tambi\u00e9n es un fen\u00f3meno que se replica en Chile. Seg\u00fan cifras del INE, el pr\u00f3ximo a\u00f1o el llamado Indice de Adultos Mayores, que mide cu\u00e1ntas personas de 60 o m\u00e1s a\u00f1os hay por cada 100 menores de 15 a\u00f1os llegar\u00e1 a 73, cifra que aumentar\u00e1 a 87,8 en 2020. Incluso, en la Regi\u00f3n de Valpara\u00edso, el \u00edndice llegar\u00e1 a los 103 en 2020\u00a0<strong><br \/><\/strong><\/p>\n<p style=\"text-align: justify;\">Daniela Thumala, sic\u00f3loga del Observatorio Social del Envejecimiento y la Vejez de la U. de Chile, explica que el proceso de envejecimiento en los pa\u00edses desarrollados fue paulatino y les permiti\u00f3 adecuarse a esta nueva realidad. En Chile est\u00e1 a la vuelta de la esquina y no queda mucho tiempo para prepararse. \u201cEsto nos plantea desaf\u00edos a todo nivel. En pol\u00edticas p\u00fablicas, por ejemplo, se debe asegurar que los adultos mayores se mantengan integrados en distintos niveles a la sociedad con acceso a la salud, educaci\u00f3n, participaci\u00f3n pol\u00edtica y justicia\u201d, se\u00f1ala.<\/p>\n<p style=\"text-align: justify;\">Precisamente, para la OMS, el r\u00e1pido envejecimiento de la poblaci\u00f3n presenta desaf\u00edos especiales y no s\u00f3lo en salud, sino tambi\u00e9n en el desarrollo de servicios y ambientes amigables con los mayores. Contar con entornos f\u00edsicos y sociales m\u00e1s amigables y reinventar las suposiciones que se tiene de la vejez para que las sociedades fomenten su participaci\u00f3n y visibilidad.<\/p>\n<p style=\"text-align: justify;\">Thumala comparte la mirada. Seg\u00fan ella, no todos los adultos mayores son dependientes, sino que en su mayor\u00eda son aut\u00f3nomos, pero en Chile todav\u00eda existe el concepto de que vejez es sin\u00f3nimo de achaque y deterioro y por lo mismo se discrimina, \u201csin tomar en cuenta que en alg\u00fan momento todos llegaremos a ser adultos mayores\u201d. La proyecci\u00f3n del INE se\u00f1ala que para el 2020 la esperanza de vida de los chilenos en promedio ser\u00e1 de 79,7 a\u00f1os: 77,3 para los hombres y 82,1 a\u00f1os para las mujeres.<\/p>\n<p style=\"text-align: justify;\">Otro \u00edndice del INE, llamado de Dependencia Demogr\u00e1fica, y que representa la cantidad de personas dependientes econ\u00f3micamente menores de 15 a\u00f1os y mayores de 60 por cada cien individuos entre 15 y 59 a\u00f1os, muestra que para el a\u00f1o 2020 habr\u00e1 58,8 menores de 15 y mayores de 60 por cada cien personas entre los 15 y 59 a\u00f1os.<\/p>\n<p style=\"text-align: justify;\">Thumala dice que la cantidad de personas que se podr\u00edan dedicar a atender a los adultos mayores con dependencia son cada vez menos. \u201cLa familia est\u00e1 cambiando, es m\u00e1s peque\u00f1a y la mujer ya no se queda en casa cuidando a los hijos, padres o suegros. Ella trabaja fuera de casa y es dif\u00edcil atender a los mayores en caso de que se vuelvan dependientes. La familia por s\u00ed misma no podr\u00e1 cumplir con el aseguramiento de la calidad de vida de los adultos mayores\u201d, dice.<\/p>\n<p style=\"text-align: justify;\">Ante eso, la clave, agrega, es la preparaci\u00f3n individual y familiar. \u201cHay que comenzar a pensar desde ya qu\u00e9 haremos cuando seamos mayores, despu\u00e9s de jubilar. Hay que tomar medidas de autocuidado, hay enfermedades que son cr\u00f3nicas a esa edad que se pueden prevenir, prepararnos para tener buenas habilidades sociales, establecer relaciones sociales que sean significativas en esa etapa\u201d.<\/p>\n<p style=\"text-align: justify;\">A juicio de Herminia Gonz\u00e1lvez, del Programa Interdisciplinario de Investigaci\u00f3n sobre Cuidados, Familia y Bienestar de la U. Alberto Hurtado, el aspecto sanitario de alguna manera se est\u00e1 cubriendo, pero falta todav\u00eda una mirada m\u00e1s sociocultural de los cuidados de este grupo en la que se considere no s\u00f3lo la dependencia de los adultos mayores, sino tambi\u00e9n sus tradicione y costumbres. \u201cLa mirada sociosanitaria es un reto y tiene que ver con un concepto de \u2018cuidadan\u00eda\u2019 que es autorreconocerse en una sociedad que pone la vida en el centro, en un sistema que todos somos dependientes en un mayor o menor grado de otros\u201d, se\u00f1ala. En esa visi\u00f3n, dice Gonz\u00e1lvez, el Estado debe ayudar a proveer esos recursos de cuidado cuando la familia no puede entregarlos.<\/p>\n<p>Fuente: http:\/\/<a href=\"http:\/\/www.latercera.com\/noticia\/tendencias\/2014\/10\/659-598336-9-en-2020-en-chile-habra-casi-tantos-adultos-mayores-como-ninos.shtml\">diario.latercera.com<\/a>\/<\/p>\n","protected":false},"excerpt":{"rendered":"<p>Un documento dado a conocer ayer por la Organizaci\u00f3n Mundial de la Salud en el marco del D\u00eda Mundial del Adulto Mayor, se\u00f1ala que en 2050, el 22% de los habitantes del planeta tendr\u00e1 sobre 60 a\u00f1os y que 400 millones de personas tendr\u00e1n sobre los 80 a\u00f1os. La expansi\u00f3n de este rango etario en [&hellip;]<\/p>\n","protected":false},"author":1,"featured_media":84,"comment_status":"closed","ping_status":"closed","sticky":false,"template":"","format":"standard","meta":{"_et_pb_use_builder":"","_et_pb_old_content":"","_et_gb_content_width":"","_oasis_is_in_workflow":0,"_oasis_original":0,"footnotes":""},"categories":[45],"tags":[],"class_list":["post-85","post","type-post","status-publish","format-standard","has-post-thumbnail","hentry","category-event"],"_links":{"self":[{"href":"http:\/\/educaciondeadultos.cl\/web\/wp-json\/wp\/v2\/posts\/85","targetHints":{"allow":["GET"]}}],"collection":[{"href":"http:\/\/educaciondeadultos.cl\/web\/wp-json\/wp\/v2\/posts"}],"about":[{"href":"http:\/\/educaciondeadultos.cl\/web\/wp-json\/wp\/v2\/types\/post"}],"author":[{"embeddable":true,"href":"http:\/\/educaciondeadultos.cl\/web\/wp-json\/wp\/v2\/users\/1"}],"replies":[{"embeddable":true,"href":"http:\/\/educaciondeadultos.cl\/web\/wp-json\/wp\/v2\/comments?post=85"}],"version-history":[{"count":0,"href":"http:\/\/educaciondeadultos.cl\/web\/wp-json\/wp\/v2\/posts\/85\/revisions"}],"wp:featuredmedia":[{"embeddable":true,"href":"http:\/\/educaciondeadultos.cl\/web\/wp-json\/wp\/v2\/media\/84"}],"wp:attachment":[{"href":"http:\/\/educaciondeadultos.cl\/web\/wp-json\/wp\/v2\/media?parent=85"}],"wp:term":[{"taxonomy":"category","embeddable":true,"href":"http:\/\/educaciondeadultos.cl\/web\/wp-json\/wp\/v2\/categories?post=85"},{"taxonomy":"post_tag","embeddable":true,"href":"http:\/\/educaciondeadultos.cl\/web\/wp-json\/wp\/v2\/tags?post=85"}],"curies":[{"name":"wp","href":"https:\/\/api.w.org\/{rel}","templated":true}]}}