{"id":81,"date":"2014-10-14T14:15:23","date_gmt":"2014-10-14T17:15:23","guid":{"rendered":"http:\/\/educaciondeadultos.cl\/web\/2014\/10\/14\/antecedentes-y-criterios-para-elaboracion-de-politicas-docentes\/"},"modified":"2014-10-14T14:15:23","modified_gmt":"2014-10-14T17:15:23","slug":"antecedentes-y-criterios-para-elaboracion-de-politicas-docentes","status":"publish","type":"post","link":"http:\/\/educaciondeadultos.cl\/web\/2014\/10\/14\/antecedentes-y-criterios-para-elaboracion-de-politicas-docentes\/","title":{"rendered":"Antecedentes y Criterios para Elaboraci\u00f3n de Pol\u00edticas Docentes"},"content":{"rendered":"<p><img loading=\"lazy\" decoding=\"async\" class=\" size-full wp-image-80\" src=\"http:\/\/educaciondeadultos.cl\/web\/wp-content\/uploads\/2014\/10\/6ef598b10d1539793d4ace8d8b7b613f.jpg\" alt=\"\" width=\"240\" height=\"311\" srcset=\"http:\/\/educaciondeadultos.cl\/web\/wp-content\/uploads\/2014\/10\/6ef598b10d1539793d4ace8d8b7b613f.jpg 240w, http:\/\/educaciondeadultos.cl\/web\/wp-content\/uploads\/2014\/10\/6ef598b10d1539793d4ace8d8b7b613f-232x300.jpg 232w\" sizes=\"auto, (max-width: 240px) 100vw, 240px\" \/><\/p>\n<p class=\"bodytext\">Este libro representa un importante producto de la \u201cEstrategia Regional sobre Docentes para Am\u00e9rica Latina y el Caribe\u201d de la UNESCO, inserta a su vez en la estrategia a nivel mundial, \u201cProfesores para una Educaci\u00f3n para Todos\u201d. En el desarrollo de esta estrategia regional y en la elaboraci\u00f3n del documento ha actuado como secretar\u00eda t\u00e9cnica un equipo del Centro de Estudios de Pol\u00edticas y Pr\u00e1cticas en Educaci\u00f3n (CEPPE) de la Universidad Cat\u00f3lica de Chile.<\/p>\n<p class=\"bodytext\">La publicaci\u00f3n tiene como objetivos formular un estado del arte y orientaciones para las pol\u00edticas docentes de los pa\u00edses de Am\u00e9rica Latina y el Caribe considerando las siguientes dimensiones: formaci\u00f3n inicial, formaci\u00f3n continua, carera docente e instituciones y procesos de las pol\u00edticas docentes.<\/p>\n<p class=\"bodytext\" style=\"text-align: justify;\">Para la elaboraci\u00f3n de este libro, la OREALC\/UNESCO Santiago defini\u00f3 un m\u00e9todo de trabajo basado tanto en la contribuci\u00f3n de expertos latinoamericanos en pol\u00edticas docentes, como en el aporte de ocho grupos nacionales de consulta y deliberaci\u00f3n de Argentina, Brasil, Chile, Colombia, Guatemala, M\u00e9xico, Per\u00fa y Trinidad y Tobago, constituidos por actores representativos de los \u00e1mbitos gubernamental, acad\u00e9mico y sindical docente. El resultado constituye el fruto de la interacci\u00f3n entre dos fuentes y tipos de conocimiento y criterios de acci\u00f3n: el especializado sobre la problem\u00e1tica docente a nivel regional, y el surgido de la experiencia de grupos nacionales al respecto.<\/p>\n<p style=\"text-align: justify;\">El texto permitir\u00e1 a quienes se preocupan de las pol\u00edticas hacia el sector docente \u2013 sea como decisores, estudiosos o actores educativos\u2013 disponer de informaci\u00f3n relevante, conocer los principales nudos cr\u00edticos que se enfrentan en sus distintas dimensiones y discutir los criterios generales y orientaciones que se proponen. Asimismo, los contenidos propuestos est\u00e1n destinados a contribuir a la generaci\u00f3n de discusiones contextualizadas a la realidad de cada pa\u00eds, entre los distintos actores de las pol\u00edticas educativas en los pa\u00edses de la regi\u00f3n con el prop\u00f3sito de avanzar hacia sistemas educativos que cuenten con los docentes bien preparados, comprometidos y socialmente reconocidos que requieren para asegurar calidad y equidad educativas.<\/p>\n<p style=\"text-align: justify;\">A su vez, el documento plantea dilemas y tensiones que invitan a profundizar la investigaci\u00f3n, reflexi\u00f3n y discusi\u00f3n de temas cruciales para dise\u00f1ar pol\u00edticas que permitan realizar transformaciones en pro de un fortalecimiento de la profesi\u00f3n docente, fundado en un mejoramiento de la formaci\u00f3n inicial y en servicio del profesorado, del trabajo docente, as\u00ed como respecto de las regulaciones y condiciones en que este se desarrolla.<\/p>\n<ul>\n<li><a href=\"http:\/\/unesdoc.unesco.org\/images\/0022\/002232\/223249S.pdf\" target=\"_top\">Descargue en PDF<\/a>\u00a0(5,01 Mb) \u2013\u00a0<a href=\"http:\/\/www.orealc.cl\/wp-content\/blogs.dir\/1\/files_mf\/politicasdocentesingles27082013.pdf\" target=\"_blank\">English version<\/a>\u00a0(4,45 Mb)<\/li>\n<\/ul>\n<p>Fuente: Publicaciones\u00a0<a href=\"http:\/\/portal.unesco.org\/geography\/es\/ev.php-URL_ID=16493&amp;URL_DO=DO_TOPIC&amp;URL_SECTION=201.html\">Unesco<\/a><\/p>\n","protected":false},"excerpt":{"rendered":"<p>Este libro representa un importante producto de la \u201cEstrategia Regional sobre Docentes para Am\u00e9rica Latina y el Caribe\u201d de la UNESCO, inserta a su vez en la estrategia a nivel mundial, \u201cProfesores para una Educaci\u00f3n para Todos\u201d. En el desarrollo de esta estrategia regional y en la elaboraci\u00f3n del documento ha actuado como secretar\u00eda t\u00e9cnica [&hellip;]<\/p>\n","protected":false},"author":1,"featured_media":80,"comment_status":"closed","ping_status":"closed","sticky":false,"template":"","format":"standard","meta":{"_et_pb_use_builder":"","_et_pb_old_content":"","_et_gb_content_width":"","_oasis_is_in_workflow":0,"_oasis_original":0,"footnotes":""},"categories":[45],"tags":[],"class_list":["post-81","post","type-post","status-publish","format-standard","has-post-thumbnail","hentry","category-event"],"_links":{"self":[{"href":"http:\/\/educaciondeadultos.cl\/web\/wp-json\/wp\/v2\/posts\/81","targetHints":{"allow":["GET"]}}],"collection":[{"href":"http:\/\/educaciondeadultos.cl\/web\/wp-json\/wp\/v2\/posts"}],"about":[{"href":"http:\/\/educaciondeadultos.cl\/web\/wp-json\/wp\/v2\/types\/post"}],"author":[{"embeddable":true,"href":"http:\/\/educaciondeadultos.cl\/web\/wp-json\/wp\/v2\/users\/1"}],"replies":[{"embeddable":true,"href":"http:\/\/educaciondeadultos.cl\/web\/wp-json\/wp\/v2\/comments?post=81"}],"version-history":[{"count":0,"href":"http:\/\/educaciondeadultos.cl\/web\/wp-json\/wp\/v2\/posts\/81\/revisions"}],"wp:featuredmedia":[{"embeddable":true,"href":"http:\/\/educaciondeadultos.cl\/web\/wp-json\/wp\/v2\/media\/80"}],"wp:attachment":[{"href":"http:\/\/educaciondeadultos.cl\/web\/wp-json\/wp\/v2\/media?parent=81"}],"wp:term":[{"taxonomy":"category","embeddable":true,"href":"http:\/\/educaciondeadultos.cl\/web\/wp-json\/wp\/v2\/categories?post=81"},{"taxonomy":"post_tag","embeddable":true,"href":"http:\/\/educaciondeadultos.cl\/web\/wp-json\/wp\/v2\/tags?post=81"}],"curies":[{"name":"wp","href":"https:\/\/api.w.org\/{rel}","templated":true}]}}