{"id":79,"date":"2014-10-14T14:03:49","date_gmt":"2014-10-14T17:03:49","guid":{"rendered":"http:\/\/educaciondeadultos.cl\/web\/2014\/10\/14\/carlos-eugenio-beca-priorizar-una-politica-que-mejore-la-calidad-de-la-docencia\/"},"modified":"2014-10-14T14:03:49","modified_gmt":"2014-10-14T17:03:49","slug":"carlos-eugenio-beca-priorizar-una-politica-que-mejore-la-calidad-de-la-docencia","status":"publish","type":"post","link":"http:\/\/educaciondeadultos.cl\/web\/2014\/10\/14\/carlos-eugenio-beca-priorizar-una-politica-que-mejore-la-calidad-de-la-docencia\/","title":{"rendered":"Carlos Eugenio Beca: Priorizar pol\u00edtica para calidad de la docencia"},"content":{"rendered":"<p><img loading=\"lazy\" decoding=\"async\" class=\" size-full wp-image-78\" src=\"http:\/\/educaciondeadultos.cl\/web\/wp-content\/uploads\/2014\/10\/9b8bb3eb74bd3cd97bb3679c60950d61.jpg\" alt=\"\" width=\"240\" height=\"203\" \/><\/p>\n<p class=\"bodytext\">En una conferencia centrada en la dignidad de la labor de los maestros y en los desaf\u00edos de la formaci\u00f3n y el trabajo docente en contextos de vulnerabilidad, Carlos Eugenio Beca, experto del Centro de Estudios de Pol\u00edticas y Pr\u00e1cticas Educativas (CEPPE)\u00a0y coordinador de la Secretar\u00eda T\u00e9cnica de la \u201cEstrategia Regional de Docentes de la UNESCO\u201d, inaugur\u00f3 el 23 de septiembre el VI Congreso Iberoamericano de Pedagog\u00eda.<\/p>\n<p class=\"bodytext\">El evento tuvo lugar en la Universidad Cat\u00f3lica Silva Henr\u00edquez de Santiago de Chile, y cont\u00f3 con el apoyo de la UNESCO. Hasta el jueves 25 de septiembre participaron en este encuentro expertos nacionales e internacionales, representantes del Ministerio de Educaci\u00f3n de Chile, entre otros asistentes.<\/p>\n<p class=\"bodytext\">En la conferencia inaugural del congreso, Beca se refiri\u00f3 a los nudos cr\u00edticos de la formaci\u00f3n inicial docente y los importantes desaf\u00edos que esta realidad plantea para garantizar a todos y todas una educaci\u00f3n de calidad y relevante, uno de los principales objetivos del trabajo de la Estrategia Regional de Docentes de la UNESCO. Para ello es necesario\u00a0<strong>\u201cpriorizar una pol\u00edtica que de verdad mejore la calidad de la docencia en todo el sistema educativo, lo que implica una mirada sist\u00e9mica y una decisi\u00f3n de invertir recursos acordes con la dimensi\u00f3n del problema\u201d,<\/strong>\u00a0indic\u00f3 el experto.<\/p>\n<p class=\"bodytext\"><strong>Puntos cr\u00edticos de la formaci\u00f3n docente en Am\u00e9rica Latina<\/strong><\/p>\n<p class=\"bodytext\" style=\"text-align: justify;\">Carlos Eugenio Beca aludi\u00f3 a temas cr\u00edticos emanados del Estado del Arte publicado por la Estrategia Regional de la UNESCO. Entre estos puntos, se\u00f1al\u00f3 la existencia de un bajo nivel de formaci\u00f3n en estudios pedag\u00f3gicos en Am\u00e9rica Latina y el Caribe; una d\u00e9bil calidad de los programas y procesos de formaci\u00f3n de profesores en la regi\u00f3n; como tambi\u00e9n la necesidad de que los formadores de maestros fortalezcan su experiencia y conocimiento de los contextos escolares.<\/p>\n<p class=\"bodytext\" style=\"text-align: justify;\">El Estado del Arte se\u00f1ala adem\u00e1s la necesidad de mejorar la preparaci\u00f3n de los profesores para lograr aprendizajes de grupos sociales desfavorecidos, dado que la formaci\u00f3n docente es m\u00e1s bien \u201cuniversalista\u201d. Tambi\u00e9n que existe una tensi\u00f3n entre la l\u00f3gica del conocimiento te\u00f3rico y del dominio de las herramientas pedag\u00f3gicas pr\u00e1cticas necesarias para la buena ense\u00f1anza. Otro punto cr\u00edtico es la insuficiente regulaci\u00f3n de los programas de formaci\u00f3n por parte del Estado, por lo cual la oferta de formaci\u00f3n docente en los pa\u00edses de la regi\u00f3n crece disociada de las necesidades del sistema escolar, sin acreditaci\u00f3n en la mayor\u00eda de los pa\u00edses por lo cual los futuros maestros no egresan con las competencias necesarias.<\/p>\n<p class=\"bodytext\" style=\"text-align: justify;\">Para enfrentar estos desaf\u00edos, la Estrategia Regional de Docentes de la UNESCO propone promover el ingreso de mejores candidatos a la docencia elevando el nivel de exigencias para ingresar a los estudios pedag\u00f3gicos; fortalecer la calidad de los programas de formaci\u00f3n docente; ofrecer una formaci\u00f3n de calidad pertinente para el trabajo educativo con grupos sociales desfavorecidos y asegurar sistemas apropiados de regulaci\u00f3n de la calidad de los programas de formaci\u00f3n y de quienes egresan de ellos.<\/p>\n<p class=\"bodytext\" style=\"text-align: justify;\">Todas estas orientaciones est\u00e1n acompa\u00f1adas por otras m\u00e1s relacionadas con la formaci\u00f3n y desarrollo profesional docente continuo, orientaciones de pol\u00edticas sobre carrera docente y del modo sobre c\u00f3mo se construyen y se implementan las pol\u00edticas educacionales en general y particularmente en relaci\u00f3n con el sector docente, con objetivos de mediano y largo plazo, participaci\u00f3n de los actores sociales en la generaci\u00f3n de estas pol\u00edticas p\u00fablicas que generen acuerdos s\u00f3lidos nacionales implementados por una institucionalidad p\u00fablica capaz de dise\u00f1ar, implementar, monitorear y evaluar estas pol\u00edticas.<\/p>\n<p class=\"bodytext\"><strong>M\u00e1s informaci\u00f3n:<\/strong><\/p>\n<ul>\n<li><a href=\"http:\/\/www.unesco.org\/new\/es\/santiago\/education\/teachers\/\">Area tem\u00e1tica de docentes<\/a>\u00a0(OREALC\/UNESCO Santiago)<\/li>\n<li><a href=\"http:\/\/www.politicasdocentesalc.com\/\" target=\"_blank\">Estrategia Regional de Docentes<\/a>\u00a0(CEPPE\/UNESCO)<\/li>\n<li>Publicaci\u00f3n\u00a0<a href=\"http:\/\/www.unesco.org\/new\/es\/santiago\/resources\/single-publication\/news\/antecedentes_y_criterios_para_elaboracion_de_politicas_docentes_en_america_latina_y_el_caribe\/#.UiTnyT-DlSo\">Antecedentes y criterios para elaboraci\u00f3n de pol\u00edticas docentes en Am\u00e9rica Latina y el Caribe<\/a>\u00a0(UNESCO)<\/li>\n<\/ul>\n<p>Fuente: \u00a0<a href=\"http:\/\/www.unesco.org\/new\/es\/media-services\/single-view\/news\/debemos_priorizar_una_politica_que_de_verdad_mejore_la_calidad_de_la_docencia_en_todo_el_sistema_educativo\/#.VD02evl5NqI\">www.unesco.org\/new\/es<\/a>\/<\/p>\n","protected":false},"excerpt":{"rendered":"<p>En una conferencia centrada en la dignidad de la labor de los maestros y en los desaf\u00edos de la formaci\u00f3n y el trabajo docente en contextos de vulnerabilidad, Carlos Eugenio Beca, experto del Centro de Estudios de Pol\u00edticas y Pr\u00e1cticas Educativas (CEPPE)\u00a0y coordinador de la Secretar\u00eda T\u00e9cnica de la \u201cEstrategia Regional de Docentes de la [&hellip;]<\/p>\n","protected":false},"author":1,"featured_media":78,"comment_status":"closed","ping_status":"closed","sticky":false,"template":"","format":"standard","meta":{"_et_pb_use_builder":"","_et_pb_old_content":"","_et_gb_content_width":"","_oasis_is_in_workflow":0,"_oasis_original":0,"footnotes":""},"categories":[45],"tags":[],"class_list":["post-79","post","type-post","status-publish","format-standard","has-post-thumbnail","hentry","category-event"],"_links":{"self":[{"href":"http:\/\/educaciondeadultos.cl\/web\/wp-json\/wp\/v2\/posts\/79","targetHints":{"allow":["GET"]}}],"collection":[{"href":"http:\/\/educaciondeadultos.cl\/web\/wp-json\/wp\/v2\/posts"}],"about":[{"href":"http:\/\/educaciondeadultos.cl\/web\/wp-json\/wp\/v2\/types\/post"}],"author":[{"embeddable":true,"href":"http:\/\/educaciondeadultos.cl\/web\/wp-json\/wp\/v2\/users\/1"}],"replies":[{"embeddable":true,"href":"http:\/\/educaciondeadultos.cl\/web\/wp-json\/wp\/v2\/comments?post=79"}],"version-history":[{"count":0,"href":"http:\/\/educaciondeadultos.cl\/web\/wp-json\/wp\/v2\/posts\/79\/revisions"}],"wp:featuredmedia":[{"embeddable":true,"href":"http:\/\/educaciondeadultos.cl\/web\/wp-json\/wp\/v2\/media\/78"}],"wp:attachment":[{"href":"http:\/\/educaciondeadultos.cl\/web\/wp-json\/wp\/v2\/media?parent=79"}],"wp:term":[{"taxonomy":"category","embeddable":true,"href":"http:\/\/educaciondeadultos.cl\/web\/wp-json\/wp\/v2\/categories?post=79"},{"taxonomy":"post_tag","embeddable":true,"href":"http:\/\/educaciondeadultos.cl\/web\/wp-json\/wp\/v2\/tags?post=79"}],"curies":[{"name":"wp","href":"https:\/\/api.w.org\/{rel}","templated":true}]}}