{"id":77,"date":"2014-10-14T14:01:20","date_gmt":"2014-10-14T17:01:20","guid":{"rendered":"http:\/\/educaciondeadultos.cl\/web\/2014\/10\/14\/educacion-durante-toda-la-vida-en-la-agenda-global-de-desarrollo-sostenible\/"},"modified":"2014-10-14T14:01:20","modified_gmt":"2014-10-14T17:01:20","slug":"educacion-durante-toda-la-vida-en-la-agenda-global-de-desarrollo-sostenible","status":"publish","type":"post","link":"http:\/\/educaciondeadultos.cl\/web\/2014\/10\/14\/educacion-durante-toda-la-vida-en-la-agenda-global-de-desarrollo-sostenible\/","title":{"rendered":"Educaci\u00f3n durante toda la vida en la Agenda Global de Desarrollo Sostenible"},"content":{"rendered":"<p><img loading=\"lazy\" decoding=\"async\" class=\" size-full wp-image-76\" src=\"http:\/\/educaciondeadultos.cl\/web\/wp-content\/uploads\/2014\/10\/b689fad0280b286c898256c8d3b6ee9e.jpg\" alt=\"\" width=\"290\" height=\"200\" \/><\/p>\n<p class=\"entry-title\" style=\"text-align: justify;\"><strong>CLADE y organizaciones de la sociedad civil realizan evento en la ONU con miras a poner la \u201ceducaci\u00f3n durante toda la vida\u201d en el centro de la agenda global de desarrollo sostenible.\u00a0<\/strong><\/p>\n<p class=\"entry-title\" style=\"text-align: justify;\">El encuentro, que se llama \u201cUn Mundo de Dignidad: la educaci\u00f3n en el centro del desarrollo sostenible\u201d tendr\u00e1 lugar el 23\/9, en el \u00e1mbito de la 69\u00aa Sesi\u00f3n de la Asamblea General de la ONU, celebrando tambi\u00e9n la exposici\u00f3n \u201cG\u00e9nesis\u201d, de Sebasti\u00e3o Salgado<\/p>\n<p style=\"text-align: justify;\">En el \u00e1mbito de la 69\u00aa Sesi\u00f3n de la Asamblea General de las Naciones Unidas,<a href=\"http:\/\/www.campaignforeducation.org\/en\/\" target=\"_blank\">Campa\u00f1a Mundial por la Educaci\u00f3n (CME)<\/a>, la\u00a0<a href=\"http:\/\/www.campanaderechoeducacion.org\/\" target=\"_blank\">Campa\u00f1a Latinoamericana por el Derecho a la Educaci\u00f3n (CLADE)<\/a>\u00a0y otras organizaciones aliadas realizan el 23 de septiembre la recepci\u00f3n\u00a0<em>Un Mundo de Dignidad: la educaci\u00f3n en el centro del desarrollo sostenible<\/em>. El encuentro, que tiene el objetivo de poner la educaci\u00f3n en el centro de la agenda de desarrollo sostenible post-2015, celebrar\u00e1 tambi\u00e9n la exposici\u00f3n\u00a0<em>G\u00e9nesis<\/em>, de Sebasti\u00e3o Salgado, en Nueva York.<\/p>\n<p style=\"text-align: justify;\">El a\u00f1o 2015 es la fecha l\u00edmite para alcanzar los Objetivos de Desarrollo del Milenio (ODM) y los Objetivos de la Educaci\u00f3n para Todos (EPT) propuestos por las Naciones Unidas y acordados por los Estados miembros en 2000. Teniendo en cuenta la proximidad de la fecha, la comunidad internacional ha decidido aceptar el desaf\u00edo de elaborar nuevos compromisos mundiales, capaces de garantizar el desarrollo sostenible a partir de 2015.<\/p>\n<p style=\"text-align: justify;\">En este contexto, la 69\u00aa Sesi\u00f3n de la Asamblea General de las Naciones Unidas, que se celebra en Nueva York del 16 al 29 de septiembre, es un hito fundamental para la definici\u00f3n de la nueva agenda internacional. \u201cEsperamos poder destacar la importancia que tiene la realizaci\u00f3n del derecho humano a la educaci\u00f3n para el desarrollo sostenible, la promoci\u00f3n de los dem\u00e1s derechos humanos y una vida digna para todos y todas\u201d, dice Camilla Croso, coordinadora general de la CLADE y presidenta de la CME.<\/p>\n<p style=\"text-align: justify;\">La recepci\u00f3n\u00a0<em>Un Mundo de Dignidad<\/em>\u00a0parte de esta mirada y establece un di\u00e1logo entre Estados miembros, agencias de la ONU y representantes de organizaciones sociales. El evento tiene lugar en medio a la exposicion\u00a0<em>G\u00e9nesis<\/em>, de Sebasti\u00e3o Salgado, en el Centro Internacional de Fotograf\u00eda. La muestra en si misma es parte del mensaje del encuentro: es un homenaje a la vida en el planeta, teniendo en cuenta la diversidad del medio ambiente natural y de las poblaciones existentes, as\u00ed como la relaci\u00f3n indisoluble que existe entre ellos. A trav\u00e9s de im\u00e1genes de belleza inigualable, la exposici\u00f3n expresa el valor de la vida misma y la diversidad ambiental y cultural, haciendo un llamado a la sostenibilidad y la preservaci\u00f3n de la vida en el planeta y al trato de los seres humanos como parte de la naturaleza.<\/p>\n<p style=\"text-align: justify;\">Con esta recepci\u00f3n, se pretende\u00a0incidir por la valoraci\u00f3n y la realizaci\u00f3n del derecho humano a la educaci\u00f3n en la nueva agenda de desarrollo, sensibilizando a las autoridades y a la sociedad en general sobre el potencial de las\u00a0relaciones entre el arte, la cultura y la educaci\u00f3n como punto de partida para la construcci\u00f3n de un nuevo modelo de desarrollo mundial, que priorice la\u00a0justicia social\u00a0con respeto a la naturaleza.<\/p>\n<p style=\"text-align: justify;\">Participar\u00e1n en la recepci\u00f3n la presidenta de la CME\u00a0y coordinadora general de la CLADE, Camilla Croso, el fot\u00f3grafo Sebasti\u00e3o Salgado,\u00a0Charlotte Slente,\u00a0Embajadora\u00a0de Estados Fr\u00e1giles del\u00a0Ministerio de Asuntos Exteriores de Dinamarca, Susan Hopgood, presidenta de la Internacional de la Educaci\u00f3n, Omar Abdi, Director Ejecutivo Adjunto de UNICEF, Vibeke Jensen, Director de la Oficina del Enlace en Nueva York\u00a0de la UNESCO, Villa Kulild, Director General de la Agencia Noruega para Cooperaci\u00f3n al Desarrollo (NORAD) y Alice Albright de la Alianza Mundial por la Educaci\u00f3n (GPE, por su acr\u00f3nimo en ingl\u00e9s), as\u00ed como un\u00a0representante de la Misi\u00f3n de Brasil en las Naciones Unidas.<\/p>\n<p>Fuente: <a href=\"http:\/\/www.campanaderechoeducacion.org\/participacion\/?p=1770\">http:\/\/www.campanaderechoeducacion.org<\/a>\/<\/p>\n","protected":false},"excerpt":{"rendered":"<p>CLADE y organizaciones de la sociedad civil realizan evento en la ONU con miras a poner la \u201ceducaci\u00f3n durante toda la vida\u201d en el centro de la agenda global de desarrollo sostenible.\u00a0 El encuentro, que se llama \u201cUn Mundo de Dignidad: la educaci\u00f3n en el centro del desarrollo sostenible\u201d tendr\u00e1 lugar el 23\/9, en el [&hellip;]<\/p>\n","protected":false},"author":1,"featured_media":76,"comment_status":"closed","ping_status":"closed","sticky":false,"template":"","format":"standard","meta":{"_et_pb_use_builder":"","_et_pb_old_content":"","_et_gb_content_width":"","_oasis_is_in_workflow":0,"_oasis_original":0,"footnotes":""},"categories":[45],"tags":[],"class_list":["post-77","post","type-post","status-publish","format-standard","has-post-thumbnail","hentry","category-event"],"_links":{"self":[{"href":"http:\/\/educaciondeadultos.cl\/web\/wp-json\/wp\/v2\/posts\/77","targetHints":{"allow":["GET"]}}],"collection":[{"href":"http:\/\/educaciondeadultos.cl\/web\/wp-json\/wp\/v2\/posts"}],"about":[{"href":"http:\/\/educaciondeadultos.cl\/web\/wp-json\/wp\/v2\/types\/post"}],"author":[{"embeddable":true,"href":"http:\/\/educaciondeadultos.cl\/web\/wp-json\/wp\/v2\/users\/1"}],"replies":[{"embeddable":true,"href":"http:\/\/educaciondeadultos.cl\/web\/wp-json\/wp\/v2\/comments?post=77"}],"version-history":[{"count":0,"href":"http:\/\/educaciondeadultos.cl\/web\/wp-json\/wp\/v2\/posts\/77\/revisions"}],"wp:featuredmedia":[{"embeddable":true,"href":"http:\/\/educaciondeadultos.cl\/web\/wp-json\/wp\/v2\/media\/76"}],"wp:attachment":[{"href":"http:\/\/educaciondeadultos.cl\/web\/wp-json\/wp\/v2\/media?parent=77"}],"wp:term":[{"taxonomy":"category","embeddable":true,"href":"http:\/\/educaciondeadultos.cl\/web\/wp-json\/wp\/v2\/categories?post=77"},{"taxonomy":"post_tag","embeddable":true,"href":"http:\/\/educaciondeadultos.cl\/web\/wp-json\/wp\/v2\/tags?post=77"}],"curies":[{"name":"wp","href":"https:\/\/api.w.org\/{rel}","templated":true}]}}