{"id":75,"date":"2014-10-14T13:57:24","date_gmt":"2014-10-14T16:57:24","guid":{"rendered":"http:\/\/educaciondeadultos.cl\/web\/2014\/10\/14\/tendencias-y-desafios-en-la-educacion-permanente\/"},"modified":"2014-10-14T13:57:24","modified_gmt":"2014-10-14T16:57:24","slug":"tendencias-y-desafios-en-la-educacion-permanente","status":"publish","type":"post","link":"http:\/\/educaciondeadultos.cl\/web\/2014\/10\/14\/tendencias-y-desafios-en-la-educacion-permanente\/","title":{"rendered":"Jos\u00e9 Rivero: Tendencias y desaf\u00edos en la educaci\u00f3n permanente"},"content":{"rendered":"<p><img loading=\"lazy\" decoding=\"async\" class=\" size-full wp-image-74\" src=\"http:\/\/educaciondeadultos.cl\/web\/wp-content\/uploads\/2014\/10\/6489cb4e35e6273902967d50b104e32a.jpg\" alt=\"\" width=\"400\" height=\"159\" srcset=\"http:\/\/educaciondeadultos.cl\/web\/wp-content\/uploads\/2014\/10\/6489cb4e35e6273902967d50b104e32a.jpg 400w, http:\/\/educaciondeadultos.cl\/web\/wp-content\/uploads\/2014\/10\/6489cb4e35e6273902967d50b104e32a-300x119.jpg 300w\" sizes=\"auto, (max-width: 400px) 100vw, 400px\" \/><\/p>\n<p class=\"entry-title\"><strong>Di\u00e1logo con Jos\u00e9 Rivero destacado especialista en educaci\u00f3n de adultos sobre las tendencias y desaf\u00edos en la educaci\u00f3n permanente en Am\u00e9rica Latina<\/strong><\/p>\n<p>El especialista en educaci\u00f3n de j\u00f3venes y adultos explica que en su origen los programas de alfabetizaci\u00f3n y educaci\u00f3n permanente fueron pensados para adultos y \u201clos j\u00f3venes llegan a ellos en la medida en que se encuentran con una secundaria que en la pr\u00e1ctica los expulsa. Los Estados deber\u00edan ser capaces de responder a esta demanda\u201d. En general, los usuarios de los programas de alfabetizaci\u00f3n suelen ser personas excluidas, pol\u00edticamente d\u00e9biles, con experiencias de vida que no son consideradas en los curr\u00edculos oficiales.<\/p>\n<ul class=\"attached_file_list\">\n<li class=\"attached_file_PDF\"><a href=\"http:\/\/www.siteal.iipe-oei.org\/sites\/default\/files\/siteal_dialogo_jose_rivero.pdf\">Di\u00e1logo con Jos\u00e9 Rivero. Tendencias y desaf\u00edos en la educaci\u00f3n permanente de j\u00f3venes y adultos en Am\u00e9rica Latina\u00a0[PDF, 788KB]<\/a><\/li>\n<\/ul>\n<p>Fuente: http:\/\/<a href=\"http:\/\/www.oei.es\/noticias\/spip.php?article14498&amp;debut_5ultimasOEI=70\">www.siteal.org\/debates<\/a><\/p>\n","protected":false},"excerpt":{"rendered":"<p>Di\u00e1logo con Jos\u00e9 Rivero destacado especialista en educaci\u00f3n de adultos sobre las tendencias y desaf\u00edos en la educaci\u00f3n permanente en Am\u00e9rica Latina El especialista en educaci\u00f3n de j\u00f3venes y adultos explica que en su origen los programas de alfabetizaci\u00f3n y educaci\u00f3n permanente fueron pensados para adultos y \u201clos j\u00f3venes llegan a ellos en la medida [&hellip;]<\/p>\n","protected":false},"author":1,"featured_media":74,"comment_status":"closed","ping_status":"closed","sticky":false,"template":"","format":"standard","meta":{"_et_pb_use_builder":"","_et_pb_old_content":"","_et_gb_content_width":"","_oasis_is_in_workflow":0,"_oasis_original":0,"footnotes":""},"categories":[45],"tags":[],"class_list":["post-75","post","type-post","status-publish","format-standard","has-post-thumbnail","hentry","category-event"],"_links":{"self":[{"href":"http:\/\/educaciondeadultos.cl\/web\/wp-json\/wp\/v2\/posts\/75","targetHints":{"allow":["GET"]}}],"collection":[{"href":"http:\/\/educaciondeadultos.cl\/web\/wp-json\/wp\/v2\/posts"}],"about":[{"href":"http:\/\/educaciondeadultos.cl\/web\/wp-json\/wp\/v2\/types\/post"}],"author":[{"embeddable":true,"href":"http:\/\/educaciondeadultos.cl\/web\/wp-json\/wp\/v2\/users\/1"}],"replies":[{"embeddable":true,"href":"http:\/\/educaciondeadultos.cl\/web\/wp-json\/wp\/v2\/comments?post=75"}],"version-history":[{"count":0,"href":"http:\/\/educaciondeadultos.cl\/web\/wp-json\/wp\/v2\/posts\/75\/revisions"}],"wp:featuredmedia":[{"embeddable":true,"href":"http:\/\/educaciondeadultos.cl\/web\/wp-json\/wp\/v2\/media\/74"}],"wp:attachment":[{"href":"http:\/\/educaciondeadultos.cl\/web\/wp-json\/wp\/v2\/media?parent=75"}],"wp:term":[{"taxonomy":"category","embeddable":true,"href":"http:\/\/educaciondeadultos.cl\/web\/wp-json\/wp\/v2\/categories?post=75"},{"taxonomy":"post_tag","embeddable":true,"href":"http:\/\/educaciondeadultos.cl\/web\/wp-json\/wp\/v2\/tags?post=75"}],"curies":[{"name":"wp","href":"https:\/\/api.w.org\/{rel}","templated":true}]}}