{"id":67,"date":"2014-09-17T01:28:11","date_gmt":"2014-09-17T04:28:11","guid":{"rendered":"http:\/\/educaciondeadultos.cl\/web\/2014\/09\/17\/seminario-situacion-jovenes-en-condiciones-de-vulnerabilidad\/"},"modified":"2014-09-17T01:28:11","modified_gmt":"2014-09-17T04:28:11","slug":"seminario-situacion-jovenes-en-condiciones-de-vulnerabilidad","status":"publish","type":"post","link":"http:\/\/educaciondeadultos.cl\/web\/2014\/09\/17\/seminario-situacion-jovenes-en-condiciones-de-vulnerabilidad\/","title":{"rendered":"Seminario situaci\u00f3n j\u00f3venes en condiciones de vulnerabilidad"},"content":{"rendered":"<p><img loading=\"lazy\" decoding=\"async\" class=\" size-full wp-image-66\" src=\"http:\/\/educaciondeadultos.cl\/web\/wp-content\/uploads\/2014\/09\/b3a54ecc0915f9347c3f53fa31d161fe.jpg\" alt=\"\" width=\"300\" height=\"200\" \/><\/p>\n<p class=\"entry-title\"><strong><span style=\"color: #888888;\"><span style=\"font-family: arial, helvetica, sans-serif; font-size: small;\">Directora de nuestro Programa Disciplinario de Educaci\u00f3n de Adultos participa en seminario sobre situaci\u00f3n de j\u00f3venes en condiciones de vulnerabilidad.<\/span><\/span><\/strong><\/p>\n<p>  <!--more-->  <\/p>\n<p style=\"text-align: justify;\">\u201cPrimer seminario contra el trabajo infantil y adolescente y por la protecci\u00f3n de los derechos del joven trabajador\u201d, es el nombre del encuentro\u00a0 que organiz\u00f3 la<strong>Secretar\u00eda Regional Ministerial del Trabajo y Previsi\u00f3n Social de la\u00a0 Regi\u00f3n de Valpara\u00edso<\/strong>, en conjunto con la\u00a0<strong>Facultad de Ciencias de la Educaci\u00f3n de la Universidad de Playa Ancha.<\/strong><\/p>\n<p style=\"text-align: justify;\">En el encuentro, que cont\u00f3 con la participaci\u00f3n de la\u00a0<strong>seremi del Trabajo Karen Medina,\u00a0<\/strong>quien salud\u00f3 a los presentes<strong>,\u00a0<\/strong>expuso la<strong>\u00a0Dra. Violeta Acu\u00f1a,<\/strong>acad\u00e9mica de nuestra casa de estudios, quien destac\u00f3 el valor de instancias donde se analice la situaci\u00f3n escolar de j\u00f3venes y adultos.<\/p>\n<p style=\"text-align: justify;\">La acad\u00e9mica, quien es especialista en educaci\u00f3n de adultos, dijo que era muy relevante que las distintas instituciones se congreguen en torno a la realidad que viven los j\u00f3venes en torno a la educaci\u00f3n.<\/p>\n<p style=\"text-align: justify;\"><a href=\"http:\/\/www.upla.cl\/noticias\/wp-content\/uploads\/2014\/08\/Violeta-Acu%C3%B1a.jpg\"><\/a>\u201cCelebro esta iniciativa, porque permite articular de mejor forma las acciones\u00a0 de los distintos servicios p\u00fablicos y las universidades, tendientes a abordar este importante tema\u201d, dijo la\u00a0<strong>Dra. Acu\u00f1a<\/strong>, quien se refiri\u00f3 al derecho a la educaci\u00f3n de los ni\u00f1os y j\u00f3venes hasta los 17 a\u00f1os.<\/p>\n<p style=\"text-align: justify;\">En el encuentro participaron adem\u00e1s,\u00a0<strong>Cristina Pavez,\u00a0 directora regional INJUV Regi\u00f3n Valpara\u00edso; Alejandra Nielsen, coordinadora regional Consejo Nacional de la Infancia Valpara\u00edso; y Juan Carlos Galdames, inspector provincial del Trabajo de San Antonio.<\/strong><\/p>\n","protected":false},"excerpt":{"rendered":"<p>Directora de nuestro Programa Disciplinario de Educaci\u00f3n de Adultos participa en seminario sobre situaci\u00f3n de j\u00f3venes en condiciones de vulnerabilidad.<\/p>\n","protected":false},"author":1,"featured_media":66,"comment_status":"closed","ping_status":"closed","sticky":false,"template":"","format":"standard","meta":{"_et_pb_use_builder":"","_et_pb_old_content":"","_et_gb_content_width":"","_oasis_is_in_workflow":0,"_oasis_original":0,"footnotes":""},"categories":[45],"tags":[],"class_list":["post-67","post","type-post","status-publish","format-standard","has-post-thumbnail","hentry","category-event"],"_links":{"self":[{"href":"http:\/\/educaciondeadultos.cl\/web\/wp-json\/wp\/v2\/posts\/67","targetHints":{"allow":["GET"]}}],"collection":[{"href":"http:\/\/educaciondeadultos.cl\/web\/wp-json\/wp\/v2\/posts"}],"about":[{"href":"http:\/\/educaciondeadultos.cl\/web\/wp-json\/wp\/v2\/types\/post"}],"author":[{"embeddable":true,"href":"http:\/\/educaciondeadultos.cl\/web\/wp-json\/wp\/v2\/users\/1"}],"replies":[{"embeddable":true,"href":"http:\/\/educaciondeadultos.cl\/web\/wp-json\/wp\/v2\/comments?post=67"}],"version-history":[{"count":0,"href":"http:\/\/educaciondeadultos.cl\/web\/wp-json\/wp\/v2\/posts\/67\/revisions"}],"wp:featuredmedia":[{"embeddable":true,"href":"http:\/\/educaciondeadultos.cl\/web\/wp-json\/wp\/v2\/media\/66"}],"wp:attachment":[{"href":"http:\/\/educaciondeadultos.cl\/web\/wp-json\/wp\/v2\/media?parent=67"}],"wp:term":[{"taxonomy":"category","embeddable":true,"href":"http:\/\/educaciondeadultos.cl\/web\/wp-json\/wp\/v2\/categories?post=67"},{"taxonomy":"post_tag","embeddable":true,"href":"http:\/\/educaciondeadultos.cl\/web\/wp-json\/wp\/v2\/tags?post=67"}],"curies":[{"name":"wp","href":"https:\/\/api.w.org\/{rel}","templated":true}]}}