{"id":62,"date":"2014-09-17T01:21:32","date_gmt":"2014-09-17T04:21:32","guid":{"rendered":"http:\/\/educaciondeadultos.cl\/web\/2014\/09\/17\/estudio-de-upla-aborda-aprendizaje-en-contextos-de-pobreza\/"},"modified":"2014-09-17T01:21:32","modified_gmt":"2014-09-17T04:21:32","slug":"estudio-de-upla-aborda-aprendizaje-en-contextos-de-pobreza","status":"publish","type":"post","link":"http:\/\/educaciondeadultos.cl\/web\/2014\/09\/17\/estudio-de-upla-aborda-aprendizaje-en-contextos-de-pobreza\/","title":{"rendered":"Estudio de UPLA aborda aprendizaje y pobreza"},"content":{"rendered":"<p><img loading=\"lazy\" decoding=\"async\" class=\" size-full wp-image-61\" src=\"http:\/\/educaciondeadultos.cl\/web\/wp-content\/uploads\/2014\/09\/3a4499a4c30d6f082d254099c90f2c24.jpg\" alt=\"\" width=\"300\" height=\"200\" \/><\/p>\n<p class=\"entry-title\"><strong><span style=\"font-family: arial, helvetica, sans-serif; font-size: small;\">Estudio de docente de la UPLA aborda creencias de los profesores sobre aprendizaje en contextos de pobreza.<\/span><\/strong><\/p>\n<p>  <!--more-->  <\/p>\n<div class=\"header-content\" style=\"text-align: justify;\"><span style=\"font-size: small; font-family: arial, helvetica, sans-serif;\">\u00a0<\/span><\/div>\n<div class=\"header-content\" style=\"text-align: justify;\"><span style=\"font-size: small; font-family: arial, helvetica, sans-serif;\">Actualmente, la ciencia no se hace en solitario. Los investigadores productivos son, normalmente, parte de equipos de investigaci\u00f3n, explica <\/span><\/div>\n<div class=\"header-content\" style=\"text-align: justify;\"><span style=\"font-size: small; font-family: arial, helvetica, sans-serif;\">el\u00a0<strong>Dr. Jorge Valenzuela, investigador del Centro de Estudios Avanzados (CEA) de la Universidad de Playa Ancha<\/strong>, quien forma parte<\/span><\/div>\n<div class=\"header-content\" style=\"text-align: justify;\"><span style=\"font-size: small; font-family: arial, helvetica, sans-serif;\"> de un grupo de estudio que ahonda sobre las Creencias, Motivaci\u00f3n y Aprendizaje.<\/span><\/div>\n<div class=\"container\">\n<div class=\"content\">\n<div class=\"post-inner\">\n<div class=\"entry\">\n<p style=\"text-align: justify;\"><span style=\"font-family: arial, helvetica, sans-serif; font-size: small; line-height: 1.3em;\">Junto con este equipo, compuesto por acad\u00e9micos de diversas universidades, han llevado a cabo una serie de investigaciones relacionadas<\/span><\/p>\n<p style=\"text-align: justify;\"><span style=\"font-size: small; font-family: arial, helvetica, sans-serif;\"> con las creencias y la motivaci\u00f3n de los profesores en contextos de pobreza.<\/span><\/p>\n<p style=\"text-align: justify;\"><span style=\"font-size: small; font-family: arial, helvetica, sans-serif;\">En el marco de uno de estos proyectos (Fondecyt 1120550), liderado por la\u00a0<strong>Dra. Viviana G\u00f3mez Nocetti de la Pontificia Universidad <\/strong><\/span><\/p>\n<p style=\"text-align: justify;\"><span style=\"font-size: small; font-family: arial, helvetica, sans-serif;\"><strong>Cat\u00f3lica de Chile, campus Villarrica<\/strong>, surge la necesidad de dar cuenta de lo que se sabe de las creencias de los profesores sobre el <\/span><\/p>\n<p style=\"text-align: justify;\"><span style=\"font-size: small; font-family: arial, helvetica, sans-serif;\">aprendizaje y relevar la importancia de este tema.<\/span><\/p>\n<p style=\"text-align: justify;\"><span style=\"font-family: arial, helvetica, sans-serif; font-size: small; line-height: 1.3em;\">Esta preocupaci\u00f3n da como resultado un art\u00edculo recientemente publicado en la<\/span><strong style=\"font-family: arial, helvetica, sans-serif; font-size: small; line-height: 1.3em;\">revista Perfiles Educativos<\/strong><span style=\"font-family: arial, helvetica, sans-serif; font-size: small; line-height: 1.3em;\">\u00a0que lleva como t\u00edtulo<\/span><\/p>\n<p style=\"text-align: justify;\"><span style=\"font-size: small; font-family: arial, helvetica, sans-serif;\">\u00a0<strong>\u201cCreencias y oportunidades de aprendizaje en la pr\u00e1ctica educativa en contextos de pobreza\u201d<\/strong>\u00a0(G\u00f3mez et al., 2014), que representa<\/span><\/p>\n<p style=\"text-align: justify;\"><span style=\"font-size: small; font-family: arial, helvetica, sans-serif;\"> \u201cun punto de referencia fundamental para ahondar con profundidad en esta tem\u00e1tica\u201d, recalc\u00f3 el profesor Valenzuela.<\/span><\/p>\n<p style=\"text-align: justify;\"><span style=\"font-size: small; font-family: arial, helvetica, sans-serif;\">\u201cMuchos docentes creen que el estudiante porque es mapuche, porque es pobre, porque es rural, no puede aprender. Este tipo de creencias <\/span><\/p>\n<p style=\"text-align: justify;\"><span style=\"font-size: small; font-family: arial, helvetica, sans-serif;\">sobre el aprendizaje est\u00e1n presentes en muchos profesores, y en muchos casos, de manera tan arraigada que ni siquiera son puestas en cuesti\u00f3n. <\/span><\/p>\n<p style=\"text-align: justify;\"><span style=\"font-size: small; font-family: arial, helvetica, sans-serif;\">Por lo tanto, es fundamental conocer sus caracter\u00edsticas y su alcance si queremos intervenir a ese nivel.<\/span><\/p>\n<p style=\"text-align: justify;\"><span style=\"font-size: small; font-family: arial, helvetica, sans-serif;\">\u201cVarias veces hemos escuchado afirmaciones en las cuales ciertas caracter\u00edsticas sociales o culturales son la etiqueta bajo la cual se <\/span><\/p>\n<p style=\"text-align: justify;\"><span style=\"font-size: small; font-family: arial, helvetica, sans-serif;\">esconden prejuicios que incluso llegan a imposibilitar que estos docentes visualicen como posible el despliegue de dispositivos pedag\u00f3gicos <\/span><\/p>\n<p style=\"text-align: justify;\"><span style=\"font-size: small; font-family: arial, helvetica, sans-serif;\">para que estos ni\u00f1os aprendan en el colegio, \u2018total, igual no aprenden\u2019, dicen muchos de ellos. Evidenciar estas creencias son el primer <\/span><\/p>\n<p style=\"text-align: justify;\"><span style=\"font-size: small; font-family: arial, helvetica, sans-serif;\">paso para el cambio\u201d, sentenci\u00f3 el investigador del CEA de la UPLA.<\/span><\/p>\n<p style=\"text-align: justify;\"><span style=\"font-size: small; font-family: arial, helvetica, sans-serif;\">El estudio de las creencias de los profesores es una tem\u00e1tica fundamental para poder abordar de manera seria la pr\u00e1ctica docente en <\/span><\/p>\n<p style=\"text-align: justify;\"><span style=\"font-size: small; font-family: arial, helvetica, sans-serif;\">contextos de vulnerabilidad. \u201cCreo que el trabajo de este equipo es un gran aporte a la educaci\u00f3n chilena. Evidentemente, hay mucho <\/span><\/p>\n<p style=\"text-align: justify;\"><span style=\"font-size: small; font-family: arial, helvetica, sans-serif;\">que estudiar y comprender todav\u00eda, pero es un importante punto de partida en la perspectiva de poder ofrecer mejores oportunidades de <\/span><\/p>\n<p style=\"text-align: justify;\"><span style=\"font-size: small; font-family: arial, helvetica, sans-serif;\">\u00e9xito escolar de los ni\u00f1os provenientes de contextos de pobreza\u201d, puntualiz\u00f3 el Dr. Valenzuela.<\/span><\/p>\n<p style=\"text-align: justify;\"><span style=\"font-size: small; font-family: arial, helvetica, sans-serif;\">Los autores de este art\u00edculo establecen que es fundamental conocer las creencias de los profesores respecto a las opciones de aprendizaje <\/span><\/p>\n<p style=\"text-align: justify;\"><span style=\"font-size: small; font-family: arial, helvetica, sans-serif;\">de sus estudiantes provenientes de sectores de pobreza desde el punto de vista de ser facilitadores u obstaculizadores de su futuro aprendizaje en lectura, <\/span><\/p>\n<p style=\"text-align: justify;\"><strong><span style=\"font-size: small; font-family: arial, helvetica, sans-serif;\">Escritura y matem\u00e1tica.<\/span><\/strong><\/p>\n<p style=\"text-align: justify;\"><span style=\"font-size: small; font-family: arial, helvetica, sans-serif;\">\u201cSi \u00e9stas son en su mayor parte facilitadoras, entonces la soluci\u00f3n ser\u00eda entregar el conjunto de estrategias relevantes para que los profesores <\/span><\/p>\n<p style=\"text-align: justify;\"><span style=\"font-size: small; font-family: arial, helvetica, sans-serif;\">lograran dichos aprendizajes en sus estudiantes. Sin embargo, si son obstaculizadoras estar\u00edamos ante el desaf\u00edo de provocar el cambio <\/span><\/p>\n<p style=\"text-align: justify;\"><span style=\"font-size: small; font-family: arial, helvetica, sans-serif;\">conceptual necesario para que desarrollen comprensiones facilitadoras del aprendizaje y as\u00ed asegurar que, una vez adquiridas las estrategias <\/span><\/p>\n<p style=\"text-align: justify;\"><span style=\"font-size: small; font-family: arial, helvetica, sans-serif;\">adecuadas, podr\u00e1n asegurar el \u00e9xito de todos sus estudiantes, incluidos los provenientes de contextos de pobreza\u201d, concluyen.<\/span><\/p>\n<p style=\"text-align: left;\"><strong>Referencias<\/strong><\/p>\n<p style=\"text-align: left;\">G\u00f3mez, V., Mu\u00f1oz, C., Silva Pe\u00f1a, I., Gonz\u00e1lez, M. P., Guerra, P., &amp; Valenzuela, J. (2014). Creencias y oportunidades de aprendizaje en la pr\u00e1ctica<\/p>\n<p style=\"text-align: left;\">educativa en contextos de pobreza. Perfiles Educativos, 36 (144), 173-188.<\/p>\n<p>El art\u00edculo completo puede revisarlo\u00a0<strong><a href=\"http:\/\/tinyurl.com\/articulo-creencias\">aqu\u00ed<\/a><\/strong>.<\/p>\n<\/p><\/div>\n<\/p><\/div>\n<\/p><\/div>\n<\/p><\/div>\n","protected":false},"excerpt":{"rendered":"<p>Estudio de docente de la UPLA aborda creencias de los profesores sobre aprendizaje en contextos de pobreza.<\/p>\n","protected":false},"author":1,"featured_media":61,"comment_status":"closed","ping_status":"closed","sticky":false,"template":"","format":"standard","meta":{"_et_pb_use_builder":"","_et_pb_old_content":"","_et_gb_content_width":"","_oasis_is_in_workflow":0,"_oasis_original":0,"footnotes":""},"categories":[45],"tags":[],"class_list":["post-62","post","type-post","status-publish","format-standard","has-post-thumbnail","hentry","category-event"],"_links":{"self":[{"href":"http:\/\/educaciondeadultos.cl\/web\/wp-json\/wp\/v2\/posts\/62","targetHints":{"allow":["GET"]}}],"collection":[{"href":"http:\/\/educaciondeadultos.cl\/web\/wp-json\/wp\/v2\/posts"}],"about":[{"href":"http:\/\/educaciondeadultos.cl\/web\/wp-json\/wp\/v2\/types\/post"}],"author":[{"embeddable":true,"href":"http:\/\/educaciondeadultos.cl\/web\/wp-json\/wp\/v2\/users\/1"}],"replies":[{"embeddable":true,"href":"http:\/\/educaciondeadultos.cl\/web\/wp-json\/wp\/v2\/comments?post=62"}],"version-history":[{"count":0,"href":"http:\/\/educaciondeadultos.cl\/web\/wp-json\/wp\/v2\/posts\/62\/revisions"}],"wp:featuredmedia":[{"embeddable":true,"href":"http:\/\/educaciondeadultos.cl\/web\/wp-json\/wp\/v2\/media\/61"}],"wp:attachment":[{"href":"http:\/\/educaciondeadultos.cl\/web\/wp-json\/wp\/v2\/media?parent=62"}],"wp:term":[{"taxonomy":"category","embeddable":true,"href":"http:\/\/educaciondeadultos.cl\/web\/wp-json\/wp\/v2\/categories?post=62"},{"taxonomy":"post_tag","embeddable":true,"href":"http:\/\/educaciondeadultos.cl\/web\/wp-json\/wp\/v2\/tags?post=62"}],"curies":[{"name":"wp","href":"https:\/\/api.w.org\/{rel}","templated":true}]}}