{"id":583,"date":"2017-11-23T04:13:27","date_gmt":"2017-11-23T07:13:27","guid":{"rendered":"http:\/\/educaciondeadultos.cl\/web\/2017\/11\/23\/ii-seminario-internacional-de-practicas-pedagogicas-en-contexto-de-encierro-2\/"},"modified":"2017-11-23T04:13:27","modified_gmt":"2017-11-23T07:13:27","slug":"ii-seminario-internacional-de-practicas-pedagogicas-en-contexto-de-encierro-2","status":"publish","type":"post","link":"http:\/\/educaciondeadultos.cl\/web\/2017\/11\/23\/ii-seminario-internacional-de-practicas-pedagogicas-en-contexto-de-encierro-2\/","title":{"rendered":"Analizan pr\u00e1cticas pedag\u00f3gicas en contextos de encierro"},"content":{"rendered":"<p><img loading=\"lazy\" decoding=\"async\" class=\" size-full wp-image-582\" src=\"http:\/\/educaciondeadultos.cl\/web\/wp-content\/uploads\/2017\/11\/7a1f84e37f4e5fce0f7ca56b70c7e49a.jpg\" alt=\"\" width=\"621\" height=\"960\" srcset=\"http:\/\/educaciondeadultos.cl\/web\/wp-content\/uploads\/2017\/11\/7a1f84e37f4e5fce0f7ca56b70c7e49a.jpg 621w, http:\/\/educaciondeadultos.cl\/web\/wp-content\/uploads\/2017\/11\/7a1f84e37f4e5fce0f7ca56b70c7e49a-194x300.jpg 194w\" sizes=\"auto, (max-width: 621px) 100vw, 621px\" \/><\/p>\n<p><img loading=\"lazy\" decoding=\"async\" class=\" alignright size-full wp-image-573\" src=\"http:\/\/educaciondeadultos.cl\/web\/wp-content\/uploads\/2017\/11\/aficgeseminarioeventonuevoliv.jpg\" border=\"0\" alt=\"\" width=\"388\" height=\"600\" style=\"float: right;\" srcset=\"http:\/\/educaciondeadultos.cl\/web\/wp-content\/uploads\/2017\/11\/aficgeseminarioeventonuevoliv.jpg 621w, http:\/\/educaciondeadultos.cl\/web\/wp-content\/uploads\/2017\/11\/aficgeseminarioeventonuevoliv-194x300.jpg 194w\" sizes=\"auto, (max-width: 388px) 100vw, 388px\" \/><\/p>\n<p><span style=\"color: #000000; font-family: 'times new roman', times; font-size: small;\">\u00a0 \u00a0Entre el 28 y 30 de noviembre pr\u00f3ximo, se realizar\u00e1 el\u00a0<strong style=\"font-size: 12.16px;\">II Seminario de Pr\u00e1cticas Pedag\u00f3gicas en Contextos de Vulneraci\u00f3n Social y Encierro<\/strong>, actividad que se desarrollar\u00e1 bajo la metodolog\u00eda de paneles expositivos y talleres pr\u00e1cticos.\u00a0<\/span><\/p>\n<p><span style=\"color: #000000; font-family: 'times new roman', times; font-size: small;\">Se trata de una encuentro que es organizado en forma conjunta por el\u00a0<strong>Programa Disciplinario de Educaci\u00f3n de Adultos de la UPLA,<\/strong>\u00a0el\u00a0<strong>Programa Transversal de Educaci\u00f3n de la Universidad de Chile<\/strong>\u00a0y el equipo de Investigaci\u00f3n del proyecto\u00a0<strong>Fondecyt N\u00ba 1170919,<\/strong>\u00a0 que busca recoger las distintas experiencias relativas a la ense\u00f1anza-aprendizaje en contextos de encierro.\u00a0<\/span><\/p>\n<p><span style=\"color: #000000; font-family: 'times new roman', times; font-size: small;\">De acuerdo al programa, abrir\u00e1 el seminario, el decano de la Facultad de Educaci\u00f3n,\u00a0<strong>Dr. Luis\u00a0Alberto\u00a0D\u00edaz<\/strong>;\u00a0 el coordinador acad\u00e9mico del\u00a0<strong>Centro de Estudios Avanzados,<\/strong>\u00a0 \u00a0<\/span><span style=\"color: #000000; font-family: 'times new roman', times; font-size: small;\"><strong>Dr.\u00a0Alexis\u00a0Candia<\/strong>;\u00a0<\/span><span style=\"color: #000000; font-family: 'times new roman', times; font-size: small;\">y la investigadora principal del Proyecto\u00a0<\/span><span style=\"color: #000000; font-family: 'times new roman', times; font-size: small;\">Fondecyt,\u00a0\u00a0<strong>Dra.\u00a0Marcela\u00a0Gaete<\/strong>. Tras ello\u00a0 se iniciar\u00e1n las exposiciones con el primer panel, integrado por las profesoras\u00a0<strong>Gladiz\u00a0Blazich<\/strong>, de la\u00a0<strong>Universidad del Nordeste, Argentina;<\/strong>\u00a0\u00a0<strong>\u00a0Violeta Acu\u00f1a<\/strong>, de la\u00a0<strong>Universidad de Playa Anch<\/strong>a;<strong>\u00a0\u00a0<\/strong>y\u00a0<strong>Cruz\u00a0\u00c1lvarez,\u00a0<\/strong>de la\u00a0<strong>Universidad\u00a0Blas\u00a0Pascal, C\u00f3rdoba, Argentina.<\/strong>\u00a0<\/span><\/p>\n<p><span style=\"color: #000000; font-family: 'times new roman', times; font-size: small;\">Posteriormente, se realizar\u00e1n cuatro talleres, en los cuales participar\u00e1n representantes de distintas organizaciones, tales como\u00a0<strong>Fundaci\u00f3n Tierra de Esperanza<\/strong>\u00a0y\u00a0<strong>Liceo de Adultos Herbert Vargas Wallis<\/strong>, entre otros.\u00a0<\/span><\/p>\n<p><span style=\"color: #000000; font-family: 'times new roman', times; font-size: small;\">La jornada del 28 de noviembre, que se realizar\u00e1 en la\u00a0<strong>Sala de Conferencias<\/strong>\u00a0de la Facultad de Ciencias de la Educaci\u00f3n, a partir de las 09.00 horas, concluir\u00e1 con un plenario, del cual se obtendr\u00e1n las conclusiones.\u00a0<\/span><\/p>\n<p><span style=\"color: #000000; font-family: 'times new roman', times; font-size: small;\">\u00a0 Las sesiones del 29 y 30 de noviembre, se desarrollar\u00e1n en el\u00a0<strong>Auditorio Periodista Jos\u00e9 Carrasco Tapia, \u00d1u\u00f1oa, Santiago.<\/strong>\u00a0<\/span><\/p>\n<p><span style=\"color: #000000; font-size: small; font-family: 'times new roman', times;\">Fuente. Upla Noticias\/ nov 2017<\/span><\/p>\n<p><span style=\"color: #000000;\">________________________<\/span><\/p>\n<p><span style=\"color: #000000; font-family: 'times new roman', times; font-size: small;\"><strong>El evento es gratuito y con certificaci\u00f3n para los ponentes y participantes.<\/strong><\/span><\/p>\n<div data-canvas-width=\"11.476464705882355\"><strong style=\"color: #000000; font-family: 'times new roman', times; font-size: small;\">Inscripciones:\u00a0<a href=\"https:\/\/docs.google.com\/forms\/d\/1vqYCuBeYGemyhTmKNQPNoHywqXZXxT-aTJ5BtTIImyo\/viewform?edit_requested=true\"><span style=\"color: #000000;\">\u00a0ir al siguiente link\u00a0<\/span><\/a><\/strong><\/div>\n<p><span style=\"color: #000000; font-family: 'times new roman', times; font-size: small;\"><strong>M\u00e1s informaciones del programa.<\/strong>\u00a0<span style=\"color: #000000;\">\u00a0<a href=\"http:\/\/www.upla.cl\/noticias\/wp-content\/uploads\/2017\/11\/Programa-actualizado-28-11-2017.pdf\"><strong>Ver aqu\u00ed<\/strong><\/a><\/span><strong><a href=\"http:\/\/www.upla.cl\/noticias\/wp-content\/uploads\/2017\/11\/Programa-actualizado-28-11-2017.pdf\">.<\/a>\u00a0<\/strong><\/span><\/p>\n<p><span style=\"color: #000000; font-family: 'times new roman', times; font-size: small;\">Fuente. Adaptaci\u00f3n textos convocatoria por edici\u00f3n web Edja &#8211; Upla. 6 de noviembre de 2017.<\/span><\/p>\n","protected":false},"excerpt":{"rendered":"<p>\u00a0 \u00a0Entre el 28 y 30 de noviembre pr\u00f3ximo, se realizar\u00e1 el\u00a0II Seminario de Pr\u00e1cticas Pedag\u00f3gicas en Contextos de Vulneraci\u00f3n Social y Encierro, actividad que se desarrollar\u00e1 bajo la metodolog\u00eda de paneles expositivos y talleres pr\u00e1cticos.\u00a0 Se trata de una encuentro que es organizado en forma conjunta por el\u00a0Programa Disciplinario de Educaci\u00f3n de Adultos de [&hellip;]<\/p>\n","protected":false},"author":1,"featured_media":582,"comment_status":"closed","ping_status":"closed","sticky":false,"template":"","format":"standard","meta":{"_et_pb_use_builder":"","_et_pb_old_content":"","_et_gb_content_width":"","_oasis_is_in_workflow":0,"_oasis_original":0,"footnotes":""},"categories":[45],"tags":[],"class_list":["post-583","post","type-post","status-publish","format-standard","has-post-thumbnail","hentry","category-event"],"_links":{"self":[{"href":"http:\/\/educaciondeadultos.cl\/web\/wp-json\/wp\/v2\/posts\/583","targetHints":{"allow":["GET"]}}],"collection":[{"href":"http:\/\/educaciondeadultos.cl\/web\/wp-json\/wp\/v2\/posts"}],"about":[{"href":"http:\/\/educaciondeadultos.cl\/web\/wp-json\/wp\/v2\/types\/post"}],"author":[{"embeddable":true,"href":"http:\/\/educaciondeadultos.cl\/web\/wp-json\/wp\/v2\/users\/1"}],"replies":[{"embeddable":true,"href":"http:\/\/educaciondeadultos.cl\/web\/wp-json\/wp\/v2\/comments?post=583"}],"version-history":[{"count":0,"href":"http:\/\/educaciondeadultos.cl\/web\/wp-json\/wp\/v2\/posts\/583\/revisions"}],"wp:featuredmedia":[{"embeddable":true,"href":"http:\/\/educaciondeadultos.cl\/web\/wp-json\/wp\/v2\/media\/582"}],"wp:attachment":[{"href":"http:\/\/educaciondeadultos.cl\/web\/wp-json\/wp\/v2\/media?parent=583"}],"wp:term":[{"taxonomy":"category","embeddable":true,"href":"http:\/\/educaciondeadultos.cl\/web\/wp-json\/wp\/v2\/categories?post=583"},{"taxonomy":"post_tag","embeddable":true,"href":"http:\/\/educaciondeadultos.cl\/web\/wp-json\/wp\/v2\/tags?post=583"}],"curies":[{"name":"wp","href":"https:\/\/api.w.org\/{rel}","templated":true}]}}