{"id":581,"date":"2017-11-01T13:25:00","date_gmt":"2017-11-01T16:25:00","guid":{"rendered":"http:\/\/educaciondeadultos.cl\/web\/2017\/11\/01\/edja-upla-en-primer-encuentro-de-tesistas-e-investigadores-en-tematicas-de-carcel-y-acceso-al-derechos-educativos-eitice\/"},"modified":"2017-11-01T13:25:00","modified_gmt":"2017-11-01T16:25:00","slug":"edja-upla-en-primer-encuentro-de-tesistas-e-investigadores-en-tematicas-de-carcel-y-acceso-al-derechos-educativos-eitice","status":"publish","type":"post","link":"http:\/\/educaciondeadultos.cl\/web\/2017\/11\/01\/edja-upla-en-primer-encuentro-de-tesistas-e-investigadores-en-tematicas-de-carcel-y-acceso-al-derechos-educativos-eitice\/","title":{"rendered":"Epja-Upla en \u00abPrimer encuentro de tesistas e investigadores en tem\u00e1ticas de c\u00e1rcel y acceso al derechos educativos EITICE."},"content":{"rendered":"<p><img loading=\"lazy\" decoding=\"async\" class=\" size-full wp-image-578\" src=\"http:\/\/educaciondeadultos.cl\/web\/wp-content\/uploads\/2017\/11\/ddfd8772d2ae484b79556a5a46a1d42a.jpg\" alt=\"\" width=\"960\" height=\"596\" srcset=\"http:\/\/educaciondeadultos.cl\/web\/wp-content\/uploads\/2017\/11\/ddfd8772d2ae484b79556a5a46a1d42a.jpg 960w, http:\/\/educaciondeadultos.cl\/web\/wp-content\/uploads\/2017\/11\/ddfd8772d2ae484b79556a5a46a1d42a-300x186.jpg 300w, http:\/\/educaciondeadultos.cl\/web\/wp-content\/uploads\/2017\/11\/ddfd8772d2ae484b79556a5a46a1d42a-768x477.jpg 768w\" sizes=\"auto, (max-width: 960px) 100vw, 960px\" \/><\/p>\n<p><span style=\"font-family: 'times new roman', times; font-size: small; color: #000000;\"><img loading=\"lazy\" decoding=\"async\" class=\" alignright size-full wp-image-579\" src=\"http:\/\/educaciondeadultos.cl\/web\/wp-content\/uploads\/2017\/11\/tandilunofin.jpg\" border=\"0\" alt=\"\" width=\"697\" height=\"433\" style=\"float: right;\" srcset=\"http:\/\/educaciondeadultos.cl\/web\/wp-content\/uploads\/2017\/11\/tandilunofin.jpg 960w, http:\/\/educaciondeadultos.cl\/web\/wp-content\/uploads\/2017\/11\/tandilunofin-300x186.jpg 300w, http:\/\/educaciondeadultos.cl\/web\/wp-content\/uploads\/2017\/11\/tandilunofin-768x477.jpg 768w\" sizes=\"auto, (max-width: 697px) 100vw, 697px\" \/>Tres ponencias del Equipo de Investigaci\u00f3n sobre Educaci\u00f3n en Contextos de Encierro\u00a0<\/span><span style=\"font-family: 'times new roman', times; font-size: small; color: #000000;\">que funciona al interior del Programa Disciplinario de Educaci\u00f3n de J\u00f3venes y Adultos, Epja-Upla, participaron en el\u00a0 \u00ab<strong>Primer encuentro de\u00a0tesistas\u00a0e investigadores en tem\u00e1ticas de c\u00e1rcel y acceso al derechos educativos, EITICE<\/strong>\u00ab,\u00a0 realizado durante los d\u00edas 10 y 11 de noviembre en la ciudad de\u00a0Tandil, Argentina.\u00a0<\/span><\/p>\n<p><span style=\"font-family: 'times new roman', times; font-size: small; color: #000000;\">Bajo la direcci\u00f3n de Violeta Acu\u00f1a, directora de Epja-Upla, este equipo de investigaci\u00f3n est\u00e1 constituido por profesionales investigadores del Programa Disciplinario de Educaci\u00f3n de Adultos y alumnos\u00a0tesistas\u00a0del Mag\u00edster de Educaci\u00f3n de Adultos impartido por el mismo programa.<\/span><\/p>\n<p><strong><span style=\"font-family: 'times new roman', times; font-size: small; color: #000000;\">Ponencias presentadas:\u00a0<\/span><\/strong><\/p>\n<p><span style=\"font-family: 'times new roman', times; font-size: small; color: #000000;\">a) \u00ab<strong>Educaci\u00f3n formal y no formal en las\u00a0\u00a0c\u00e1rceles de varones de la Regi\u00f3n Metropolitana, Chile<\/strong>\u00a0\u00ab. Investigaci\u00f3n de Violeta Acu\u00f1a, directora de Epja-Upla, junto a las acad\u00e9micas Marcela\u00a0Gaete\u00a0<\/span><span style=\"font-family: 'times new roman', times; font-size: small; color: #000000;\">\u00a0y\u00a0Marisol\u00a0Ram\u00edrez,\u00a0 ambas de la Universidad de Chile,\u00a0 en el marco de un proyecto de investigaci\u00f3n\u00a0FONDECYT.\u00a0<\/span><\/p>\n<p><span style=\"font-family: 'times new roman', times; font-size: small; color: #000000;\">b)\u00a0\u00ab<strong>Representaciones\u00a0sociales sobre educaci\u00f3n desde las percepciones de los internos del complejo penitenciario de\u00a0Valpara\u00edso, Chile<\/strong>\u00bb escrita por el alumno tesista Sebasti\u00e1n\u00a0Mu\u00f1oz\u00a0Fuentes.\u00a0<\/span><\/p>\n<p style=\"text-align: justify;\"><span style=\"font-family: 'times new roman', times; font-size: small; color: #000000;\"><img loading=\"lazy\" decoding=\"async\" class=\" alignleft size-full wp-image-580\" src=\"http:\/\/educaciondeadultos.cl\/web\/wp-content\/uploads\/2017\/11\/tandildosfin.jpg\" border=\"0\" alt=\"\" width=\"512\" height=\"288\" style=\"float: left;\" srcset=\"http:\/\/educaciondeadultos.cl\/web\/wp-content\/uploads\/2017\/11\/tandildosfin.jpg 960w, http:\/\/educaciondeadultos.cl\/web\/wp-content\/uploads\/2017\/11\/tandildosfin-300x169.jpg 300w, http:\/\/educaciondeadultos.cl\/web\/wp-content\/uploads\/2017\/11\/tandildosfin-768x432.jpg 768w\" sizes=\"auto, (max-width: 512px) 100vw, 512px\" \/>\u00a0<\/span><\/p>\n<p style=\"text-align: justify;\"><span style=\"font-family: 'times new roman', times; font-size: small; color: #000000;\"> c)<\/span><span style=\"font-family: 'times new roman', times; color: #000000; font-size: small;\"> \u00ab<strong>Desaf\u00edos de la Educaci\u00f3n de Adultos en la C\u00e1rcel de\u00a0Valpara\u00edso, Chile<\/strong>\u00a0\u00a0<strong>Levantamiento\u00a0de las primeras categor\u00edas en torno a las pr\u00e1cticas docentes en\u00a0 experiencia piloto de educaci\u00f3n superior<\/strong>.\u00bb \u00a0Primera parte de un trabajo de seguimiento y\u00a0acompa\u00f1amiento\u00a0que lleva adelante el Equipo de Investigaci\u00f3n en Contextos de Encierro\u00a0en la experiencia piloto de educaci\u00f3n superior que realiza\u00a0 el Instituto Tecnol\u00f3gico de la Universidad de Playa Ancha en la C\u00e1rcel de Valpara\u00edso <\/span><\/p>\n<p style=\"text-align: justify;\"><span style=\"font-family: 'times new roman', times; font-size: small; color: #000000;\">Cabe destacar que el Programa Epja-Upla fue parte de la\u00a0organizaci\u00f3n\u00a0de este evento, cuya segunda versi\u00f3n\u00a0 se realizar\u00e1 el pr\u00f3ximo a\u00f1o en Chile.<\/span><\/p>\n<p><span style=\"font-family: 'times new roman', times; font-size: small; color: #000000;\">Ver aqu\u00ed:\u00a0\u00a0<a href=\"https:\/\/www.flickr.com\/photos\/extensionunicen\/sets\/72157688280921571\/with\/38283907762\/\"><strong>m\u00e1s fotograf\u00edas de la actividad<\/strong>.<\/a><\/span><\/p>\n<p><span style=\"font-family: 'times new roman', times; font-size: small; color: #000000;\">Edici\u00f3n web Epja-Upla.<\/span><\/p>\n<p><span style=\"font-family: 'times new roman', times; font-size: small; color: #000000;\">15 noviembre 2017<\/span><\/p>\n<p>\u00a0<\/p>\n","protected":false},"excerpt":{"rendered":"<p>Tres ponencias del Equipo de Investigaci\u00f3n sobre Educaci\u00f3n en Contextos de Encierro\u00a0que funciona al interior del Programa Disciplinario de Educaci\u00f3n de J\u00f3venes y Adultos, Epja-Upla, participaron en el\u00a0 \u00abPrimer encuentro de\u00a0tesistas\u00a0e investigadores en tem\u00e1ticas de c\u00e1rcel y acceso al derechos educativos, EITICE\u00ab,\u00a0 realizado durante los d\u00edas 10 y 11 de noviembre en la ciudad de\u00a0Tandil, [&hellip;]<\/p>\n","protected":false},"author":1,"featured_media":578,"comment_status":"closed","ping_status":"closed","sticky":false,"template":"","format":"standard","meta":{"_et_pb_use_builder":"","_et_pb_old_content":"","_et_gb_content_width":"","_oasis_is_in_workflow":0,"_oasis_original":0,"footnotes":""},"categories":[45],"tags":[],"class_list":["post-581","post","type-post","status-publish","format-standard","has-post-thumbnail","hentry","category-event"],"_links":{"self":[{"href":"http:\/\/educaciondeadultos.cl\/web\/wp-json\/wp\/v2\/posts\/581","targetHints":{"allow":["GET"]}}],"collection":[{"href":"http:\/\/educaciondeadultos.cl\/web\/wp-json\/wp\/v2\/posts"}],"about":[{"href":"http:\/\/educaciondeadultos.cl\/web\/wp-json\/wp\/v2\/types\/post"}],"author":[{"embeddable":true,"href":"http:\/\/educaciondeadultos.cl\/web\/wp-json\/wp\/v2\/users\/1"}],"replies":[{"embeddable":true,"href":"http:\/\/educaciondeadultos.cl\/web\/wp-json\/wp\/v2\/comments?post=581"}],"version-history":[{"count":0,"href":"http:\/\/educaciondeadultos.cl\/web\/wp-json\/wp\/v2\/posts\/581\/revisions"}],"wp:featuredmedia":[{"embeddable":true,"href":"http:\/\/educaciondeadultos.cl\/web\/wp-json\/wp\/v2\/media\/578"}],"wp:attachment":[{"href":"http:\/\/educaciondeadultos.cl\/web\/wp-json\/wp\/v2\/media?parent=581"}],"wp:term":[{"taxonomy":"category","embeddable":true,"href":"http:\/\/educaciondeadultos.cl\/web\/wp-json\/wp\/v2\/categories?post=581"},{"taxonomy":"post_tag","embeddable":true,"href":"http:\/\/educaciondeadultos.cl\/web\/wp-json\/wp\/v2\/tags?post=581"}],"curies":[{"name":"wp","href":"https:\/\/api.w.org\/{rel}","templated":true}]}}