{"id":58,"date":"2014-09-17T01:19:35","date_gmt":"2014-09-17T04:19:35","guid":{"rendered":"http:\/\/educaciondeadultos.cl\/web\/2014\/09\/17\/encuentro-abre-dialogo-para-el-desarrollo-de-nuevas-politicas-de-educacion-de-adultos-en-chile\/"},"modified":"2014-09-17T01:19:35","modified_gmt":"2014-09-17T04:19:35","slug":"encuentro-abre-dialogo-para-el-desarrollo-de-nuevas-politicas-de-educacion-de-adultos-en-chile","status":"publish","type":"post","link":"http:\/\/educaciondeadultos.cl\/web\/2014\/09\/17\/encuentro-abre-dialogo-para-el-desarrollo-de-nuevas-politicas-de-educacion-de-adultos-en-chile\/","title":{"rendered":"Encuentro abre di\u00e1logo para el desarrollo de nuevas pol\u00edticas de educaci\u00f3n de adultos en Chile"},"content":{"rendered":"<p>El jueves 7 de agosto se realiza en Vi\u00f1a del Mar el Encuentro de Profesores de Educaci\u00f3n de J\u00f3venes y Adultos para una Educaci\u00f3n Inclusiva.<\/p>\n<p>El evento est\u00e1 organizado por nuestro Programa Disciplinario de Educaci\u00f3n de Adultos con la colaboraci\u00f3n de la Coordinaci\u00f3n de Educaci\u00f3n de Adultos de la Secretar\u00eda Regional Ministerial de la Regi\u00f3n de Valpara\u00edso.<\/p>\n<p>El Encuentro ser\u00e1 inaugurado por el Decano de la Facultad de Ciencias de la Educaci\u00f3n de la Universidad de Playa Ancha y contar\u00e1 con la presencia de la recientemente nombraba Coordinadora Nacional de Educaci\u00f3n de Adultos del MINEDUC Dra. Isabel Infante.<\/p>\n<p>Se desarrollar\u00e1n mesas de trabajos orientadas tanto a analizar diversas dimensiones de la educaci\u00f3n de j\u00f3venes y adultos como a plantear desaf\u00edos y acciones para generar un nuevo ciclo en las pol\u00edticas de \u201ceducaci\u00f3n durante toda la vida\u201d en Chile.<\/p>\n<p>Se abordar\u00e1n tem\u00e1ticas relacionadas con la formaci\u00f3n y profesionalizaci\u00f3n de los educadores-as de adultos; nuevas bases curriculares; respuestas a las demandas culturales , sociales y pedag\u00f3gicas del estudiantado de los centros educativos de adultos; alternativas de formaci\u00f3n de adultos post-secundarias ; la renovaci\u00f3n de la relaci\u00f3n educativa y did\u00e1ctica en la sociedad del conocimiento; la relaci\u00f3n de la educaci\u00f3n de adultos y el desarrollo comunitario y la formaci\u00f3n ciudadana; la educaci\u00f3n para la tercera y cuarta edad ; la educaci\u00f3n en contextos de encierro y en los programas de resinserci\u00f3n de j\u00f3venes infractores de ley, entre otras.<\/p>\n<p>Este evento forma parte de las actividades de nuestro Programa Disciplinario dirigido por la acad\u00e9mica de la UPLA Dra. Violeta Acu\u00f1a Collado<\/p>\n<p>En noviembre de este a\u00f1o se realizar\u00e1 un nuevo Encuentro-Seminario, esta vez de alcance internacional , co-organizado con el CREFAL, acerca de los giros que requieren las pol\u00edticas de educaci\u00f3n de adultos para dar sustentabilidad al ejercicio del derecho humano al aprendizaje durante todos los ciclos etarios de la vida humana.<\/p>\n","protected":false},"excerpt":{"rendered":"<p>El jueves 7 de agosto se realiza en Vi\u00f1a del Mar el Encuentro de Profesores de Educaci\u00f3n de J\u00f3venes y Adultos para una Educaci\u00f3n Inclusiva. El evento est\u00e1 organizado por nuestro Programa Disciplinario de Educaci\u00f3n de Adultos con la colaboraci\u00f3n de la Coordinaci\u00f3n de Educaci\u00f3n de Adultos de la Secretar\u00eda Regional Ministerial de la Regi\u00f3n [&hellip;]<\/p>\n","protected":false},"author":1,"featured_media":0,"comment_status":"closed","ping_status":"closed","sticky":false,"template":"","format":"standard","meta":{"_et_pb_use_builder":"","_et_pb_old_content":"","_et_gb_content_width":"","_oasis_is_in_workflow":0,"_oasis_original":0,"footnotes":""},"categories":[45],"tags":[],"class_list":["post-58","post","type-post","status-publish","format-standard","hentry","category-event"],"_links":{"self":[{"href":"http:\/\/educaciondeadultos.cl\/web\/wp-json\/wp\/v2\/posts\/58","targetHints":{"allow":["GET"]}}],"collection":[{"href":"http:\/\/educaciondeadultos.cl\/web\/wp-json\/wp\/v2\/posts"}],"about":[{"href":"http:\/\/educaciondeadultos.cl\/web\/wp-json\/wp\/v2\/types\/post"}],"author":[{"embeddable":true,"href":"http:\/\/educaciondeadultos.cl\/web\/wp-json\/wp\/v2\/users\/1"}],"replies":[{"embeddable":true,"href":"http:\/\/educaciondeadultos.cl\/web\/wp-json\/wp\/v2\/comments?post=58"}],"version-history":[{"count":0,"href":"http:\/\/educaciondeadultos.cl\/web\/wp-json\/wp\/v2\/posts\/58\/revisions"}],"wp:attachment":[{"href":"http:\/\/educaciondeadultos.cl\/web\/wp-json\/wp\/v2\/media?parent=58"}],"wp:term":[{"taxonomy":"category","embeddable":true,"href":"http:\/\/educaciondeadultos.cl\/web\/wp-json\/wp\/v2\/categories?post=58"},{"taxonomy":"post_tag","embeddable":true,"href":"http:\/\/educaciondeadultos.cl\/web\/wp-json\/wp\/v2\/tags?post=58"}],"curies":[{"name":"wp","href":"https:\/\/api.w.org\/{rel}","templated":true}]}}