{"id":574,"date":"2017-11-22T23:42:00","date_gmt":"2017-11-23T02:42:00","guid":{"rendered":"http:\/\/educaciondeadultos.cl\/web\/2017\/11\/22\/ii-seminario-internacional-de-practicas-pedagogicas-en-contexto-de-encierro\/"},"modified":"2017-11-22T23:42:00","modified_gmt":"2017-11-23T02:42:00","slug":"ii-seminario-internacional-de-practicas-pedagogicas-en-contexto-de-encierro","status":"publish","type":"post","link":"http:\/\/educaciondeadultos.cl\/web\/2017\/11\/22\/ii-seminario-internacional-de-practicas-pedagogicas-en-contexto-de-encierro\/","title":{"rendered":"II Seminario Internacional de Pr\u00e1cticas Pedag\u00f3gicas en Contexto de Encierro"},"content":{"rendered":"<p style=\"text-align: left;\"><span style=\"font-family: 'times new roman', times;\"><span style=\"font-family: 'times new roman', times; color: #000000;\"><img loading=\"lazy\" decoding=\"async\" class=\" alignright size-full wp-image-573\" src=\"http:\/\/educaciondeadultos.cl\/web\/wp-content\/uploads\/2017\/11\/aficgeseminarioeventonuevoliv.jpg\" border=\"0\" alt=\"\" width=\"605\" height=\"934\" style=\"float: right;\" srcset=\"http:\/\/educaciondeadultos.cl\/web\/wp-content\/uploads\/2017\/11\/aficgeseminarioeventonuevoliv.jpg 621w, http:\/\/educaciondeadultos.cl\/web\/wp-content\/uploads\/2017\/11\/aficgeseminarioeventonuevoliv-194x300.jpg 194w\" sizes=\"auto, (max-width: 605px) 100vw, 605px\" \/>Organizado por la Universidad de Chile, la Universidad de Playa Ancha y la Red Chilena de Pedagog\u00eda en Contextos de Encierro (RED PECE) se llevar\u00e1 a efecto el \u00abII <strong>Seminario Internacional de Pr\u00e1cticas Pedag\u00f3gicas en Contexto de Marginaci\u00f3n Social y Encierro\u00bb<\/strong>, durante los d\u00edas 28, 29 y 30 de noviembre del a\u00f1o en curso en dependencias de la Universidad de Playa Ancha y de la Universidad de Chile, contando con el patrocinio del Proyecto FONDECYT &#8211; N\u00b0 1170919.<\/span><\/span><\/p>\n<p><span style=\"font-family: 'times new roman', times;\"><strong>S<\/strong><span style=\"color: #000000;\">i bien esta actividad es\u00a0 una continuidad del\u00a0 primer encuentro, los organizadores\u00a0 han se\u00f1alado en su convocatoria que en esta oportunidad\u00a0 el objetivo principal ha sido m\u00e1s acotado, proponi\u00e9ndose relevar y dar mayor importancia a la pr\u00e1ctica de los proyectos formativos formales y no formales y los saberes did\u00e1cticos de educadores y educadoras que trabajan en contextos de encierro juvenil y de adultos. De esta forma, las actividades se centrar\u00e1n en las (micro) pr\u00e1cticas de aula a trav\u00e9s de la modalidad de Talleres de Saberes Did\u00e1cticos, donde se podr\u00e1 conocer, reflexionar y analizar desde la pedagog\u00eda del detalle (Baleato) las diversas experiencias de formaci\u00f3n de car\u00e1cter formal y no formal, adem\u00e1s de los paneles con expertos nacionales e internacionales que debatir\u00e1n acerca de las diversas propuestas pedag\u00f3gicas en contextos de privaci\u00f3n de libertad.\u00a0<\/span><\/span><\/p>\n<p><span style=\"font-family: 'times new roman', times;\"><span style=\"color: #000000;\">La primera jornada correspondiente al d\u00eda 28 de noviembre se realizar\u00e1 en dependencias de la Universidad de Playa Ancha de Valpara\u00edso<\/span><span style=\"color: #000000;\">, partiendo con las palabras de bienvenida por parte del Vicerrector\u00a0 de Investigaci\u00f3n, Posgrados e Innovaci\u00f3n, el Director de Investigaci\u00f3n de Upla y representantes del Mineduc y Red Pece. A continuaci\u00f3n se dar\u00e1 paso al Panel inaugural a cargo de las doctoras\u00a0 Gladiz Blazich de Argentina y Violeta Acu\u00f1a, directora del programa Edja-Upla.<\/span><span style=\"font-size: 12.16px;\">\u00a0<\/span><\/span><\/p>\n<p><span style=\"font-family: 'times new roman', times;\"><strong>Modalidades de trabajo:\u00a0<\/strong><\/span><\/p>\n<p><span style=\"color: #000000; font-family: 'times new roman', times;\"><strong>1. Paneles de discusi\u00f3n. <\/strong>Se realizan alrededor de una tem\u00e1tica con participaci\u00f3n de expertos nacionales e internacionales, quienes comparten resultados y avances de sus investigaciones, incluyendo al equipo de investigaci\u00f3n FONDECYT.<\/span><\/p>\n<p><span style=\"font-family: 'times new roman', times; color: #000000;\"><strong>2. Talleres de Saberes Did\u00e1cticos<\/strong>. Cada taller est\u00e1 a cargo de tres o cuatro educadores de educaci\u00f3n formal, no formal y formaci\u00f3n docente en contextos encierro, quienes comparten con los asistentes el desarrollo especifico de sus pr\u00e1cticas pedag\u00f3gicas en torno a tem\u00e1ticas como alfabetizaci\u00f3n, ense\u00f1anza de las asignaturas escolares, talleres no formales, formaci\u00f3n en oficio, entre otros. En los talleres los educadores comparten tambi\u00e9n material did\u00e1ctico, bibliograf\u00eda, entre otros recursos que permitan implementar la propuesta. Los asistentes, a su vez, tendr\u00e1n un espacio para reflexionar en grupos peque\u00f1os acerca de la posibilidad de adaptar dichas propuestas did\u00e1cticas a sus contextos.<\/span><\/p>\n<p><strong><span style=\"font-family: 'times new roman', times; font-size: small;\"><span style=\"color: #000000;\">El evento es gratuito y con certificaci\u00f3n para los ponentes y participantes<\/span>.<\/span><\/strong><\/p>\n<div data-canvas-width=\"11.476464705882355\"><span style=\"font-family: 'times new roman', times; font-size: 12.16px; color: #000000;\">___________________-<\/span><\/div>\n<p><span style=\"font-family: 'times new roman', times; font-size: 12.16px;\"><span style=\"color: #000000;\"><strong><span style=\"font-size: small;\">Inscripciones:\u00a0<\/span><span style=\"font-size: small;\"><a href=\"https:\/\/docs.google.com\/forms\/d\/1vqYCuBeYGemyhTmKNQPNoHywqXZXxT-aTJ5BtTIImyo\/viewform?edit_requested=true\"> ir al siguiente link\u00a0<\/a><\/span><\/strong><\/span><\/span><\/p>\n<p><span style=\"font-family: 'times new roman', times; font-size: 12.16px;\"><span style=\"color: #000000;\"><strong><span style=\"font-size: small;\">M\u00e1s informaciones del programa e inscripciones<\/span><\/strong><\/span>:\u00a0<\/span><a href=\"http:\/\/redpece.cl\/practicas-pedagogicas-en-contextos-de-marginacion\/\" style=\"font-family: 'times new roman', times; font-size: 12.16px;\">\u00a0<strong>Ver aqu\u00ed<\/strong><\/a><strong><span style=\"font-family: 'times new roman', times; font-size: 12.16px;\">.\u00a0<\/span><\/strong><\/p>\n<p><span style=\"font-family: 'times new roman', times;\">Fuente. Adaptaci\u00f3n textos convocatoria por edici\u00f3n web Edja &#8211; Upla. 6 de noviembre de 2017.<\/span><\/p>\n","protected":false},"excerpt":{"rendered":"<p>Organizado por la Universidad de Chile, la Universidad de Playa Ancha y la Red Chilena de Pedagog\u00eda en Contextos de Encierro (RED PECE) se llevar\u00e1 a efecto el \u00abII Seminario Internacional de Pr\u00e1cticas Pedag\u00f3gicas en Contexto de Marginaci\u00f3n Social y Encierro\u00bb, durante los d\u00edas 28, 29 y 30 de noviembre del a\u00f1o en curso en [&hellip;]<\/p>\n","protected":false},"author":1,"featured_media":573,"comment_status":"closed","ping_status":"closed","sticky":false,"template":"","format":"standard","meta":{"_et_pb_use_builder":"","_et_pb_old_content":"","_et_gb_content_width":"","_oasis_is_in_workflow":0,"_oasis_original":0,"footnotes":""},"categories":[45],"tags":[],"class_list":["post-574","post","type-post","status-publish","format-standard","has-post-thumbnail","hentry","category-event"],"_links":{"self":[{"href":"http:\/\/educaciondeadultos.cl\/web\/wp-json\/wp\/v2\/posts\/574","targetHints":{"allow":["GET"]}}],"collection":[{"href":"http:\/\/educaciondeadultos.cl\/web\/wp-json\/wp\/v2\/posts"}],"about":[{"href":"http:\/\/educaciondeadultos.cl\/web\/wp-json\/wp\/v2\/types\/post"}],"author":[{"embeddable":true,"href":"http:\/\/educaciondeadultos.cl\/web\/wp-json\/wp\/v2\/users\/1"}],"replies":[{"embeddable":true,"href":"http:\/\/educaciondeadultos.cl\/web\/wp-json\/wp\/v2\/comments?post=574"}],"version-history":[{"count":0,"href":"http:\/\/educaciondeadultos.cl\/web\/wp-json\/wp\/v2\/posts\/574\/revisions"}],"wp:featuredmedia":[{"embeddable":true,"href":"http:\/\/educaciondeadultos.cl\/web\/wp-json\/wp\/v2\/media\/573"}],"wp:attachment":[{"href":"http:\/\/educaciondeadultos.cl\/web\/wp-json\/wp\/v2\/media?parent=574"}],"wp:term":[{"taxonomy":"category","embeddable":true,"href":"http:\/\/educaciondeadultos.cl\/web\/wp-json\/wp\/v2\/categories?post=574"},{"taxonomy":"post_tag","embeddable":true,"href":"http:\/\/educaciondeadultos.cl\/web\/wp-json\/wp\/v2\/tags?post=574"}],"curies":[{"name":"wp","href":"https:\/\/api.w.org\/{rel}","templated":true}]}}