{"id":56,"date":"2014-09-17T01:16:29","date_gmt":"2014-09-17T04:16:29","guid":{"rendered":"http:\/\/educaciondeadultos.cl\/web\/2014\/09\/17\/importancia-de-la-educacion-de-adultos\/"},"modified":"2014-09-17T01:16:29","modified_gmt":"2014-09-17T04:16:29","slug":"importancia-de-la-educacion-de-adultos","status":"publish","type":"post","link":"http:\/\/educaciondeadultos.cl\/web\/2014\/09\/17\/importancia-de-la-educacion-de-adultos\/","title":{"rendered":"Importancia de la Educaci\u00f3n de Adultos"},"content":{"rendered":"<p class=\"entry-title\"><strong><span style=\"font-family: arial, helvetica, sans-serif; font-size: small;\">Directora del Programa de Educaci\u00f3n de Adultos de la UPLA releva importancia de esta modalidad educativa en Chile convocando a Encuentro de Docentes de J\u00f3venes y Adultos el 7 de agosto en Vi\u00f1a del Mar.<\/span><\/strong><\/p>\n<p>  <!--more-->  <\/p>\n<p><span style=\"line-height: 1.3em;\">En un contexto educacional que plantea diversos cambios en el corto y mediano plazo, el Programa Disciplinario de J\u00f3venes y Adultos de la Universidad de Playa Ancha ha organizado el Encuentro: \u201cHacia una educaci\u00f3n inclusiva de j\u00f3venes y adultos\u201d.<\/span><\/p>\n<p>La cita, abierta a estudiantes de pregrado, docentes y profesionales relacionados con las tem\u00e1ticas de educaci\u00f3n de j\u00f3venes y adultos de la Regi\u00f3n de Valpara\u00edso, se realizar\u00e1 el 7 de agosto, de 9.00 a 18.00 horas, en el Hotel O\u2019 Higgins de Vi\u00f1a del Mar.<\/p>\n<p>Su objetivo es poder contribuir a la construcci\u00f3n de diagn\u00f3sticos, an\u00e1lisis y reflexiones sobre esta modalidad educativa a fin de levantar informaci\u00f3n de base de lo que est\u00e1 ocurriendo con \u00e9ste \u00e1mbito hoy en d\u00eda.<\/p>\n<p>\u201cPara nosotros es importante que podamos relevar esta informaci\u00f3n, ponerla en discusi\u00f3n, alcanzar algunos acuerdos desde lo que opinan los docentes; desde lo que los afecta; sobre todo en momentos en que esta modalidad no es muy visible dentro de las pol\u00edticas actuales de educaci\u00f3n\u201d, recalc\u00f3 la Dra. Violeta Acu\u00f1a, directora del Programa Disciplinario de J\u00f3venes y Adultos de la UPLA.<\/p>\n<p>Durante la jornada, la investigadora de la Universidad Cat\u00f3lica del Sagrado Coraz\u00f3n de Mil\u00e1n, Alessandra Gargiulo Labriola, dictar\u00e1 la Clase Magistral \u201cProblem\u00e1ticas del aprendizaje en las personas j\u00f3venes y adultas en la sociedad de conocimiento\u201d.<\/p>\n<p>Posteriormente, se desarrollar\u00e1n ocho mesas de trabajo en que se analizar\u00e1 la relaci\u00f3n de la educaci\u00f3n de j\u00f3venes y adultos con adultos mayores; razones de la deserci\u00f3n del sistema educativo; j\u00f3venes infractores de ley; escuelas en contexto de encierro; inclusi\u00f3n en la reforma de las bases curriculares, entre otros temas.<\/p>\n","protected":false},"excerpt":{"rendered":"<p>Directora del Programa de Educaci\u00f3n de Adultos de la UPLA releva importancia de esta modalidad educativa en Chile convocando a Encuentro de Docentes de J\u00f3venes y Adultos el 7 de agosto en Vi\u00f1a del Mar.<\/p>\n","protected":false},"author":1,"featured_media":0,"comment_status":"closed","ping_status":"closed","sticky":false,"template":"","format":"standard","meta":{"_et_pb_use_builder":"","_et_pb_old_content":"","_et_gb_content_width":"","_oasis_is_in_workflow":0,"_oasis_original":0,"footnotes":""},"categories":[45],"tags":[],"class_list":["post-56","post","type-post","status-publish","format-standard","hentry","category-event"],"_links":{"self":[{"href":"http:\/\/educaciondeadultos.cl\/web\/wp-json\/wp\/v2\/posts\/56","targetHints":{"allow":["GET"]}}],"collection":[{"href":"http:\/\/educaciondeadultos.cl\/web\/wp-json\/wp\/v2\/posts"}],"about":[{"href":"http:\/\/educaciondeadultos.cl\/web\/wp-json\/wp\/v2\/types\/post"}],"author":[{"embeddable":true,"href":"http:\/\/educaciondeadultos.cl\/web\/wp-json\/wp\/v2\/users\/1"}],"replies":[{"embeddable":true,"href":"http:\/\/educaciondeadultos.cl\/web\/wp-json\/wp\/v2\/comments?post=56"}],"version-history":[{"count":0,"href":"http:\/\/educaciondeadultos.cl\/web\/wp-json\/wp\/v2\/posts\/56\/revisions"}],"wp:attachment":[{"href":"http:\/\/educaciondeadultos.cl\/web\/wp-json\/wp\/v2\/media?parent=56"}],"wp:term":[{"taxonomy":"category","embeddable":true,"href":"http:\/\/educaciondeadultos.cl\/web\/wp-json\/wp\/v2\/categories?post=56"},{"taxonomy":"post_tag","embeddable":true,"href":"http:\/\/educaciondeadultos.cl\/web\/wp-json\/wp\/v2\/tags?post=56"}],"curies":[{"name":"wp","href":"https:\/\/api.w.org\/{rel}","templated":true}]}}