{"id":558,"date":"2017-10-04T21:16:45","date_gmt":"2017-10-05T00:16:45","guid":{"rendered":"http:\/\/educaciondeadultos.cl\/web\/2017\/10\/04\/epja-upla-en-v-encuentro-de-directores-de-establecimientos-educacionales-en-contextos-de-encierro\/"},"modified":"2017-10-04T21:16:45","modified_gmt":"2017-10-05T00:16:45","slug":"epja-upla-en-v-encuentro-de-directores-de-establecimientos-educacionales-en-contextos-de-encierro","status":"publish","type":"post","link":"http:\/\/educaciondeadultos.cl\/web\/2017\/10\/04\/epja-upla-en-v-encuentro-de-directores-de-establecimientos-educacionales-en-contextos-de-encierro\/","title":{"rendered":"EPJA- UPLA EN QUINTA JORNADA DE DIRECTORES DE ESTABLECIMIENTOS EDUCACIONALES EN CONTEXTOS DE ENCIERRO"},"content":{"rendered":"<p><img loading=\"lazy\" decoding=\"async\" class=\" size-full wp-image-554\" src=\"http:\/\/educaciondeadultos.cl\/web\/wp-content\/uploads\/2017\/10\/216e854e1c1543768b9e64c2a046ffcb.jpg\" alt=\"\" width=\"960\" height=\"576\" srcset=\"http:\/\/educaciondeadultos.cl\/web\/wp-content\/uploads\/2017\/10\/216e854e1c1543768b9e64c2a046ffcb.jpg 960w, http:\/\/educaciondeadultos.cl\/web\/wp-content\/uploads\/2017\/10\/216e854e1c1543768b9e64c2a046ffcb-300x180.jpg 300w, http:\/\/educaciondeadultos.cl\/web\/wp-content\/uploads\/2017\/10\/216e854e1c1543768b9e64c2a046ffcb-768x461.jpg 768w\" sizes=\"auto, (max-width: 960px) 100vw, 960px\" \/><\/p>\n<p style=\"text-align: left;\"><span style=\"font-family: verdana, geneva; font-size: small; color: #000000;\"><img loading=\"lazy\" decoding=\"async\" class=\" alignright size-full wp-image-555\" src=\"http:\/\/educaciondeadultos.cl\/web\/wp-content\/uploads\/2017\/10\/enciertodir1fin.jpg\" border=\"0\" alt=\"\" width=\"636\" height=\"382\" style=\"float: right;\" srcset=\"http:\/\/educaciondeadultos.cl\/web\/wp-content\/uploads\/2017\/10\/enciertodir1fin.jpg 960w, http:\/\/educaciondeadultos.cl\/web\/wp-content\/uploads\/2017\/10\/enciertodir1fin-300x180.jpg 300w, http:\/\/educaciondeadultos.cl\/web\/wp-content\/uploads\/2017\/10\/enciertodir1fin-768x461.jpg 768w\" sizes=\"auto, (max-width: 636px) 100vw, 636px\" \/>Durante los d\u00edas 26 y 27 de septiembre del a\u00f1o en curso, la <strong>Quinta Jornada Nacional de directores de establecimientos educacionales en contextos de encierro<\/strong>, reuni\u00f3 a m\u00e1s de 140<\/span><span style=\"font-family: verdana, geneva; font-size: small; color: #000000;\">\u00a0Coordinadores T\u00e9cnicos Regionales de Gendarmer\u00eda de Chile, Coordinadores Regionales y los Supervisores de Educaci\u00f3n de Personas J\u00f3venes y Adultos, vinculados a establecimientos educacionales y a los microcentros que los articulan por zonas y regiones. Respondiendo a la invitaci\u00f3n por parte de la Coordinaci\u00f3n Nacional de Educaci\u00f3n de Personas Adultos y J\u00f3venes (EPJA) del Ministerio de Educaci\u00f3n, el\u00a0equipo\u00a0<strong>EPJA- Upla<\/strong>\u00a0tuvo tambi\u00e9n una activa participaci\u00f3n en este importante encuentro.<\/span><\/p>\n<p style=\"text-align: justify;\"><span style=\"font-family: verdana, geneva; font-size: small; color: #000000;\">La jornada de dos d\u00edas de trabajo se propuso analizar la propuesta de <strong>Educaci\u00f3n para la Libertad<\/strong>, en el contexto del proceso de la reforma curricular del \u00e1rea de la Educaci\u00f3n de Personas J\u00f3venes y Adultas (EPJA) y las oportunidades que ofrece la propuesta de <strong>Bases Curriculares<\/strong> a los establecimientos educacionales que atienden personas privadas de libertad. Otro objetivo fue analizar el rol del <strong>Microcentro<\/strong> como <strong>comunidad de aprendizaje<\/strong> y su aporte tanto al desarrollo profesional docente y al mejoramiento de la calidad de los procesos pedag\u00f3gicos y finalmente evaluar el funcionamiento de las Comisiones Mixtas Regionales, de acuerdo a lo establecido en el Convenio de Colaboraci\u00f3n Educativa, suscrito entre los ministerios de Educaci\u00f3n y Justicia.<\/span><\/p>\n<p><span style=\"font-family: verdana, geneva; font-size: small; color: #000000;\"><img loading=\"lazy\" decoding=\"async\" class=\" alignright size-full wp-image-556\" src=\"http:\/\/educaciondeadultos.cl\/web\/wp-content\/uploads\/2017\/10\/direncierrofinfin.jpg\" border=\"0\" alt=\"\" style=\"float: right;\" width=\"923\" height=\"184\" srcset=\"http:\/\/educaciondeadultos.cl\/web\/wp-content\/uploads\/2017\/10\/direncierrofinfin.jpg 923w, http:\/\/educaciondeadultos.cl\/web\/wp-content\/uploads\/2017\/10\/direncierrofinfin-300x60.jpg 300w, http:\/\/educaciondeadultos.cl\/web\/wp-content\/uploads\/2017\/10\/direncierrofinfin-768x153.jpg 768w\" sizes=\"auto, (max-width: 923px) 100vw, 923px\" \/>Las actividades se iniciaron con el saludo protocolar de las respectivas autoridades del Ministerio de Educaci\u00f3n, Ministerio de Justicia y del Servicio de Gendarmer\u00eda de Chile. A continuaci\u00f3n, Nicol\u00e1s de Rosas, a nombre de la Coordinadora Nacional de Educaci\u00f3n de Personas J\u00f3venes y Adultas, abord\u00f3 el tema <em>Educaci\u00f3n en Contextos de encierro, en el marco de la propuesta de Bases Curriculares, oportunidades y desaf\u00edos para estos establecimientos<\/em>. Posteriormente, el equipo de Educaci\u00f3n en Contextos de Encierro analiz\u00f3 las prioridades fijadas para el per\u00edodo 2016 \u2013 2018.\u00a0<\/span><\/p>\n<p style=\"text-align: justify;\"><span style=\"font-family: verdana, geneva; font-size: small; color: #000000;\">El primer d\u00eda concluy\u00f3 con el an\u00e1lisis del\u00a0 \u00ab<strong>Mi<em style=\"font-size: 12.16px;\">crocentro, como comunidad de aprendizaje\u00bb<\/em><\/strong>,\u00a0 a cargo de la Dra. Violeta Acu\u00f1a,\u00a0Coordinadora del Programa de Educaci\u00f3n de Adultos y J\u00f3venes de la Universidad de Playa Ancha e integrante de la RED PECE. En la oportunidad, la especialista abord\u00f3 esta perspectiva y sus implicaciones para el trabajo cotidiano de los profesionales que se desenvuelven en contextos de reclusi\u00f3n, as\u00ed como su viabilidad de instalaci\u00f3n y el sentido que toman las acciones que se realizan en dicho entorno. Tras esta intervenci\u00f3n, los participantes se abocaron a trabajar un taller coordinado por el<\/span><span style=\"font-family: verdana, geneva; font-size: small; color: #000000;\">\u00a0equipo EPJA-Upla,<\/span><span style=\"font-family: verdana, geneva; font-size: small; color: #000000;\">\u00a0quienes a trav\u00e9s de una actividad inspirada en la Pedagog\u00eda de la pregunta de Paulo Freire, dieron curso a sus propias interrogantes frente a la nueva propuesta emanada por parte de EPJA del Ministerio de Educaci\u00f3n.\u00a0<\/span><\/p>\n<p><span style=\"font-family: verdana, geneva; font-size: small; color: #000000;\"><img loading=\"lazy\" decoding=\"async\" class=\" alignright size-full wp-image-557\" src=\"http:\/\/educaciondeadultos.cl\/web\/wp-content\/uploads\/2017\/10\/franjafin.jpg\" border=\"0\" alt=\"\" style=\"float: right;\" width=\"953\" height=\"191\" srcset=\"http:\/\/educaciondeadultos.cl\/web\/wp-content\/uploads\/2017\/10\/franjafin.jpg 953w, http:\/\/educaciondeadultos.cl\/web\/wp-content\/uploads\/2017\/10\/franjafin-300x60.jpg 300w, http:\/\/educaciondeadultos.cl\/web\/wp-content\/uploads\/2017\/10\/franjafin-768x154.jpg 768w\" sizes=\"auto, (max-width: 953px) 100vw, 953px\" \/>El d\u00eda mi\u00e9rcoles 27, los asistentes fueron divididos en dos grupos de acuerdo a las funciones que desempe\u00f1an. Los Directivos y supervisores trabajaron con la Dra. Marcela Gaete, docente de la facultad de Filosof\u00eda y Humanidades de la Universidad de Chile e integrante de la RED PECE, analizando<\/span><span style=\"font-family: verdana, geneva; font-size: small; color: #000000;\">\u00a0el tema <em>Did\u00e1ctica para contextos de encierro.<\/em> Paralelamente, los Coordinadores Regionales de Educaci\u00f3n de Personas j\u00f3venes y Adultas y los Coordinadores T\u00e9cnicos Regionales de Gendarmer\u00eda de Chile y los profesionales del Ministerio de Justicia, se abocaron al tema de los avances y dificultades a nivel regional del<em> Convenio de Colaboraci\u00f3n Educativa <\/em>suscrito entre los ministerios de Educaci\u00f3n y Justicia. Por su parte, l<\/span><span style=\"font-family: verdana, geneva; font-size: small; color: #000000;\">os representantes del Centro de Perfeccionamiento, Experimentaci\u00f3n e Investigaciones Pedag\u00f3gicas (CPEIP), plantearon los aspectos m\u00e1s relevantes del Sistema Nacional de Desarrollo Profesional Docente y su relaci\u00f3n con los profesionales que se desenvuelven en estos establecimientos educacionales.<\/span><\/p>\n<p style=\"text-align: justify;\"><span style=\"font-family: verdana, geneva; font-size: small; color: #000000;\">La jornada concluy\u00f3 con un panel integrado por representantes de los tres servicios involucrados en esta \u00e1rea de educaci\u00f3n, abriendo un espacio abierto al di\u00e1logo, formulaci\u00f3n de interrogantes e inquietudes sectoriales y de propuestas de nuevos temas para actividades futuras.<\/span><\/p>\n<p style=\"text-align: justify;\">\u00a0Comunicaciones &#8211; Edici\u00f3n web. 4 de octubre de 2017<span style=\"font-family: verdana, geneva; font-size: small; color: #000000;\">\u00a0<\/span><\/p>\n","protected":false},"excerpt":{"rendered":"<p>Durante los d\u00edas 26 y 27 de septiembre del a\u00f1o en curso, la Quinta Jornada Nacional de directores de establecimientos educacionales en contextos de encierro, reuni\u00f3 a m\u00e1s de 140\u00a0Coordinadores T\u00e9cnicos Regionales de Gendarmer\u00eda de Chile, Coordinadores Regionales y los Supervisores de Educaci\u00f3n de Personas J\u00f3venes y Adultos, vinculados a establecimientos educacionales y a los [&hellip;]<\/p>\n","protected":false},"author":1,"featured_media":554,"comment_status":"closed","ping_status":"closed","sticky":false,"template":"","format":"standard","meta":{"_et_pb_use_builder":"","_et_pb_old_content":"","_et_gb_content_width":"","_oasis_is_in_workflow":0,"_oasis_original":0,"footnotes":""},"categories":[45],"tags":[],"class_list":["post-558","post","type-post","status-publish","format-standard","has-post-thumbnail","hentry","category-event"],"_links":{"self":[{"href":"http:\/\/educaciondeadultos.cl\/web\/wp-json\/wp\/v2\/posts\/558","targetHints":{"allow":["GET"]}}],"collection":[{"href":"http:\/\/educaciondeadultos.cl\/web\/wp-json\/wp\/v2\/posts"}],"about":[{"href":"http:\/\/educaciondeadultos.cl\/web\/wp-json\/wp\/v2\/types\/post"}],"author":[{"embeddable":true,"href":"http:\/\/educaciondeadultos.cl\/web\/wp-json\/wp\/v2\/users\/1"}],"replies":[{"embeddable":true,"href":"http:\/\/educaciondeadultos.cl\/web\/wp-json\/wp\/v2\/comments?post=558"}],"version-history":[{"count":0,"href":"http:\/\/educaciondeadultos.cl\/web\/wp-json\/wp\/v2\/posts\/558\/revisions"}],"wp:featuredmedia":[{"embeddable":true,"href":"http:\/\/educaciondeadultos.cl\/web\/wp-json\/wp\/v2\/media\/554"}],"wp:attachment":[{"href":"http:\/\/educaciondeadultos.cl\/web\/wp-json\/wp\/v2\/media?parent=558"}],"wp:term":[{"taxonomy":"category","embeddable":true,"href":"http:\/\/educaciondeadultos.cl\/web\/wp-json\/wp\/v2\/categories?post=558"},{"taxonomy":"post_tag","embeddable":true,"href":"http:\/\/educaciondeadultos.cl\/web\/wp-json\/wp\/v2\/tags?post=558"}],"curies":[{"name":"wp","href":"https:\/\/api.w.org\/{rel}","templated":true}]}}