{"id":550,"date":"2017-09-10T00:45:18","date_gmt":"2017-09-10T03:45:18","guid":{"rendered":"http:\/\/educaciondeadultos.cl\/web\/2017\/09\/10\/primera-jornada-de-capacitacion-de-la-red-maestros-de-la-educacion-de-adultos-talagante-melipilla\/"},"modified":"2017-09-10T00:45:18","modified_gmt":"2017-09-10T03:45:18","slug":"primera-jornada-de-capacitacion-de-la-red-maestros-de-la-educacion-de-adultos-talagante-melipilla","status":"publish","type":"post","link":"http:\/\/educaciondeadultos.cl\/web\/2017\/09\/10\/primera-jornada-de-capacitacion-de-la-red-maestros-de-la-educacion-de-adultos-talagante-melipilla\/","title":{"rendered":"Primera Jornada de Capacitaci\u00f3n de la Red Maestros de la Educaci\u00f3n de Adultos Talagante-Melipilla"},"content":{"rendered":"<p><img loading=\"lazy\" decoding=\"async\" class=\" size-full wp-image-548\" src=\"http:\/\/educaciondeadultos.cl\/web\/wp-content\/uploads\/2017\/09\/242a68bb1034576b0ba92e3912e97f74.jpg\" alt=\"\" width=\"582\" height=\"369\" srcset=\"http:\/\/educaciondeadultos.cl\/web\/wp-content\/uploads\/2017\/09\/242a68bb1034576b0ba92e3912e97f74.jpg 582w, http:\/\/educaciondeadultos.cl\/web\/wp-content\/uploads\/2017\/09\/242a68bb1034576b0ba92e3912e97f74-300x190.jpg 300w\" sizes=\"auto, (max-width: 582px) 100vw, 582px\" \/><\/p>\n<p style=\"text-align: left;\"><span style=\"color: #000000; font-family: tahoma, arial, helvetica, sans-serif;\"><img loading=\"lazy\" decoding=\"async\" class=\" alignleft size-full wp-image-549\" src=\"http:\/\/educaciondeadultos.cl\/web\/wp-content\/uploads\/2017\/09\/mineduc1.png\" border=\"0\" alt=\"\" style=\"float: left;\" width=\"564\" height=\"275\" srcset=\"http:\/\/educaciondeadultos.cl\/web\/wp-content\/uploads\/2017\/09\/mineduc1.png 564w, http:\/\/educaciondeadultos.cl\/web\/wp-content\/uploads\/2017\/09\/mineduc1-300x146.png 300w\" sizes=\"auto, (max-width: 564px) 100vw, 564px\" \/><span style=\"font-family: verdana, geneva; font-size: small;\">El d\u00eda 12 de agosto\u00a0se realiz\u00f3 la primera Jornada de Capacitaci\u00f3n de la Red de Maestros de Educaci\u00f3n de \u00a0Adultos Talagante-Melipilla, con el apoyo del Programa Disciplinario de Investigaci\u00f3n Educaci\u00f3n de J\u00f3venes y Adultos, perteneciente a la Facultad de Ciencias de la Educaci\u00f3n\u00a0Universidad de Playa Ancha. Los acad\u00e9micos\u00a0Violeta Acu\u00f1a, Vivian Astudillo y Ra\u00fal Fuente impartieron el curso\u00a0\u201cDesarrollo de Metodolog\u00eda Investigaci\u00f3n-Acci\u00f3n\u201d a 29 profesores provenientes distintos establecimientos educacionales.<\/span><\/span><\/p>\n<p><span style=\"color: #000000; font-family: verdana, geneva; font-size: small;\">Los establecimientos que estuvieron representados son:\u00a0Escuela Presidente Prieto y Liceo A-119 (Talagante); Instituto H\u00e9ctor Duarte (El Monte);\u00a0Centro Educacional y Liceo Rep\u00fablica Italia (Isla de Maipo); Centro de Adultos Alberto Hurtado (Padre Hurtado);\u00a0Liceo Bollenar, Liceo Hermanos Sotomayor Baeza y la\u00a0Corporaci\u00f3n de Educaci\u00f3n (Melipilla);\u00a0Centro Estudios Francisco Bilbao (Curacav\u00ed) y\u00a0Centro Educacional Dreyse (Pe\u00f1aflor).<\/span><\/p>\n<p><span style=\"color: #000000; font-family: verdana, geneva; font-size: small;\">El inicio de esta experiencia ha servido para conocer y potenciar el trabajo que realizan los profesores de la Red y ofrecer una educaci\u00f3n de calidad a las y los estudiantes que asisten a estos establecimientos educacionales, evitando la deserci\u00f3n escolar y otorgando oportunidades para finalizar la Ense\u00f1anza Media.<\/span><\/p>\n<table>\n<tbody>\n<tr>\n<td><span style=\"color: #000000; font-family: tahoma, arial, helvetica, sans-serif; font-size: small;\"><strong>Los objetivos de este proceso de capacitaci\u00f3n son<\/strong>:<\/span><\/td>\n<\/tr>\n<\/tbody>\n<\/table>\n<table>\n<tbody>\n<tr>\n<td>\n<ul>\n<li><span style=\"color: #000000; font-family: tahoma, arial, helvetica, sans-serif; font-size: small;\">. Revisar el trabajo desarrollado por la Red desde el 2015 al 2017.<\/span><\/li>\n<li><span style=\"color: #000000; font-family: tahoma, arial, helvetica, sans-serif; font-size: small;\">. Analizar la metodolog\u00eda usada para la obtenci\u00f3n de datos en la investigaci\u00f3n propuesta por la Red: \u201cTrabajo en aula para las y los estudiantes de primer nivel medio, con grupos etarios diversos, \u00a0 \u00a0estrategias, dificultades, logros y desaf\u00edos\u201d.<\/span><\/li>\n<li><span style=\"color: #000000; font-family: tahoma, arial, helvetica, sans-serif; font-size: small;\">. Comparar los enfoques de evaluaci\u00f3n cuantitativo y cualitativo.<\/span><\/li>\n<li><span style=\"color: #000000; font-family: tahoma, arial, helvetica, sans-serif; font-size: small;\">. Profundizar en los procedimientos de investigaci\u00f3n-acci\u00f3n.<\/span><\/li>\n<li><span style=\"color: #000000; font-family: tahoma, arial, helvetica, sans-serif; font-size: small;\">. Dise\u00f1ar un proyecto de investigaci\u00f3n aplicado en los centros de educaci\u00f3n de adultos.<\/span><\/li>\n<\/ul>\n<\/td>\n<td><span style=\"color: #000000;\">\u00a0<\/span><\/td>\n<\/tr>\n<\/tbody>\n<\/table>\n<p><span style=\"color: #000000; font-family: verdana, geneva; font-size: small;\">En esta primera etapa de capacitaci\u00f3n, los docentes fueron acompa\u00f1ados por\u00a0estudiantes del Programa de Mag\u00edster de Adultos impartido por la Universidad de Playa Ancha.\u00a0Las siguientes etapas se realizar\u00e1n en los meses de septiembre y octubre en la Direcci\u00f3n Provincial de Talagante.<\/span><\/p>\n<p><span style=\"color: #000000; font-family: tahoma, arial, helvetica, sans-serif; font-size: small;\">Fuente. Edja -Mineduc<\/span><\/p>\n","protected":false},"excerpt":{"rendered":"<p>El d\u00eda 12 de agosto\u00a0se realiz\u00f3 la primera Jornada de Capacitaci\u00f3n de la Red de Maestros de Educaci\u00f3n de \u00a0Adultos Talagante-Melipilla, con el apoyo del Programa Disciplinario de Investigaci\u00f3n Educaci\u00f3n de J\u00f3venes y Adultos, perteneciente a la Facultad de Ciencias de la Educaci\u00f3n\u00a0Universidad de Playa Ancha. Los acad\u00e9micos\u00a0Violeta Acu\u00f1a, Vivian Astudillo y Ra\u00fal Fuente impartieron [&hellip;]<\/p>\n","protected":false},"author":1,"featured_media":548,"comment_status":"closed","ping_status":"closed","sticky":false,"template":"","format":"standard","meta":{"_et_pb_use_builder":"","_et_pb_old_content":"","_et_gb_content_width":"","_oasis_is_in_workflow":0,"_oasis_original":0,"footnotes":""},"categories":[45],"tags":[],"class_list":["post-550","post","type-post","status-publish","format-standard","has-post-thumbnail","hentry","category-event"],"_links":{"self":[{"href":"http:\/\/educaciondeadultos.cl\/web\/wp-json\/wp\/v2\/posts\/550","targetHints":{"allow":["GET"]}}],"collection":[{"href":"http:\/\/educaciondeadultos.cl\/web\/wp-json\/wp\/v2\/posts"}],"about":[{"href":"http:\/\/educaciondeadultos.cl\/web\/wp-json\/wp\/v2\/types\/post"}],"author":[{"embeddable":true,"href":"http:\/\/educaciondeadultos.cl\/web\/wp-json\/wp\/v2\/users\/1"}],"replies":[{"embeddable":true,"href":"http:\/\/educaciondeadultos.cl\/web\/wp-json\/wp\/v2\/comments?post=550"}],"version-history":[{"count":0,"href":"http:\/\/educaciondeadultos.cl\/web\/wp-json\/wp\/v2\/posts\/550\/revisions"}],"wp:featuredmedia":[{"embeddable":true,"href":"http:\/\/educaciondeadultos.cl\/web\/wp-json\/wp\/v2\/media\/548"}],"wp:attachment":[{"href":"http:\/\/educaciondeadultos.cl\/web\/wp-json\/wp\/v2\/media?parent=550"}],"wp:term":[{"taxonomy":"category","embeddable":true,"href":"http:\/\/educaciondeadultos.cl\/web\/wp-json\/wp\/v2\/categories?post=550"},{"taxonomy":"post_tag","embeddable":true,"href":"http:\/\/educaciondeadultos.cl\/web\/wp-json\/wp\/v2\/tags?post=550"}],"curies":[{"name":"wp","href":"https:\/\/api.w.org\/{rel}","templated":true}]}}