{"id":55,"date":"2014-09-17T01:14:05","date_gmt":"2014-09-17T04:14:05","guid":{"rendered":"http:\/\/educaciondeadultos.cl\/web\/2014\/09\/17\/encuentro-de-docentes-de-educacion-de-jovenes-y-adultos-hacia-una-educacion-inclusiva\/"},"modified":"2014-09-17T01:14:05","modified_gmt":"2014-09-17T04:14:05","slug":"encuentro-de-docentes-de-educacion-de-jovenes-y-adultos-hacia-una-educacion-inclusiva","status":"publish","type":"post","link":"http:\/\/educaciondeadultos.cl\/web\/2014\/09\/17\/encuentro-de-docentes-de-educacion-de-jovenes-y-adultos-hacia-una-educacion-inclusiva\/","title":{"rendered":"Encuentro de Docentes de Educaci\u00f3n de J\u00f3venes y Adultos. \u00abHacia una Educaci\u00f3n Inclusiva\u201d"},"content":{"rendered":"<p>El 7 de agosto se realizar\u00e1 en Vi\u00f1a del Mar el Encuentro Anual de docentes que organiza el Programa Disciplinario de Educaci\u00f3n de Adultos de la Facultad de Ciencias de la Educaci\u00f3n de la Universidad de Playa Ancha, con la colaboraci\u00f3n de la Coordinaci\u00f3n Regional de Educaci\u00f3n de J\u00f3venes y Adultos de la Secretaria Regional Ministerial de Educaci\u00f3n de la Regi\u00f3n de Valpara\u00edso.<\/p>\n<p>  <!--more-->  <\/p>\n<p>El Encuentro convoca a docentes. directivos, estudiantes universitarios y profesionales vinculados a la educaci\u00f3n de adultos y su objetivo es contribuir a la construcci\u00f3n de un di\u00e1gnostico, an\u00e1lisis y reflexi\u00f3n cr\u00ectica de la educaci\u00f3n de j\u00f3venes y adultos en el pa\u00eds mediante un amplio di\u00e1logo y debate que recoja las opiniones y experiencias de los actores participantes de esta modalidad educativa.<\/p>\n<p>Se realizar\u00e1n talleres de conversaci\u00f3n en base a los siguientes temas relevantes:<br \/>&#8211; Diagn\u00f3stico y an\u00e1lisis de las modalidades regulares y flexibles de la educaci\u00f3n de j\u00f3venes y adultos<br \/>&#8211; Bases Curriculares de la educaci\u00f3n de j\u00f3venes y adultos<br \/>&#8211; Abandono escolar en la educaci\u00f3n de j\u00f3venes y adultos: an\u00e1lisis y desaf\u00edos para la pol\u00edtica educativa<br \/>&#8211; Desaf\u00edos de la educaci\u00f3n de j\u00f3venes y adultos en contextos de encierro y en programas de reinserci\u00f3n social de j\u00f3venes infractores de ley<br \/>&#8211; Cambios Demogr\u00e1ficos, envejecimiento y educaci\u00f3n en la tercera y cuarta edad<br \/>&#8211; Gesti\u00f3n y financiamiento de la educaci\u00f3n de j\u00f3venes y adultos<\/p>\n<p>El evento contar\u00e1 con la presencia de autoridades de la Coordinaci\u00f3n de Educaci\u00f3n de J\u00f3venes y Adultos del Ministerio de Educaci\u00f3n , especialistas y docentes de gran experiencia en el trabajo educativo con personas adultas en sus diversas modalidades y \u00e1mbitos de intervenci\u00f3n.<br \/>En la inauguraci\u00f3n del Encuento se dictar\u00e1 una charla magistral sobre \u201cLas problem\u00e1ticas de la educaci\u00f3n de las personas adultas en una sociedad del conocimiento\u201d a cargo de la Dra. Alessandra Gargiulo Labriola, profesora de la Universidad Cat\u00f3lica del Sagrado Coraz\u00f3n de Mil\u00e1n, Italia.<\/p>\n<p>Lugar del Encuentro: Hotel O\u201dHiggins: Plaza Vergara s\/n, Vi\u00f1a del Mar<br \/>Horario: 9 horas a 17, 30 horas<\/p>\n","protected":false},"excerpt":{"rendered":"<p>El 7 de agosto se realizar\u00e1 en Vi\u00f1a del Mar el Encuentro Anual de docentes que organiza el Programa Disciplinario de Educaci\u00f3n de Adultos de la Facultad de Ciencias de la Educaci\u00f3n de la Universidad de Playa Ancha, con la colaboraci\u00f3n de la Coordinaci\u00f3n Regional de Educaci\u00f3n de J\u00f3venes y Adultos de la Secretaria Regional [&hellip;]<\/p>\n","protected":false},"author":1,"featured_media":0,"comment_status":"closed","ping_status":"closed","sticky":false,"template":"","format":"standard","meta":{"_et_pb_use_builder":"","_et_pb_old_content":"","_et_gb_content_width":"","_oasis_is_in_workflow":0,"_oasis_original":0,"footnotes":""},"categories":[45],"tags":[],"class_list":["post-55","post","type-post","status-publish","format-standard","hentry","category-event"],"_links":{"self":[{"href":"http:\/\/educaciondeadultos.cl\/web\/wp-json\/wp\/v2\/posts\/55","targetHints":{"allow":["GET"]}}],"collection":[{"href":"http:\/\/educaciondeadultos.cl\/web\/wp-json\/wp\/v2\/posts"}],"about":[{"href":"http:\/\/educaciondeadultos.cl\/web\/wp-json\/wp\/v2\/types\/post"}],"author":[{"embeddable":true,"href":"http:\/\/educaciondeadultos.cl\/web\/wp-json\/wp\/v2\/users\/1"}],"replies":[{"embeddable":true,"href":"http:\/\/educaciondeadultos.cl\/web\/wp-json\/wp\/v2\/comments?post=55"}],"version-history":[{"count":0,"href":"http:\/\/educaciondeadultos.cl\/web\/wp-json\/wp\/v2\/posts\/55\/revisions"}],"wp:attachment":[{"href":"http:\/\/educaciondeadultos.cl\/web\/wp-json\/wp\/v2\/media?parent=55"}],"wp:term":[{"taxonomy":"category","embeddable":true,"href":"http:\/\/educaciondeadultos.cl\/web\/wp-json\/wp\/v2\/categories?post=55"},{"taxonomy":"post_tag","embeddable":true,"href":"http:\/\/educaciondeadultos.cl\/web\/wp-json\/wp\/v2\/tags?post=55"}],"curies":[{"name":"wp","href":"https:\/\/api.w.org\/{rel}","templated":true}]}}