{"id":541,"date":"2017-08-17T23:23:49","date_gmt":"2017-08-18T02:23:49","guid":{"rendered":"http:\/\/educaciondeadultos.cl\/web\/2017\/08\/17\/foro-romper-la-barrera-de-la-educacion-formal-y-no-formal-perspectivas-de-accion-discusiones-y-reflexiones-2\/"},"modified":"2017-08-17T23:23:49","modified_gmt":"2017-08-18T02:23:49","slug":"foro-romper-la-barrera-de-la-educacion-formal-y-no-formal-perspectivas-de-accion-discusiones-y-reflexiones-2","status":"publish","type":"post","link":"http:\/\/educaciondeadultos.cl\/web\/2017\/08\/17\/foro-romper-la-barrera-de-la-educacion-formal-y-no-formal-perspectivas-de-accion-discusiones-y-reflexiones-2\/","title":{"rendered":"FORO: \u201cRomper la barrera de la educaci\u00f3n formal y no formal: Perspectivas de acci\u00f3n, discusiones y reflexiones\u201d."},"content":{"rendered":"<p><img loading=\"lazy\" decoding=\"async\" class=\" size-full wp-image-539\" src=\"http:\/\/educaciondeadultos.cl\/web\/wp-content\/uploads\/2017\/08\/f3936a34196075e664661d8cca9d22c7.jpg\" alt=\"\" width=\"1020\" height=\"1320\" srcset=\"http:\/\/educaciondeadultos.cl\/web\/wp-content\/uploads\/2017\/08\/f3936a34196075e664661d8cca9d22c7.jpg 1020w, http:\/\/educaciondeadultos.cl\/web\/wp-content\/uploads\/2017\/08\/f3936a34196075e664661d8cca9d22c7-232x300.jpg 232w, http:\/\/educaciondeadultos.cl\/web\/wp-content\/uploads\/2017\/08\/f3936a34196075e664661d8cca9d22c7-768x994.jpg 768w, http:\/\/educaciondeadultos.cl\/web\/wp-content\/uploads\/2017\/08\/f3936a34196075e664661d8cca9d22c7-791x1024.jpg 791w\" sizes=\"auto, (max-width: 1020px) 100vw, 1020px\" \/><\/p>\n<div class=\"WordSection1\">\n<p align=\"center\"><strong><img loading=\"lazy\" decoding=\"async\" class=\" size-full wp-image-537\" src=\"http:\/\/educaciondeadultos.cl\/web\/wp-content\/uploads\/2017\/08\/forodosfotos.jpg\" border=\"0\" alt=\"\" width=\"845\" height=\"279\" srcset=\"http:\/\/educaciondeadultos.cl\/web\/wp-content\/uploads\/2017\/08\/forodosfotos.jpg 875w, http:\/\/educaciondeadultos.cl\/web\/wp-content\/uploads\/2017\/08\/forodosfotos-300x99.jpg 300w, http:\/\/educaciondeadultos.cl\/web\/wp-content\/uploads\/2017\/08\/forodosfotos-768x254.jpg 768w\" sizes=\"auto, (max-width: 845px) 100vw, 845px\" \/><\/strong><\/p>\n<p align=\"center\"><strong style=\"color: #000000; font-family: verdana, geneva; font-size: small;\">Depto. Educaci\u00f3n FACSO. Universidad de Chile.<\/strong><span style=\"color: #000000; font-family: verdana, geneva; font-size: small;\">\u00a0<\/span><\/p>\n<p align=\"center\"><span style=\"font-family: verdana, geneva; font-size: small; color: #000000;\"><strong>J<\/strong><strong>ueves 24 de Agosto a las 10:00 hrs. \u00a0Auditorio Pedro Ortiz. (Avenida Ignacio Carrera Pinto N\u00b01045. Campus Juan G\u00f3mez Millas)<\/strong><\/span><\/p>\n<p><span style=\"font-family: verdana, geneva; font-size: small; color: #000000;\">La educaci\u00f3n en ni\u00f1os, ni\u00f1as y j\u00f3venes en Chile, \u00a0ha estado en el centro del debate pol\u00edtico generando an\u00e1lisis y propuestas de acci\u00f3n en mecanismos para un mejoramiento educativo formativo pertinente al desarrollo de ellos y ellas. Los temas de debate han posicionado la discusi\u00f3n en materia de organizaci\u00f3n estructural del sistema educativo, y que han dado pie al abordaje de diversas dimensiones de acci\u00f3n educativa. El mejoramiento educativo se ha instalado y cobra urgencia develar \u00a0situaciones y relaciones \u00a0que implican en el desarrollo y relaciones de quienes son parte de las diversas instituciones y organizaciones educativas. Al respecto hacemos hincapi\u00e9 a la Educaci\u00f3n Formal y No Formal, la cual hace distinci\u00f3n la Ley General de Educaci\u00f3n(LGE), la primera, estructurada, sistem\u00e1tica y secuencial, conformada por niveles y modalidades; \u00a0y la segunda \u00a0entendida como \u00a0proceso formativo a trav\u00e9s de \u00a0un programa sistem\u00e1tico, posible de ser evaluado, reconocido y verificado como un aprendizaje de valor. Ambas, que \u00a0atravesadas \u00a0por la educaci\u00f3n informal, \u00a0a \u00a0partir del proceso vinculado a nuestro desarrollo personal en la sociedad, manifiestan distinciones con implicancias para quienes educan \u00a0y se educan. Esto porque formando \u00a0parte \u00a0de una sociedad exacerbadamente neoliberal como la nuestra, \u00a0la educaci\u00f3n formal pareciera estar coaptando posibilidades de acci\u00f3n educativa, restando el posicionamiento y valor a otras formas de educar y educarnos.\u00a0<\/span><\/p>\n<p><span style=\"font-family: verdana, geneva; font-size: small; color: #000000;\">Al \u00a0respecto, \u00a0cabe \u00a0discutir \u00a0la \u00a0existencia \u00a0entre \u00a0las \u00a0instituciones \u00a0comunitarias \u00a0y\u00a0 las instituciones del Estado en lo que respecta a la diversidad de programas que transitan por \u00e9stas \u00faltimas y que se caracterizan por un enfoque y mixturas en educaci\u00f3n comunitaria y\u00a0participativa. A prop\u00f3sito nos preguntamos: \u00bfcu\u00e1les son los l\u00edmites y posibilidades de acci\u00f3n de la educaci\u00f3n formal y no formal?;\u00a0 en este sentido: \u00bfqu\u00e9 mecanismos operan en la educaci\u00f3n formal que favorecen y obstaculizan acciones participativas y comunitaria?., Hoy, \u00bfc\u00f3mo experiencias de acci\u00f3n comunitaria se pueden articular con la educaci\u00f3n formal?; \u00bfEs la escuela la que adapta a los individuos \u00a0a ella , o son los individuos \u00a0quienes permiten promover una nueva escuela?.\u00a0<\/span><\/p>\n<\/p><\/div>\n<p><span style=\"font-family: verdana, geneva; font-size: small; color: #000000;\">Estas y otras preguntas resultan necesarias de abordar en un proceso de formaci\u00f3n inicial docente; donde estudiantes que transitan por diversas instituciones y organismos comunitarios dialogan \u00a0en sus acciones pedag\u00f3gicas \u00a0bajo estructuras y enfoques en las que resulta necesario develar lo que coexiste entre la educaci\u00f3n formal y no formal, los rasgos institucionales y comunitarios, las relaciones \u00a0entre ni\u00f1os y adultos y entre s\u00ed, lo que asiste y lo que resiste; precisiones que estudiantes, acad\u00e9micos y educadores \u00a0analizar\u00e1n a partir de las experiencias pedag\u00f3gicas en contextos cerrados en un centro del SENAME; y otras, a trav\u00e9s de \u00a0diversos programas dirigidos a la comunidad, orientados desde la Biblioteca de Santiago.\u00a0<\/span><\/p>\n<p><span style=\"font-family: verdana, geneva; font-size: small; color: #000000;\">Este encuentro se dar\u00e1 en el contexto de pr\u00e1ctica pedag\u00f3gicas de educadoras de p\u00e1rvulos y escolares iniciales del Departamento de Educaci\u00f3n de la Facultad de Ciencias Sociales de la Universidad de Chile en el Foro:\u00a0<strong>\u201cRomper la barrera de la educaci\u00f3n formal y no formal: Perspectivas de acci\u00f3n, discusiones y reflexiones\u201d; \u00a0a realizarse \u00a0el Jueves 24 de Agosto a las 10:00 hrs. \u00a0en el Auditorio Pedro Ortiz.<\/strong>\u00a0<\/span><\/p>\n<p><span style=\"font-family: verdana, geneva; font-size: small; color: #000000;\">Encuentro \u00a0sin \u00a0Inscripci\u00f3n \u00a0previa. \u00a0Para \u00a0contacto \u00a0dirigirse \u00a0a \u00a0Viviana \u00a0Soto. \u00a0<\/span><\/p>\n<p><span style=\"font-family: verdana, geneva; font-size: small; color: #000000;\">Correo:\u00a0viviana<a href=\"mailto:a@uchile.cl\"><span style=\"color: #000000;\">.soto.a@uchile.<\/span><\/a>cl<\/span><\/p>\n<p><span style=\"font-family: verdana, geneva; font-size: small; color: #000000;\"><img loading=\"lazy\" decoding=\"async\" class=\" size-full wp-image-540\" src=\"http:\/\/educaciondeadultos.cl\/web\/wp-content\/uploads\/2017\/08\/aficheforofin.jpg\" border=\"0\" alt=\"\" width=\"846\" height=\"1095\" style=\"display: block; margin-left: auto; margin-right: auto;\" srcset=\"http:\/\/educaciondeadultos.cl\/web\/wp-content\/uploads\/2017\/08\/aficheforofin.jpg 1020w, http:\/\/educaciondeadultos.cl\/web\/wp-content\/uploads\/2017\/08\/aficheforofin-232x300.jpg 232w, http:\/\/educaciondeadultos.cl\/web\/wp-content\/uploads\/2017\/08\/aficheforofin-768x994.jpg 768w, http:\/\/educaciondeadultos.cl\/web\/wp-content\/uploads\/2017\/08\/aficheforofin-791x1024.jpg 791w\" sizes=\"auto, (max-width: 846px) 100vw, 846px\" \/><\/span><\/p>\n","protected":false},"excerpt":{"rendered":"<p>Depto. Educaci\u00f3n FACSO. Universidad de Chile.\u00a0 Jueves 24 de Agosto a las 10:00 hrs. \u00a0Auditorio Pedro Ortiz. (Avenida Ignacio Carrera Pinto N\u00b01045. Campus Juan G\u00f3mez Millas) La educaci\u00f3n en ni\u00f1os, ni\u00f1as y j\u00f3venes en Chile, \u00a0ha estado en el centro del debate pol\u00edtico generando an\u00e1lisis y propuestas de acci\u00f3n en mecanismos para un mejoramiento educativo [&hellip;]<\/p>\n","protected":false},"author":1,"featured_media":539,"comment_status":"closed","ping_status":"closed","sticky":false,"template":"","format":"standard","meta":{"_et_pb_use_builder":"","_et_pb_old_content":"","_et_gb_content_width":"","_oasis_is_in_workflow":0,"_oasis_original":0,"footnotes":""},"categories":[45],"tags":[],"class_list":["post-541","post","type-post","status-publish","format-standard","has-post-thumbnail","hentry","category-event"],"_links":{"self":[{"href":"http:\/\/educaciondeadultos.cl\/web\/wp-json\/wp\/v2\/posts\/541","targetHints":{"allow":["GET"]}}],"collection":[{"href":"http:\/\/educaciondeadultos.cl\/web\/wp-json\/wp\/v2\/posts"}],"about":[{"href":"http:\/\/educaciondeadultos.cl\/web\/wp-json\/wp\/v2\/types\/post"}],"author":[{"embeddable":true,"href":"http:\/\/educaciondeadultos.cl\/web\/wp-json\/wp\/v2\/users\/1"}],"replies":[{"embeddable":true,"href":"http:\/\/educaciondeadultos.cl\/web\/wp-json\/wp\/v2\/comments?post=541"}],"version-history":[{"count":0,"href":"http:\/\/educaciondeadultos.cl\/web\/wp-json\/wp\/v2\/posts\/541\/revisions"}],"wp:featuredmedia":[{"embeddable":true,"href":"http:\/\/educaciondeadultos.cl\/web\/wp-json\/wp\/v2\/media\/539"}],"wp:attachment":[{"href":"http:\/\/educaciondeadultos.cl\/web\/wp-json\/wp\/v2\/media?parent=541"}],"wp:term":[{"taxonomy":"category","embeddable":true,"href":"http:\/\/educaciondeadultos.cl\/web\/wp-json\/wp\/v2\/categories?post=541"},{"taxonomy":"post_tag","embeddable":true,"href":"http:\/\/educaciondeadultos.cl\/web\/wp-json\/wp\/v2\/tags?post=541"}],"curies":[{"name":"wp","href":"https:\/\/api.w.org\/{rel}","templated":true}]}}