{"id":535,"date":"2017-08-05T05:48:24","date_gmt":"2017-08-05T09:48:24","guid":{"rendered":"http:\/\/educaciondeadultos.cl\/web\/2017\/08\/05\/4-foro-itinerante-de-educacion-en-contextos-de-encierro-en-upla-2\/"},"modified":"2017-08-05T05:48:24","modified_gmt":"2017-08-05T09:48:24","slug":"4-foro-itinerante-de-educacion-en-contextos-de-encierro-en-upla-2","status":"publish","type":"post","link":"http:\/\/educaciondeadultos.cl\/web\/2017\/08\/05\/4-foro-itinerante-de-educacion-en-contextos-de-encierro-en-upla-2\/","title":{"rendered":"Amplia participaci\u00f3n en 4\u00b0 Foro Itinerante de Educaci\u00f3n en Contextos de Encierro en Upla"},"content":{"rendered":"<p><img loading=\"lazy\" decoding=\"async\" class=\" size-full wp-image-531\" src=\"http:\/\/educaciondeadultos.cl\/web\/wp-content\/uploads\/2017\/08\/1387325ab956c8c74bb3ab7914759e29.jpg\" alt=\"\" width=\"960\" height=\"576\" srcset=\"http:\/\/educaciondeadultos.cl\/web\/wp-content\/uploads\/2017\/08\/1387325ab956c8c74bb3ab7914759e29.jpg 960w, http:\/\/educaciondeadultos.cl\/web\/wp-content\/uploads\/2017\/08\/1387325ab956c8c74bb3ab7914759e29-300x180.jpg 300w, http:\/\/educaciondeadultos.cl\/web\/wp-content\/uploads\/2017\/08\/1387325ab956c8c74bb3ab7914759e29-768x461.jpg 768w\" sizes=\"auto, (max-width: 960px) 100vw, 960px\" \/><\/p>\n<p style=\"text-align: right;\"><img loading=\"lazy\" decoding=\"async\" class=\" size-full wp-image-532\" src=\"http:\/\/educaciondeadultos.cl\/web\/wp-content\/uploads\/2017\/08\/foroparte2finfin.jpg\" border=\"0\" alt=\"\" width=\"1157\" height=\"376\" style=\"font-family: tahoma, arial, helvetica, sans-serif; font-size: small; text-align: left;\" srcset=\"http:\/\/educaciondeadultos.cl\/web\/wp-content\/uploads\/2017\/08\/foroparte2finfin.jpg 939w, http:\/\/educaciondeadultos.cl\/web\/wp-content\/uploads\/2017\/08\/foroparte2finfin-300x97.jpg 300w, http:\/\/educaciondeadultos.cl\/web\/wp-content\/uploads\/2017\/08\/foroparte2finfin-768x249.jpg 768w\" sizes=\"auto, (max-width: 1157px) 100vw, 1157px\" \/><\/p>\n<p style=\"text-align: left;\"><span style=\"color: #000000; font-family: tahoma, arial, helvetica, sans-serif;\"><span style=\"font-size: small;\">O<\/span>rganizado por el <strong>Programa Disciplinario de Educaci\u00f3n de J\u00f3venes y Adultos (Edja-Upla)<\/strong> de la Facultad de Educaci\u00f3n de la Universidad de Playa Ancha, en conjunto con la<strong>\u00a0Fundaci\u00f3n Tierra de Esperanza,<\/strong>\u00a0se llev\u00f3 cabo el 4\u00b0 Foro Itinerante de Educaci\u00f3n en Contextos de Encierro, que tuvo lugar el pasado d\u00eda mi\u00e9rcoles 26 de julio en la \u00a0sala de conferencias de la Facultad de Educaci\u00f3n,\u00a0en el marco del ciclo de foros programados al interior de la<strong>\u00a0<strong>Red Chilena de Pedagog\u00eda en Contextos de Encierro (RED &#8211; PECE).<\/strong><\/strong><\/span><\/p>\n<p><span style=\"font-family: tahoma, arial, helvetica, sans-serif; color: #000000;\">En la<\/span><span style=\"font-family: tahoma, arial, helvetica, sans-serif; color: #000000;\">\u00a0actividad se abordaron \u00abLas tensiones entre curr\u00edculo y pr\u00e1ctica educativa en contextos encierro. Una mirada transformadora\u00bb, proponi\u00e9ndose \u00a0dimensionar las complejidades de aplicaci\u00f3n del Curr\u00edculo Nacional de Educaci\u00f3n dentro de las pr\u00e1cticas educativas en c\u00e1rceles y centros del Servicio Nacional de Menores (SENAME), buscando con ello avanzar en la conciliaci\u00f3n de las fuerzas que tensionan esta relaci\u00f3n desde una perspectiva cr\u00edtica y\u00a0 propositiva.<\/span><\/p>\n<p><span style=\"font-family: tahoma, arial, helvetica, sans-serif; color: #000000;\">El prop\u00f3sito de estos foros \u00a0es\u00a0abrir espacios de discusi\u00f3n y reflexi\u00f3n en torno al sentido y experiencia de educar a ni\u00f1os, ni\u00f1as, j\u00f3venes y adultos que transitan por contextos de encierro y privaci\u00f3n de libertad. \u00a0Seg\u00fan la agenda, estos foros se \u00a0realizan durante\u00a0 la \u00faltima semana de cada mes en alguna de las instituciones \u00a0y organizaciones integrantes de la \u00a0RED &#8211; PECE.\u00a0<\/span><\/p>\n<p><span style=\"color: #000000; font-family: verdana, geneva;\"><img loading=\"lazy\" decoding=\"async\" class=\" size-full wp-image-533\" src=\"http:\/\/educaciondeadultos.cl\/web\/wp-content\/uploads\/2017\/08\/fotoforofin.jpg\" border=\"0\" alt=\"\" width=\"563\" height=\"189\" srcset=\"http:\/\/educaciondeadultos.cl\/web\/wp-content\/uploads\/2017\/08\/fotoforofin.jpg 957w, http:\/\/educaciondeadultos.cl\/web\/wp-content\/uploads\/2017\/08\/fotoforofin-300x101.jpg 300w, http:\/\/educaciondeadultos.cl\/web\/wp-content\/uploads\/2017\/08\/fotoforofin-768x258.jpg 768w\" sizes=\"auto, (max-width: 563px) 100vw, 563px\" \/><img loading=\"lazy\" decoding=\"async\" class=\" size-full wp-image-534\" src=\"http:\/\/educaciondeadultos.cl\/web\/wp-content\/uploads\/2017\/08\/forofin2.jpg\" border=\"0\" alt=\"\" width=\"322\" height=\"194\" srcset=\"http:\/\/educaciondeadultos.cl\/web\/wp-content\/uploads\/2017\/08\/forofin2.jpg 960w, http:\/\/educaciondeadultos.cl\/web\/wp-content\/uploads\/2017\/08\/forofin2-300x180.jpg 300w, http:\/\/educaciondeadultos.cl\/web\/wp-content\/uploads\/2017\/08\/forofin2-768x461.jpg 768w\" sizes=\"auto, (max-width: 322px) 100vw, 322px\" \/><\/span><\/p>\n<p>\u00a0<\/p>\n<p>Comunicaciones- edici\u00f3n web. Edja- Upla \u00a04 de agosto 2017.\u00a0\u00a0<\/p>\n","protected":false},"excerpt":{"rendered":"<p>Organizado por el Programa Disciplinario de Educaci\u00f3n de J\u00f3venes y Adultos (Edja-Upla) de la Facultad de Educaci\u00f3n de la Universidad de Playa Ancha, en conjunto con la\u00a0Fundaci\u00f3n Tierra de Esperanza,\u00a0se llev\u00f3 cabo el 4\u00b0 Foro Itinerante de Educaci\u00f3n en Contextos de Encierro, que tuvo lugar el pasado d\u00eda mi\u00e9rcoles 26 de julio en la \u00a0sala [&hellip;]<\/p>\n","protected":false},"author":1,"featured_media":531,"comment_status":"closed","ping_status":"closed","sticky":false,"template":"","format":"standard","meta":{"_et_pb_use_builder":"","_et_pb_old_content":"","_et_gb_content_width":"","_oasis_is_in_workflow":0,"_oasis_original":0,"footnotes":""},"categories":[45],"tags":[],"class_list":["post-535","post","type-post","status-publish","format-standard","has-post-thumbnail","hentry","category-event"],"_links":{"self":[{"href":"http:\/\/educaciondeadultos.cl\/web\/wp-json\/wp\/v2\/posts\/535","targetHints":{"allow":["GET"]}}],"collection":[{"href":"http:\/\/educaciondeadultos.cl\/web\/wp-json\/wp\/v2\/posts"}],"about":[{"href":"http:\/\/educaciondeadultos.cl\/web\/wp-json\/wp\/v2\/types\/post"}],"author":[{"embeddable":true,"href":"http:\/\/educaciondeadultos.cl\/web\/wp-json\/wp\/v2\/users\/1"}],"replies":[{"embeddable":true,"href":"http:\/\/educaciondeadultos.cl\/web\/wp-json\/wp\/v2\/comments?post=535"}],"version-history":[{"count":0,"href":"http:\/\/educaciondeadultos.cl\/web\/wp-json\/wp\/v2\/posts\/535\/revisions"}],"wp:featuredmedia":[{"embeddable":true,"href":"http:\/\/educaciondeadultos.cl\/web\/wp-json\/wp\/v2\/media\/531"}],"wp:attachment":[{"href":"http:\/\/educaciondeadultos.cl\/web\/wp-json\/wp\/v2\/media?parent=535"}],"wp:term":[{"taxonomy":"category","embeddable":true,"href":"http:\/\/educaciondeadultos.cl\/web\/wp-json\/wp\/v2\/categories?post=535"},{"taxonomy":"post_tag","embeddable":true,"href":"http:\/\/educaciondeadultos.cl\/web\/wp-json\/wp\/v2\/tags?post=535"}],"curies":[{"name":"wp","href":"https:\/\/api.w.org\/{rel}","templated":true}]}}