{"id":530,"date":"2017-08-03T20:04:54","date_gmt":"2017-08-04T00:04:54","guid":{"rendered":"http:\/\/educaciondeadultos.cl\/web\/2017\/08\/03\/hasta-el-24-de-agosto-abiertas-matriculas-diplomado-educacion-de-adultos\/"},"modified":"2017-08-03T20:04:54","modified_gmt":"2017-08-04T00:04:54","slug":"hasta-el-24-de-agosto-abiertas-matriculas-diplomado-educacion-de-adultos","status":"publish","type":"post","link":"http:\/\/educaciondeadultos.cl\/web\/2017\/08\/03\/hasta-el-24-de-agosto-abiertas-matriculas-diplomado-educacion-de-adultos\/","title":{"rendered":"Hasta el 11 de agosto abiertas matr\u00edculas Diplomado Educaci\u00f3n de Adultos"},"content":{"rendered":"<p><img loading=\"lazy\" decoding=\"async\" class=\" size-full wp-image-528\" src=\"http:\/\/educaciondeadultos.cl\/web\/wp-content\/uploads\/2017\/08\/688edef27d20c6d387d970dcab33395a.jpg\" alt=\"\" width=\"640\" height=\"320\" srcset=\"http:\/\/educaciondeadultos.cl\/web\/wp-content\/uploads\/2017\/08\/688edef27d20c6d387d970dcab33395a.jpg 640w, http:\/\/educaciondeadultos.cl\/web\/wp-content\/uploads\/2017\/08\/688edef27d20c6d387d970dcab33395a-300x150.jpg 300w\" sizes=\"auto, (max-width: 640px) 100vw, 640px\" \/><\/p>\n<p style=\"text-align: left;\" align=\"center\"><span style=\"color: #000000;\"><img loading=\"lazy\" decoding=\"async\" class=\" alignright size-full wp-image-529\" src=\"http:\/\/educaciondeadultos.cl\/web\/wp-content\/uploads\/2017\/08\/magister.jpg\" border=\"0\" alt=\"\" width=\"526\" height=\"263\" style=\"float: right;\" srcset=\"http:\/\/educaciondeadultos.cl\/web\/wp-content\/uploads\/2017\/08\/magister.jpg 640w, http:\/\/educaciondeadultos.cl\/web\/wp-content\/uploads\/2017\/08\/magister-300x150.jpg 300w\" sizes=\"auto, (max-width: 526px) 100vw, 526px\" \/><\/span><\/p>\n<p style=\"text-align: left;\" align=\"center\"><span style=\"color: #000000;\">Hasta el \u00a011 de agosto del a\u00f1o en curso estar\u00e1 abierto el proceso de postulaci\u00f3n para cursar el diplomado de\u00a0<strong>Educaci\u00f3n de Adultos<\/strong>\u00a0que imparte el\u00a0<strong>Programa Interdisciplinario \u00a0de Educaci\u00f3n de Adultos y J\u00f3venes\u00a0<\/strong>de la Universidad de Playa Ancha de Valpara\u00edso.<\/span><\/p>\n<p style=\"text-align: left;\"><span style=\"color: #000000;\">Su prop\u00f3sito es formar especialistas de la educaci\u00f3n de poblaciones adultas capaces de favorecer el desarrollo de competencias cognitivas y socio \u2013 afectivas para la autorrealizaci\u00f3n de las personas en contextos socioculturales diversos. \u00a0A partir de un s\u00f3lido conocimiento de las bases filos\u00f3ficas, sociol\u00f3gicas, antropol\u00f3gicas y psicol\u00f3gicas de la poblaci\u00f3n beneficiaria, se espera que los diplomados puedan reflexionar y aprender sobre dise\u00f1os curriculares, estrategias metodol\u00f3gicas y evaluativas destinada a poblaciones adultas en diversas situaciones de aprendizaje.<\/span><\/p>\n<p style=\"text-align: justify;\"><span style=\"color: #000000;\">Este programa cuenta con c\u00f3digo SENCE, est\u00e1 inscrito en CPEIP y es v\u00e1lido por 400 horas. Se destaca que el estar reconocido por el CPEIP no implica que, para el caso de los docentes, \u00e9ste sea reconocido en las remuneraciones v\u00eda Nueva Carrera Docente.<\/span><\/p>\n<p style=\"text-align: justify;\"><strong><span style=\"color: #000000;\">Fecha de Inicio: <\/span><\/strong><span style=\"color: #000000;\">28 de agosto 2017<\/span><\/p>\n<p style=\"text-align: justify;\"><span style=\"color: #000000;\"><strong>Fecha de t\u00e9rmino<\/strong>: 31 de diciembre 2017<\/span><\/p>\n<p style=\"text-align: justify;\"><span style=\"color: #000000;\"><strong>Periodo de Postulaci\u00f3n<\/strong>: postulaciones abiertas hasta el 11 de agosto.<\/span><\/p>\n<p style=\"text-align: justify;\"><span style=\"color: #000000;\"><strong>Periodo de Matricula<\/strong>:\u00a0 14 al 24 de agosto 2017 \u00a0(Aranceles y web UPLA)<\/span><\/p>\n<p><strong>Ver m\u00e1s aqu\u00ed informaci\u00f3n:\u00a0<\/strong><strong>\u00a0\u00a0<a href=\"http:\/\/www.educaciondeadultos.cl\/index.php?option=com_k2&amp;view=item&amp;layout=item&amp;id=1287&amp;Itemid=829\">\u00a0Diplomado de Educaci\u00f3n de Adultos<\/a><\/strong><\/p>\n<p><strong>Comunicaciones\/web. \u00a02 de agosto 2017<\/strong>\u00a0<\/p>\n","protected":false},"excerpt":{"rendered":"<p>Hasta el \u00a011 de agosto del a\u00f1o en curso estar\u00e1 abierto el proceso de postulaci\u00f3n para cursar el diplomado de\u00a0Educaci\u00f3n de Adultos\u00a0que imparte el\u00a0Programa Interdisciplinario \u00a0de Educaci\u00f3n de Adultos y J\u00f3venes\u00a0de la Universidad de Playa Ancha de Valpara\u00edso. Su prop\u00f3sito es formar especialistas de la educaci\u00f3n de poblaciones adultas capaces de favorecer el desarrollo de [&hellip;]<\/p>\n","protected":false},"author":1,"featured_media":528,"comment_status":"closed","ping_status":"closed","sticky":false,"template":"","format":"standard","meta":{"_et_pb_use_builder":"","_et_pb_old_content":"","_et_gb_content_width":"","_oasis_is_in_workflow":0,"_oasis_original":0,"footnotes":""},"categories":[45],"tags":[],"class_list":["post-530","post","type-post","status-publish","format-standard","has-post-thumbnail","hentry","category-event"],"_links":{"self":[{"href":"http:\/\/educaciondeadultos.cl\/web\/wp-json\/wp\/v2\/posts\/530","targetHints":{"allow":["GET"]}}],"collection":[{"href":"http:\/\/educaciondeadultos.cl\/web\/wp-json\/wp\/v2\/posts"}],"about":[{"href":"http:\/\/educaciondeadultos.cl\/web\/wp-json\/wp\/v2\/types\/post"}],"author":[{"embeddable":true,"href":"http:\/\/educaciondeadultos.cl\/web\/wp-json\/wp\/v2\/users\/1"}],"replies":[{"embeddable":true,"href":"http:\/\/educaciondeadultos.cl\/web\/wp-json\/wp\/v2\/comments?post=530"}],"version-history":[{"count":0,"href":"http:\/\/educaciondeadultos.cl\/web\/wp-json\/wp\/v2\/posts\/530\/revisions"}],"wp:featuredmedia":[{"embeddable":true,"href":"http:\/\/educaciondeadultos.cl\/web\/wp-json\/wp\/v2\/media\/528"}],"wp:attachment":[{"href":"http:\/\/educaciondeadultos.cl\/web\/wp-json\/wp\/v2\/media?parent=530"}],"wp:term":[{"taxonomy":"category","embeddable":true,"href":"http:\/\/educaciondeadultos.cl\/web\/wp-json\/wp\/v2\/categories?post=530"},{"taxonomy":"post_tag","embeddable":true,"href":"http:\/\/educaciondeadultos.cl\/web\/wp-json\/wp\/v2\/tags?post=530"}],"curies":[{"name":"wp","href":"https:\/\/api.w.org\/{rel}","templated":true}]}}