{"id":525,"date":"2017-07-24T21:49:09","date_gmt":"2017-07-25T01:49:09","guid":{"rendered":"http:\/\/educaciondeadultos.cl\/web\/2017\/07\/24\/4-foro-itinerante-de-educacion-en-contextos-de-encierro-en-upla\/"},"modified":"2017-07-24T21:49:09","modified_gmt":"2017-07-25T01:49:09","slug":"4-foro-itinerante-de-educacion-en-contextos-de-encierro-en-upla","status":"publish","type":"post","link":"http:\/\/educaciondeadultos.cl\/web\/2017\/07\/24\/4-foro-itinerante-de-educacion-en-contextos-de-encierro-en-upla\/","title":{"rendered":"4\u00b0 Foro Itinerante de Educaci\u00f3n en Contextos de Encierro en Upla"},"content":{"rendered":"<p><img loading=\"lazy\" decoding=\"async\" class=\" size-full wp-image-523\" src=\"http:\/\/educaciondeadultos.cl\/web\/wp-content\/uploads\/2017\/07\/8952442977db6da9e768909045378306.jpg\" alt=\"\" width=\"509\" height=\"720\" srcset=\"http:\/\/educaciondeadultos.cl\/web\/wp-content\/uploads\/2017\/07\/8952442977db6da9e768909045378306.jpg 509w, http:\/\/educaciondeadultos.cl\/web\/wp-content\/uploads\/2017\/07\/8952442977db6da9e768909045378306-212x300.jpg 212w\" sizes=\"auto, (max-width: 509px) 100vw, 509px\" \/><\/p>\n<p style=\"text-align: center;\"><img loading=\"lazy\" decoding=\"async\" class=\" size-full wp-image-524\" src=\"http:\/\/educaciondeadultos.cl\/web\/wp-content\/uploads\/2017\/07\/aficheforo.jpg\" border=\"0\" alt=\"\" width=\"509\" height=\"720\" srcset=\"http:\/\/educaciondeadultos.cl\/web\/wp-content\/uploads\/2017\/07\/aficheforo.jpg 509w, http:\/\/educaciondeadultos.cl\/web\/wp-content\/uploads\/2017\/07\/aficheforo-212x300.jpg 212w\" sizes=\"auto, (max-width: 509px) 100vw, 509px\" \/><\/p>\n<p style=\"text-align: left;\"><span style=\"color: #000000;\">Nota: Esta actividad est\u00e1 dirigida a los integrantes de la Red\u00a0Chilena de Pedagog\u00eda en Contextos de Encierro e invitados por parte de las instituciones organizadoras y patrocinadoras. M\u00e1s informaciones en: contextosdeencierro@upla.cl<\/span><\/p>\n<p>Edici\u00f3n web. 24 de junlio 2017.<\/p>\n","protected":false},"excerpt":{"rendered":"<p>Nota: Esta actividad est\u00e1 dirigida a los integrantes de la Red\u00a0Chilena de Pedagog\u00eda en Contextos de Encierro e invitados por parte de las instituciones organizadoras y patrocinadoras. M\u00e1s informaciones en: contextosdeencierro@upla.cl Edici\u00f3n web. 24 de junlio 2017.<\/p>\n","protected":false},"author":1,"featured_media":523,"comment_status":"closed","ping_status":"closed","sticky":false,"template":"","format":"standard","meta":{"_et_pb_use_builder":"","_et_pb_old_content":"","_et_gb_content_width":"","_oasis_is_in_workflow":0,"_oasis_original":0,"footnotes":""},"categories":[45],"tags":[],"class_list":["post-525","post","type-post","status-publish","format-standard","has-post-thumbnail","hentry","category-event"],"_links":{"self":[{"href":"http:\/\/educaciondeadultos.cl\/web\/wp-json\/wp\/v2\/posts\/525","targetHints":{"allow":["GET"]}}],"collection":[{"href":"http:\/\/educaciondeadultos.cl\/web\/wp-json\/wp\/v2\/posts"}],"about":[{"href":"http:\/\/educaciondeadultos.cl\/web\/wp-json\/wp\/v2\/types\/post"}],"author":[{"embeddable":true,"href":"http:\/\/educaciondeadultos.cl\/web\/wp-json\/wp\/v2\/users\/1"}],"replies":[{"embeddable":true,"href":"http:\/\/educaciondeadultos.cl\/web\/wp-json\/wp\/v2\/comments?post=525"}],"version-history":[{"count":0,"href":"http:\/\/educaciondeadultos.cl\/web\/wp-json\/wp\/v2\/posts\/525\/revisions"}],"wp:featuredmedia":[{"embeddable":true,"href":"http:\/\/educaciondeadultos.cl\/web\/wp-json\/wp\/v2\/media\/523"}],"wp:attachment":[{"href":"http:\/\/educaciondeadultos.cl\/web\/wp-json\/wp\/v2\/media?parent=525"}],"wp:term":[{"taxonomy":"category","embeddable":true,"href":"http:\/\/educaciondeadultos.cl\/web\/wp-json\/wp\/v2\/categories?post=525"},{"taxonomy":"post_tag","embeddable":true,"href":"http:\/\/educaciondeadultos.cl\/web\/wp-json\/wp\/v2\/tags?post=525"}],"curies":[{"name":"wp","href":"https:\/\/api.w.org\/{rel}","templated":true}]}}