{"id":522,"date":"2017-07-03T17:40:12","date_gmt":"2017-07-03T21:40:12","guid":{"rendered":"http:\/\/educaciondeadultos.cl\/web\/2017\/07\/03\/privacion-de-la-libertad-en-america-latina-desafios-para-las-politicas-de-derechos-humanos\/"},"modified":"2017-07-03T17:40:12","modified_gmt":"2017-07-03T21:40:12","slug":"privacion-de-la-libertad-en-america-latina-desafios-para-las-politicas-de-derechos-humanos","status":"publish","type":"post","link":"http:\/\/educaciondeadultos.cl\/web\/2017\/07\/03\/privacion-de-la-libertad-en-america-latina-desafios-para-las-politicas-de-derechos-humanos\/","title":{"rendered":"Privaci\u00f3n de la libertad en Am\u00e9rica Latina: desaf\u00edos para las pol\u00edticas de Derechos Humanos"},"content":{"rendered":"<p><img loading=\"lazy\" decoding=\"async\" class=\" size-full wp-image-520\" src=\"http:\/\/educaciondeadultos.cl\/web\/wp-content\/uploads\/2017\/07\/fdcdab7b883db46c6461d37dc1d99b74.jpg\" alt=\"\" width=\"300\" height=\"216\" \/><\/p>\n<p style=\"text-align: left;\" align=\"center\"><span style=\"color: #000000; font-family: verdana, geneva; font-size: small;\"><img loading=\"lazy\" decoding=\"async\" class=\" alignright size-full wp-image-521\" src=\"http:\/\/educaciondeadultos.cl\/web\/wp-content\/uploads\/2017\/07\/bannersimpisiosalamaca.jpg\" border=\"0\" alt=\"\" width=\"332\" height=\"239\" style=\"float: right;\" \/>El 56 ICA Congreso Internacional de Americanistas que se celebrar\u00e1 en Salamanca \u2013 Espa\u00f1a en el per\u00edodo del 15 al 20 de julio de 2018, invita a participar a los investigadores interesados \u200b\u200ben\u00a0 el simposio \u00ab<\/span><strong style=\"color: #000000; font-family: verdana, geneva; font-size: 12.16px;\"><em>Privaci\u00f3n de la libertad en Am\u00e9rica Latina: desaf\u00edos para las pol\u00edticas de Derechos Humanos<\/em><\/strong><span style=\"color: #000000; font-family: verdana, geneva; font-size: small;\"> \u00bb &#8211; coordinado por los profesores\u00a0 Dr. Elionaldo Juli\u00e3o (Universidad Federal Fluminense \/ Brasil) y Dra.Violeta Acu\u00f1a-Collado (Universidad de Playa Ancha \/ Chile).<\/span><\/p>\n<p style=\"text-align: left;\"><span style=\"font-family: verdana, geneva; font-size: small; color: #000000;\">El objetivo del Simposio es reunir profesionales de diversas \u00e1reas de las ciencias humanas y sociales interesados en reflexionar sobre los aspectos jur\u00eddicos, pol\u00edticos, ideol\u00f3gicos e administrativos que involucran este problema en Am\u00e9rica Latina, y principalmente sobre las pol\u00edticas p\u00fablicas para enfrentar o minimizar las vulnerabilidades que el sistema punitivo produce. El n\u00facleo de este Simposio aborda el debate sobre la interdisciplinaridad en los aspectos de la privaci\u00f3n de la libertad dentro de las sociedades contempor\u00e1neas. Se buscar\u00e1 discutir diagn\u00f3sticos de las experiencias latinoamericanas, suscitando las reflexiones sobre: legislaci\u00f3n, cuestiones de g\u00e9nero, pol\u00edticas de ejecuci\u00f3n penal y derechos humanos; pol\u00edticas de privaci\u00f3n de la libertad de j\u00f3venes en conflicto con la Ley; alternativas penales de participaci\u00f3n social; programas de convivencia familiar y comunitaria; pol\u00edticas para los egresos; pol\u00edticas de salud, educaci\u00f3n y trabajo como \u00a0tambi\u00e9n \u00abpol\u00edticas de tratamiento penitenciario y socioeducativo\u00bb.<\/span><\/p>\n<p><span style=\"font-family: verdana, geneva; font-size: small; color: #000000;\">Los interesados deber\u00e1n ingresar en la p\u00e1gina web del ICA\u00a0<span style=\"text-decoration: underline;\"><a href=\"http:\/\/www.ica2018.es\/%C2%A0\"><span style=\"color: #000000; text-decoration: underline;\">http:\/\/www.ica2018.es\/\u00a0<\/span><\/a><\/span>dentro de la pesta\u00f1a \u201cSimposio y ponencias\u201d en el eje tem\u00e1tico \u00abEstudios Sociales\u00bb, Simposio \u201c12\/46\u201d.\u00a0<\/span><\/p>\n<p><span style=\"font-family: verdana, geneva; font-size: small; color: #000000;\"><strong>Fechas importantes:<\/strong><\/span><\/p>\n<p><span style=\"font-family: verdana, geneva; font-size: small; color: #000000;\">15 de junio 2017. \u00a0\u00a0\u00a0\u00a0\u00a0 Inicia el plazo de presentaci\u00f3n de propuestas de ponencias.<\/span><\/p>\n<p><span style=\"font-family: verdana, geneva; font-size: small; color: #000000;\">20 de octubre 2017.\u00a0 Cierra el plazo de presentaci\u00f3n de propuestas de ponencias.<\/span><\/p>\n<p><span style=\"font-family: verdana, geneva; font-size: small; color: #000000;\">31 de octubre 2017. \u00a0\u00a0 Comunicaci\u00f3n de las ponencias aceptadas.<\/span><\/p>\n<p><span style=\"font-family: verdana, geneva; font-size: small; color: #000000;\">Hasta el 1 de junio de 2018. \u00a0 Entrega de ponencias completas a trav\u00e9s de la plataforma del Congreso.<\/span><\/p>\n<p><span style=\"font-family: verdana, geneva; font-size: small; color: #000000;\">Para la consulta de fechas visite:\u00a0\u00a0<a href=\"http:\/\/ica2018.es\/fechas-importantes\/\" target=\"_blank\"><span style=\"color: #000000;\">http:\/\/ica2018.es\/fechas-importantes\/<\/span><\/a><\/span><\/p>\n<p><strong><span style=\"font-family: verdana, geneva; font-size: small; color: #000000;\">\u00a0Para consultas con los coordinadores del Simp\u00f3sio:<\/span><\/strong><\/p>\n<p><span style=\"font-family: verdana, geneva; font-size: small; color: #000000;\">Violeta Acu\u00f1a C.\u00a0 (<a href=\"mailto:V-acuna@upla.cl\"><span style=\"color: #000000;\">V-acuna@upla.cl<\/span><\/a>)<\/span><\/p>\n<p><span style=\"font-family: verdana, geneva; font-size: small; color: #000000;\">Elionaldo Juli\u00e3o\u00a0 (<a href=\"mailto:elionaldoj@yahoo.com.br\"><span style=\"color: #000000;\">elionaldoj@yahoo.com.br<\/span><\/a>)<\/span><\/p>\n<p><span style=\"font-family: verdana, geneva; font-size: x-small; color: #000000;\">Edici\u00f3n web\/ 3 de julio 2017<\/span><\/p>\n","protected":false},"excerpt":{"rendered":"<p>El 56 ICA Congreso Internacional de Americanistas que se celebrar\u00e1 en Salamanca \u2013 Espa\u00f1a en el per\u00edodo del 15 al 20 de julio de 2018, invita a participar a los investigadores interesados \u200b\u200ben\u00a0 el simposio \u00abPrivaci\u00f3n de la libertad en Am\u00e9rica Latina: desaf\u00edos para las pol\u00edticas de Derechos Humanos \u00bb &#8211; coordinado por los profesores\u00a0 [&hellip;]<\/p>\n","protected":false},"author":1,"featured_media":520,"comment_status":"closed","ping_status":"closed","sticky":false,"template":"","format":"standard","meta":{"_et_pb_use_builder":"","_et_pb_old_content":"","_et_gb_content_width":"","_oasis_is_in_workflow":0,"_oasis_original":0,"footnotes":""},"categories":[45],"tags":[],"class_list":["post-522","post","type-post","status-publish","format-standard","has-post-thumbnail","hentry","category-event"],"_links":{"self":[{"href":"http:\/\/educaciondeadultos.cl\/web\/wp-json\/wp\/v2\/posts\/522","targetHints":{"allow":["GET"]}}],"collection":[{"href":"http:\/\/educaciondeadultos.cl\/web\/wp-json\/wp\/v2\/posts"}],"about":[{"href":"http:\/\/educaciondeadultos.cl\/web\/wp-json\/wp\/v2\/types\/post"}],"author":[{"embeddable":true,"href":"http:\/\/educaciondeadultos.cl\/web\/wp-json\/wp\/v2\/users\/1"}],"replies":[{"embeddable":true,"href":"http:\/\/educaciondeadultos.cl\/web\/wp-json\/wp\/v2\/comments?post=522"}],"version-history":[{"count":0,"href":"http:\/\/educaciondeadultos.cl\/web\/wp-json\/wp\/v2\/posts\/522\/revisions"}],"wp:featuredmedia":[{"embeddable":true,"href":"http:\/\/educaciondeadultos.cl\/web\/wp-json\/wp\/v2\/media\/520"}],"wp:attachment":[{"href":"http:\/\/educaciondeadultos.cl\/web\/wp-json\/wp\/v2\/media?parent=522"}],"wp:term":[{"taxonomy":"category","embeddable":true,"href":"http:\/\/educaciondeadultos.cl\/web\/wp-json\/wp\/v2\/categories?post=522"},{"taxonomy":"post_tag","embeddable":true,"href":"http:\/\/educaciondeadultos.cl\/web\/wp-json\/wp\/v2\/tags?post=522"}],"curies":[{"name":"wp","href":"https:\/\/api.w.org\/{rel}","templated":true}]}}