{"id":510,"date":"2017-06-22T02:40:45","date_gmt":"2017-06-22T06:40:45","guid":{"rendered":"http:\/\/educaciondeadultos.cl\/web\/2017\/06\/22\/abiertas-postulaciones-diplomado-educacion-de-adultos-2017\/"},"modified":"2017-06-22T02:40:45","modified_gmt":"2017-06-22T06:40:45","slug":"abiertas-postulaciones-diplomado-educacion-de-adultos-2017","status":"publish","type":"post","link":"http:\/\/educaciondeadultos.cl\/web\/2017\/06\/22\/abiertas-postulaciones-diplomado-educacion-de-adultos-2017\/","title":{"rendered":"ABIERTAS POSTULACIONES DIPLOMADO EDUCACION DE ADULTOS 2017"},"content":{"rendered":"<p><img loading=\"lazy\" decoding=\"async\" class=\" size-full wp-image-508\" src=\"http:\/\/educaciondeadultos.cl\/web\/wp-content\/uploads\/2017\/06\/808b8abbfd1fb3b14dda865dee2d7062.jpg\" alt=\"\" width=\"954\" height=\"362\" srcset=\"http:\/\/educaciondeadultos.cl\/web\/wp-content\/uploads\/2017\/06\/808b8abbfd1fb3b14dda865dee2d7062.jpg 954w, http:\/\/educaciondeadultos.cl\/web\/wp-content\/uploads\/2017\/06\/808b8abbfd1fb3b14dda865dee2d7062-300x114.jpg 300w, http:\/\/educaciondeadultos.cl\/web\/wp-content\/uploads\/2017\/06\/808b8abbfd1fb3b14dda865dee2d7062-768x291.jpg 768w\" sizes=\"auto, (max-width: 954px) 100vw, 954px\" \/><\/p>\n<p style=\"text-align: left;\" align=\"center\"><img loading=\"lazy\" decoding=\"async\" class=\" size-full wp-image-509\" src=\"http:\/\/educaciondeadultos.cl\/web\/wp-content\/uploads\/2017\/06\/diplomadoedcfin.jpg\" border=\"0\" alt=\"\" width=\"1100\" height=\"254\" \/><\/p>\n<p style=\"text-align: left;\" align=\"center\">\u00a0<span style=\"color: #000000;\">Hasta el \u00a024 de agosto estar\u00e1 abierto el proceso de postulaci\u00f3n para cursar el diplomado de\u00a0<strong>Educaci\u00f3n de Adultos<\/strong>\u00a0que imparte el\u00a0<strong>Programa Interdisciplinario \u00a0de Educaci\u00f3n de Adultos y J\u00f3venes\u00a0<\/strong>de la Universidad de Playa Ancha de Valpara\u00edso. Se trata del\u00a0<strong>Diplomado de Educaci\u00f3n;\u00a0<\/strong>\u00a0instancia que dentro del paradigma de formaci\u00f3n permanente, potencia a profesionales en materias tales como\u00a0dise\u00f1o curricular, estrategias metodol\u00f3gicas y evaluativas espec\u00edficas de la EPJA en sus diversos contextos de ejecuci\u00f3n y situaciones de aprendizaje.\u00a0<\/span><\/p>\n<p style=\"text-align: left;\"><span style=\"color: #000000;\">La malla curricular tambi\u00e9n aborda materias asociadas a las caracter\u00edsticas propias de los potenciales grupos de beneficiarios de la Educaci\u00f3n de Adultos, adem\u00e1s de incluir espacios de conocimiento y reflexi\u00f3n de los desaf\u00edos y el contexto de apertura de la Educaci\u00f3n de Adultos en la formaci\u00f3n de capacidades humanas y ciudadanas.\u00a0<\/span><\/p>\n<p><span style=\"color: #000000;\">Las clases del diplomado comenzar\u00e1n en el mes de agosto de 2017.<\/span><\/p>\n<p><span style=\"color: #000000;\"><strong>Mayores informaciones:\u00a0<a href=\"mailto:educaciondejovenesyadultos@upla.cl\"><span style=\"color: #000000;\">educaciondejovenesyadultos@upla.cl<\/span><\/a><\/strong><\/span><\/p>\n<p><span style=\"color: #000000;\"><strong>Ver m\u00e1s aqu\u00ed informaci\u00f3n:\u00a0<\/strong><strong>\u00a0\u00a0<a href=\"http:\/\/www.educaciondeadultos.cl\/index.php?option=com_k2&amp;view=item&amp;layout=item&amp;id=1287&amp;Itemid=829\"><span style=\"color: #000000;\">\u00a0Diplomado de Educaci\u00f3n de Adultos<\/span><\/a><\/strong><\/span><\/p>\n<p><span style=\"color: #000000;\"><strong>Comunicaciones\/web. 22 de junio 2017<\/strong>\u00a0<\/span><\/p>\n","protected":false},"excerpt":{"rendered":"<p>\u00a0Hasta el \u00a024 de agosto estar\u00e1 abierto el proceso de postulaci\u00f3n para cursar el diplomado de\u00a0Educaci\u00f3n de Adultos\u00a0que imparte el\u00a0Programa Interdisciplinario \u00a0de Educaci\u00f3n de Adultos y J\u00f3venes\u00a0de la Universidad de Playa Ancha de Valpara\u00edso. Se trata del\u00a0Diplomado de Educaci\u00f3n;\u00a0\u00a0instancia que dentro del paradigma de formaci\u00f3n permanente, potencia a profesionales en materias tales como\u00a0dise\u00f1o curricular, estrategias [&hellip;]<\/p>\n","protected":false},"author":1,"featured_media":508,"comment_status":"closed","ping_status":"closed","sticky":false,"template":"","format":"standard","meta":{"_et_pb_use_builder":"","_et_pb_old_content":"","_et_gb_content_width":"","_oasis_is_in_workflow":0,"_oasis_original":0,"footnotes":""},"categories":[45],"tags":[],"class_list":["post-510","post","type-post","status-publish","format-standard","has-post-thumbnail","hentry","category-event"],"_links":{"self":[{"href":"http:\/\/educaciondeadultos.cl\/web\/wp-json\/wp\/v2\/posts\/510","targetHints":{"allow":["GET"]}}],"collection":[{"href":"http:\/\/educaciondeadultos.cl\/web\/wp-json\/wp\/v2\/posts"}],"about":[{"href":"http:\/\/educaciondeadultos.cl\/web\/wp-json\/wp\/v2\/types\/post"}],"author":[{"embeddable":true,"href":"http:\/\/educaciondeadultos.cl\/web\/wp-json\/wp\/v2\/users\/1"}],"replies":[{"embeddable":true,"href":"http:\/\/educaciondeadultos.cl\/web\/wp-json\/wp\/v2\/comments?post=510"}],"version-history":[{"count":0,"href":"http:\/\/educaciondeadultos.cl\/web\/wp-json\/wp\/v2\/posts\/510\/revisions"}],"wp:featuredmedia":[{"embeddable":true,"href":"http:\/\/educaciondeadultos.cl\/web\/wp-json\/wp\/v2\/media\/508"}],"wp:attachment":[{"href":"http:\/\/educaciondeadultos.cl\/web\/wp-json\/wp\/v2\/media?parent=510"}],"wp:term":[{"taxonomy":"category","embeddable":true,"href":"http:\/\/educaciondeadultos.cl\/web\/wp-json\/wp\/v2\/categories?post=510"},{"taxonomy":"post_tag","embeddable":true,"href":"http:\/\/educaciondeadultos.cl\/web\/wp-json\/wp\/v2\/tags?post=510"}],"curies":[{"name":"wp","href":"https:\/\/api.w.org\/{rel}","templated":true}]}}