{"id":507,"date":"2017-06-16T04:57:20","date_gmt":"2017-06-16T08:57:20","guid":{"rendered":"http:\/\/educaciondeadultos.cl\/web\/2017\/06\/16\/convocatoria-financiamiento-investigaciones-de-estudiantes-y-academicos-con-enfoque-territorial\/"},"modified":"2017-06-16T04:57:20","modified_gmt":"2017-06-16T08:57:20","slug":"convocatoria-financiamiento-investigaciones-de-estudiantes-y-academicos-con-enfoque-territorial","status":"publish","type":"post","link":"http:\/\/educaciondeadultos.cl\/web\/2017\/06\/16\/convocatoria-financiamiento-investigaciones-de-estudiantes-y-academicos-con-enfoque-territorial\/","title":{"rendered":"Convocatoria financiamiento investigaciones de estudiantes y acad\u00e9micos con enfoque territorial"},"content":{"rendered":"<p><img loading=\"lazy\" decoding=\"async\" class=\" size-full wp-image-505\" src=\"http:\/\/educaciondeadultos.cl\/web\/wp-content\/uploads\/2017\/06\/391ea8910617ad2f9d1c0fb68b3cc265.jpg\" alt=\"\" width=\"625\" height=\"423\" srcset=\"http:\/\/educaciondeadultos.cl\/web\/wp-content\/uploads\/2017\/06\/391ea8910617ad2f9d1c0fb68b3cc265.jpg 625w, http:\/\/educaciondeadultos.cl\/web\/wp-content\/uploads\/2017\/06\/391ea8910617ad2f9d1c0fb68b3cc265-300x203.jpg 300w\" sizes=\"auto, (max-width: 625px) 100vw, 625px\" \/><\/p>\n<p><span style=\"font-family: verdana, geneva; font-size: small;\"><img loading=\"lazy\" decoding=\"async\" class=\" alignright size-full wp-image-506\" src=\"http:\/\/educaciondeadultos.cl\/web\/wp-content\/uploads\/2017\/06\/10-pancha_opt.jpg\" border=\"0\" alt=\"\" width=\"545\" height=\"369\" style=\"float: right;\" srcset=\"http:\/\/educaciondeadultos.cl\/web\/wp-content\/uploads\/2017\/06\/10-pancha_opt.jpg 625w, http:\/\/educaciondeadultos.cl\/web\/wp-content\/uploads\/2017\/06\/10-pancha_opt-300x203.jpg 300w\" sizes=\"auto, (max-width: 545px) 100vw, 545px\" \/><span style=\"color: #000000;\">Hasta el pr\u00f3ximo 3 de julio, habr\u00e1 plazo para que estudiantes, por una parte y acad\u00e9micos (as) por otra, postulen a los respectivos concursos de financiamiento de investigaci\u00f3n (segundo semestre del 2017), pertenecientes al\u00a0<strong>Convenio de Desempe\u00f1o \u201cInnovaci\u00f3n Social para el Desarrollo Territorial de Playa Ancha\u201d (CD UPA 1301)<\/strong>, cuyo objetivo es promover la realizaci\u00f3n de trabajos que contribuyan al desarrollo territorial de las comunidades, mediante la generaci\u00f3n de conocimiento compartido entre la\u00a0<strong>Universidad de Playa Ancha (UPLA)<\/strong>\u00a0y actores sociales p\u00fablicos, privados y miembros de la sociedad civil.<\/span><\/span><\/p>\n<p><span style=\"font-family: verdana, geneva; font-size: small; color: #000000;\">En ambos casos, los proyectos focalizados en las provincias de Valpara\u00edso o San Felipe, deben abordar algunas de las siguientes materias: Medioambiente, Espacios P\u00fablicos, Participaci\u00f3n Social, Democracia y Desarrollo local, Patrimonio, Vida de barrio y Cultura, y Salud, Convivencia y Calidad de Vida. En ese sentido, tem\u00e1ticas como educaci\u00f3n ambiental, desarrollo de experiencias art\u00edsticas participativas y din\u00e1micas de producci\u00f3n y consumo cultural, pueden ser investigadas en el marco de esta iniciativa del CD UPA 1301, que valorar\u00e1 en especial la interdisciplinariedad en los equipos.<\/span><\/p>\n<p><span style=\"font-family: verdana, geneva; font-size: small; color: #000000;\">Respecto al\u00a0<strong>concurso de acad\u00e9micos (as)<\/strong>, es importante se\u00f1alar que va dirigido a profesores (as) tanto de planta como a contrata de las distintas facultades de la UPLA (Valpara\u00edso y San Felipe) y que considera, adem\u00e1s, la participaci\u00f3n de estudiantes como ayudantes de investigaci\u00f3n. Para conocer m\u00e1s detalles sobre esta convocatoria, revisar\u00a0<a href=\"http:\/\/www.upla.cl\/noticias\/wp-content\/uploads\/2017\/06\/INVESTIGACI%C3%93N-CD-UPA-1301-ACAD%C3%89MICOS-2017-1.docx\"><span style=\"color: #000000;\"><strong>aqu\u00ed<\/strong><\/span><\/a><\/span><\/p>\n<p><span style=\"font-family: verdana, geneva; font-size: small; color: #000000;\">En tanto, el\u00a0<strong>concurso para estudiantes<\/strong>, est\u00e1 orientado a alumnos y alumnas de cursos superiores (5\u00b0 semestre en adelante), que se encuentren con sus matr\u00edculas 2017 al d\u00eda. Las bases y el formulario respectivo, se pueden descargar.\u00a0<\/span><\/p>\n<p><span style=\"color: #000000;\"><span style=\"font-family: verdana, geneva; font-size: small;\">Por \u00faltimo, tanto las propuestas de acad\u00e9micos (as) como las de estudiantes, deben ser entregadas a m\u00e1s tardar a las 17.00 horas del\u00a0<strong>pr\u00f3ximo lunes 3 de julio<\/strong>\u00a0en la\u00a0<strong>oficina del CD UPA 1301<\/strong>, ubicada en el segundo piso de la Biblioteca Central de esta casa de estudios, a un costado de la Sala de Alta Demanda.\u00a0<\/span><strong><a href=\"http:\/\/www.upla.cl\/noticias\/2017\/06\/15\/convenio-upa-1301-abre-convocatoria-para-financiar-investigaciones-de-estudiantes-y-academicos-con-enfoque-territorial\/\"><span style=\"font-family: verdana, geneva; font-size: small; color: #000000;\">Ver m\u00e1s aqu\u00ed<\/span><\/a><\/strong><\/span><\/p>\n<p><strong><span style=\"font-family: verdana, geneva; font-size: x-small;\">Fuente. Upla Noticias \/Edici\u00f3n web 15 de junio 2017<\/span><\/strong><\/p>\n","protected":false},"excerpt":{"rendered":"<p>Hasta el pr\u00f3ximo 3 de julio, habr\u00e1 plazo para que estudiantes, por una parte y acad\u00e9micos (as) por otra, postulen a los respectivos concursos de financiamiento de investigaci\u00f3n (segundo semestre del 2017), pertenecientes al\u00a0Convenio de Desempe\u00f1o \u201cInnovaci\u00f3n Social para el Desarrollo Territorial de Playa Ancha\u201d (CD UPA 1301), cuyo objetivo es promover la realizaci\u00f3n de [&hellip;]<\/p>\n","protected":false},"author":1,"featured_media":505,"comment_status":"closed","ping_status":"closed","sticky":false,"template":"","format":"standard","meta":{"_et_pb_use_builder":"","_et_pb_old_content":"","_et_gb_content_width":"","_oasis_is_in_workflow":0,"_oasis_original":0,"footnotes":""},"categories":[45],"tags":[],"class_list":["post-507","post","type-post","status-publish","format-standard","has-post-thumbnail","hentry","category-event"],"_links":{"self":[{"href":"http:\/\/educaciondeadultos.cl\/web\/wp-json\/wp\/v2\/posts\/507","targetHints":{"allow":["GET"]}}],"collection":[{"href":"http:\/\/educaciondeadultos.cl\/web\/wp-json\/wp\/v2\/posts"}],"about":[{"href":"http:\/\/educaciondeadultos.cl\/web\/wp-json\/wp\/v2\/types\/post"}],"author":[{"embeddable":true,"href":"http:\/\/educaciondeadultos.cl\/web\/wp-json\/wp\/v2\/users\/1"}],"replies":[{"embeddable":true,"href":"http:\/\/educaciondeadultos.cl\/web\/wp-json\/wp\/v2\/comments?post=507"}],"version-history":[{"count":0,"href":"http:\/\/educaciondeadultos.cl\/web\/wp-json\/wp\/v2\/posts\/507\/revisions"}],"wp:featuredmedia":[{"embeddable":true,"href":"http:\/\/educaciondeadultos.cl\/web\/wp-json\/wp\/v2\/media\/505"}],"wp:attachment":[{"href":"http:\/\/educaciondeadultos.cl\/web\/wp-json\/wp\/v2\/media?parent=507"}],"wp:term":[{"taxonomy":"category","embeddable":true,"href":"http:\/\/educaciondeadultos.cl\/web\/wp-json\/wp\/v2\/categories?post=507"},{"taxonomy":"post_tag","embeddable":true,"href":"http:\/\/educaciondeadultos.cl\/web\/wp-json\/wp\/v2\/tags?post=507"}],"curies":[{"name":"wp","href":"https:\/\/api.w.org\/{rel}","templated":true}]}}