{"id":504,"date":"2017-06-12T15:24:00","date_gmt":"2017-06-12T19:24:00","guid":{"rendered":"http:\/\/educaciondeadultos.cl\/web\/2017\/06\/12\/tesistas-e-investigadores-se-reuniran-en-primer-encuentro-internacional-sobre-educacion-en-carceles\/"},"modified":"2017-06-12T15:24:00","modified_gmt":"2017-06-12T19:24:00","slug":"tesistas-e-investigadores-se-reuniran-en-primer-encuentro-internacional-sobre-educacion-en-carceles","status":"publish","type":"post","link":"http:\/\/educaciondeadultos.cl\/web\/2017\/06\/12\/tesistas-e-investigadores-se-reuniran-en-primer-encuentro-internacional-sobre-educacion-en-carceles\/","title":{"rendered":"Tesistas e Investigadores: Primer encuentro internacional sobre Educaci\u00f3n en C\u00e1rceles"},"content":{"rendered":"<p><img loading=\"lazy\" decoding=\"async\" class=\" size-full wp-image-502\" src=\"http:\/\/educaciondeadultos.cl\/web\/wp-content\/uploads\/2017\/06\/ba0de4516e0eb74cc70e755ba1f8371d.jpg\" alt=\"\" width=\"1200\" height=\"630\" srcset=\"http:\/\/educaciondeadultos.cl\/web\/wp-content\/uploads\/2017\/06\/ba0de4516e0eb74cc70e755ba1f8371d.jpg 1200w, http:\/\/educaciondeadultos.cl\/web\/wp-content\/uploads\/2017\/06\/ba0de4516e0eb74cc70e755ba1f8371d-300x158.jpg 300w, http:\/\/educaciondeadultos.cl\/web\/wp-content\/uploads\/2017\/06\/ba0de4516e0eb74cc70e755ba1f8371d-768x403.jpg 768w, http:\/\/educaciondeadultos.cl\/web\/wp-content\/uploads\/2017\/06\/ba0de4516e0eb74cc70e755ba1f8371d-1024x538.jpg 1024w\" sizes=\"auto, (max-width: 1200px) 100vw, 1200px\" \/><\/p>\n<p><img loading=\"lazy\" decoding=\"async\" class=\" size-full wp-image-503\" src=\"http:\/\/educaciondeadultos.cl\/web\/wp-content\/uploads\/2017\/06\/logoeventotesisar.jpg\" border=\"0\" alt=\"\" style=\"font-family: verdana, geneva; text-align: justify; font-size: 12.16px;\" width=\"1200\" height=\"630\" \/><\/p>\n<p style=\"text-align: left;\"><span style=\"font-family: verdana, geneva; text-align: justify; font-size: small; color: #000000;\">El Primer Encuentro Internacional de Tesistas de grado, posgrado e Investigadores en tem\u00e1ticas de c\u00e1rceles y acceso a derechos educativos se realizar\u00e1 el pr\u00f3ximo\u00a010 y 11 de noviembre en Buenos Aires, Argentina; un\u00a0espacio de encuentro para intercambiar experiencias, reflexiones\u00a0y abrir una discusi\u00f3n de la agenda de investigaci\u00f3n en temas vinculados a la educaci\u00f3n en la privaci\u00f3n de la libertad, convocando a debatir sus trabajos a quienes est\u00e9n desarrollando investigaciones en el campo de la privaci\u00f3n de la libertad y en vinculaci\u00f3n al acceso a derechos educativos y\u00a0parte de una necesaria toma de posici\u00f3n pol\u00edtica de los diferentes actores institucionales que conforman los diferentes claustros en la definici\u00f3n del sentido de los qu\u00e9, c\u00f3mo y para qu\u00e9 ingresar a trabajar e investigar en estos espacios.<\/span><\/p>\n<p style=\"text-align: left;\"><span style=\"font-family: verdana, geneva; text-align: justify; font-size: small; color: #000000;\">Seg\u00fan se menciona en la convocatoria,\u00a0en el \u00faltimo tercio de siglo, con diferentes grados de avance y desarrollo se vienen revisando los modos en que se asumen programas, proyectos, acciones desde las universidades en las c\u00e1rceles; tarea que se inscribe entre los desaf\u00edos que en la actualidad enfrentan estas instituciones: la demanda de revisi\u00f3n respecto del compromiso social que como instituci\u00f3n del estado ha de asumir.<\/span>\u00a0<\/p>\n<p style=\"text-align: left;\"><span style=\"font-family: verdana, geneva; font-size: small;\"><span style=\"color: #000000;\">La actividad que se realizar\u00e1 en el\u00a0el Centro Cultural Universitario\u00a0<\/span><span style=\"color: #000000;\">surge como iniciativa de las jornadas a partir del Programa Universidad en la C\u00e1rcel de la Secretar\u00eda de Extensi\u00f3n de rectorado de la Universidad Nacional del Centro de la Provincia de Buenos Aires (UNICEN), con el aval de las Facultades de Ciencias Sociales y de Derecho. \u00a0<\/span><\/span><\/p>\n<p style=\"text-align: left;\"><span style=\"font-size: small; font-family: verdana, geneva; color: #000000;\">El Programa Disciplinario de Educaci\u00f3n de J\u00f3venes y Adultos de la Facultad de Educaci\u00f3n, Universidad de Playa Ancha es una de las instancias convocantes, as\u00ed como tambi\u00e9n: Proyecto \u201cFormaci\u00f3n Docente, Estudiantes y Trama social\u201d. N\u00facleo Investigaciones en Formaci\u00f3n y Pr\u00e1cticas educativas (IFIPRACeD) de la \u00a0Facultad de Ciencias Sociales, UNICEN; Grupo de trabajo y estudios sobre Educaci\u00f3n para J\u00f3venes y Adultos en restricci\u00f3n y privaci\u00f3n de libertad del Centro de Estudios y Documentaci\u00f3n sobre Educaci\u00f3n de J\u00f3venes y Adultos de la Universidad Federal Fluminense de Brasil; Grupo de Estudios sobre Educaci\u00f3n en C\u00e1rceles (GESEC)- Argentina; RED LATISEC y la Red Latinoamericana de Investigadores sobre Educaci\u00f3n en C\u00e1rceles.<\/span><\/p>\n<p style=\"text-align: left;\"><span style=\"font-family: verdana, geneva; color: #000000; font-size: small;\"><strong>Inscripciones y m\u00e1s informaciones<\/strong>:\u00a0<strong><a href=\"mailto:eitice2017@gmail.com\"><span style=\"color: #000000;\">eitice2017@gmail.com<\/span><\/a>\u00a0<\/strong><\/span><\/p>\n<p style=\"text-align: left;\"><span style=\"font-family: verdana, geneva; color: #000000; font-size: small;\"><strong>Plazo Recepci\u00f3n de res\u00famenes: 15 de agosto &#8211; \u00a0Plazo recepci\u00f3n Ponencias:\u00a010 de octubre<\/strong><\/span><\/p>\n<p style=\"text-align: left;\"><span style=\"font-family: verdana, geneva; color: #000000; font-size: small;\">Comunicaciones web. 8 de junio 2017<\/span><span style=\"color: #000000; font-family: verdana, geneva; font-size: small;\">\u00a0<\/span><\/p>\n","protected":false},"excerpt":{"rendered":"<p>El Primer Encuentro Internacional de Tesistas de grado, posgrado e Investigadores en tem\u00e1ticas de c\u00e1rceles y acceso a derechos educativos se realizar\u00e1 el pr\u00f3ximo\u00a010 y 11 de noviembre en Buenos Aires, Argentina; un\u00a0espacio de encuentro para intercambiar experiencias, reflexiones\u00a0y abrir una discusi\u00f3n de la agenda de investigaci\u00f3n en temas vinculados a la educaci\u00f3n en la [&hellip;]<\/p>\n","protected":false},"author":1,"featured_media":502,"comment_status":"closed","ping_status":"closed","sticky":false,"template":"","format":"standard","meta":{"_et_pb_use_builder":"","_et_pb_old_content":"","_et_gb_content_width":"","_oasis_is_in_workflow":0,"_oasis_original":0,"footnotes":""},"categories":[45],"tags":[],"class_list":["post-504","post","type-post","status-publish","format-standard","has-post-thumbnail","hentry","category-event"],"_links":{"self":[{"href":"http:\/\/educaciondeadultos.cl\/web\/wp-json\/wp\/v2\/posts\/504","targetHints":{"allow":["GET"]}}],"collection":[{"href":"http:\/\/educaciondeadultos.cl\/web\/wp-json\/wp\/v2\/posts"}],"about":[{"href":"http:\/\/educaciondeadultos.cl\/web\/wp-json\/wp\/v2\/types\/post"}],"author":[{"embeddable":true,"href":"http:\/\/educaciondeadultos.cl\/web\/wp-json\/wp\/v2\/users\/1"}],"replies":[{"embeddable":true,"href":"http:\/\/educaciondeadultos.cl\/web\/wp-json\/wp\/v2\/comments?post=504"}],"version-history":[{"count":0,"href":"http:\/\/educaciondeadultos.cl\/web\/wp-json\/wp\/v2\/posts\/504\/revisions"}],"wp:featuredmedia":[{"embeddable":true,"href":"http:\/\/educaciondeadultos.cl\/web\/wp-json\/wp\/v2\/media\/502"}],"wp:attachment":[{"href":"http:\/\/educaciondeadultos.cl\/web\/wp-json\/wp\/v2\/media?parent=504"}],"wp:term":[{"taxonomy":"category","embeddable":true,"href":"http:\/\/educaciondeadultos.cl\/web\/wp-json\/wp\/v2\/categories?post=504"},{"taxonomy":"post_tag","embeddable":true,"href":"http:\/\/educaciondeadultos.cl\/web\/wp-json\/wp\/v2\/tags?post=504"}],"curies":[{"name":"wp","href":"https:\/\/api.w.org\/{rel}","templated":true}]}}