{"id":501,"date":"2017-06-12T14:08:00","date_gmt":"2017-06-12T18:08:00","guid":{"rendered":"http:\/\/educaciondeadultos.cl\/web\/2017\/06\/12\/abiertas-postulaciones-diplomado-educacion-de-adultos-en-contexto-de-encierro-2017\/"},"modified":"2017-06-12T14:08:00","modified_gmt":"2017-06-12T18:08:00","slug":"abiertas-postulaciones-diplomado-educacion-de-adultos-en-contexto-de-encierro-2017","status":"publish","type":"post","link":"http:\/\/educaciondeadultos.cl\/web\/2017\/06\/12\/abiertas-postulaciones-diplomado-educacion-de-adultos-en-contexto-de-encierro-2017\/","title":{"rendered":"Abiertas postulaciones Diplomado EDUCACION DE ADULTOS2017"},"content":{"rendered":"<p><img loading=\"lazy\" decoding=\"async\" class=\" size-full wp-image-500\" src=\"http:\/\/educaciondeadultos.cl\/web\/wp-content\/uploads\/2017\/06\/a906ecd58b062801ef8efce6e1a38d4d.jpg\" alt=\"\" width=\"640\" height=\"320\" srcset=\"http:\/\/educaciondeadultos.cl\/web\/wp-content\/uploads\/2017\/06\/a906ecd58b062801ef8efce6e1a38d4d.jpg 640w, http:\/\/educaciondeadultos.cl\/web\/wp-content\/uploads\/2017\/06\/a906ecd58b062801ef8efce6e1a38d4d-300x150.jpg 300w\" sizes=\"auto, (max-width: 640px) 100vw, 640px\" \/><\/p>\n<p style=\"text-align: right;\" align=\"center\"><span style=\"color: #000000; font-family: verdana, geneva; font-size: small;\"><img loading=\"lazy\" decoding=\"async\" class=\" alignleft size-full wp-image-303\" src=\"http:\/\/educaciondeadultos.cl\/web\/wp-content\/uploads\/2016\/03\/2013_1210_postgrado_fotografias_magister_educacion_adultos_640.jpg\" border=\"0\" alt=\"\" width=\"446\" height=\"223\" style=\"float: left;\" \/><\/span><\/p>\n<p style=\"text-align: left;\" align=\"center\"><span style=\"color: #000000; font-family: verdana, geneva; font-size: small;\">\u00a0 \u00a0<\/span><span style=\"font-family: verdana, geneva; font-size: small;\">Hasta el 31 de julio del a\u00f1o en curso estar\u00e1 abierto el proceso de postulaci\u00f3n para cursar el diplomado de <\/span><span style=\"font-family: verdana, geneva; font-size: small;\"><strong>Educaci\u00f3n de Adultos<\/strong> que imparte el <\/span><strong><span style=\"font-family: verdana, geneva; font-size: small;\">Programa Interdisciplinario \u00a0 de Educaci\u00f3n de Adultos y J\u00f3venes<\/span><\/strong><span style=\"font-family: verdana, geneva; font-size: small;\"> de la Universidad de Playa Ancha de Valpara\u00edso. Se trata del <strong>Diplomado de Educaci\u00f3n;\u00a0<\/strong>\u00a0instancia que dentro del paradigma de formaci\u00f3n permanente, potencia a profesionales en materias tales como\u00a0dise\u00f1o curricular, estrategias metodol\u00f3gicas y evaluativas espec\u00edficas de la EPJA en sus diversos contextos de ejecuci\u00f3n y situaciones de aprendizaje.\u00a0<\/span><\/p>\n<p style=\"text-align: justify;\"><span style=\"font-family: verdana, geneva; font-size: small;\">La malla curricular tambi\u00e9n aborda materias asociadas a las caracter\u00edsticas propias de los potenciales grupos de beneficiarios de la Educaci\u00f3n de Adultos, adem\u00e1s de incluir espacios de conocimiento y reflexi\u00f3n de los desaf\u00edos y el contexto de apertura de la Educaci\u00f3n de Adultos en la formaci\u00f3n de capacidades humanas y ciudadanas.<\/span>\u00a0<\/p>\n<p><span style=\"font-family: verdana, geneva; font-size: small;\">Las clases del diplomado comenzar\u00e1n en el mes de agosto de 2017.<\/span><\/p>\n<p><span style=\"font-family: verdana, geneva; font-size: small;\"><strong>Mayores informaciones: educaciondejovenesyadultos@upla.cl<\/strong><\/span><\/p>\n<p><strong style=\"font-family: verdana, geneva; font-size: small;\">Ver m\u00e1s aqu\u00ed informaci\u00f3n:\u00a0<\/strong><span style=\"font-family: verdana, geneva; font-size: small;\"><strong>\u00a0\u00a0<a href=\"http:\/\/www.educaciondeadultos.cl\/index.php?option=com_k2&amp;view=item&amp;layout=item&amp;id=1287&amp;Itemid=829\"> Diplomado de Educaci\u00f3n de Adultos<\/a><\/strong><\/span><\/p>\n<p><span style=\"font-family: verdana, geneva; font-size: x-small;\"><strong>Comunicaciones\/web. 2 de junio 2017<\/strong><\/span>\u00a0<\/p>\n","protected":false},"excerpt":{"rendered":"<p>\u00a0 \u00a0Hasta el 31 de julio del a\u00f1o en curso estar\u00e1 abierto el proceso de postulaci\u00f3n para cursar el diplomado de Educaci\u00f3n de Adultos que imparte el Programa Interdisciplinario \u00a0 de Educaci\u00f3n de Adultos y J\u00f3venes de la Universidad de Playa Ancha de Valpara\u00edso. Se trata del Diplomado de Educaci\u00f3n;\u00a0\u00a0instancia que dentro del paradigma de [&hellip;]<\/p>\n","protected":false},"author":1,"featured_media":500,"comment_status":"closed","ping_status":"closed","sticky":false,"template":"","format":"standard","meta":{"_et_pb_use_builder":"","_et_pb_old_content":"","_et_gb_content_width":"","_oasis_is_in_workflow":0,"_oasis_original":0,"footnotes":""},"categories":[45],"tags":[],"class_list":["post-501","post","type-post","status-publish","format-standard","has-post-thumbnail","hentry","category-event"],"_links":{"self":[{"href":"http:\/\/educaciondeadultos.cl\/web\/wp-json\/wp\/v2\/posts\/501","targetHints":{"allow":["GET"]}}],"collection":[{"href":"http:\/\/educaciondeadultos.cl\/web\/wp-json\/wp\/v2\/posts"}],"about":[{"href":"http:\/\/educaciondeadultos.cl\/web\/wp-json\/wp\/v2\/types\/post"}],"author":[{"embeddable":true,"href":"http:\/\/educaciondeadultos.cl\/web\/wp-json\/wp\/v2\/users\/1"}],"replies":[{"embeddable":true,"href":"http:\/\/educaciondeadultos.cl\/web\/wp-json\/wp\/v2\/comments?post=501"}],"version-history":[{"count":0,"href":"http:\/\/educaciondeadultos.cl\/web\/wp-json\/wp\/v2\/posts\/501\/revisions"}],"wp:featuredmedia":[{"embeddable":true,"href":"http:\/\/educaciondeadultos.cl\/web\/wp-json\/wp\/v2\/media\/500"}],"wp:attachment":[{"href":"http:\/\/educaciondeadultos.cl\/web\/wp-json\/wp\/v2\/media?parent=501"}],"wp:term":[{"taxonomy":"category","embeddable":true,"href":"http:\/\/educaciondeadultos.cl\/web\/wp-json\/wp\/v2\/categories?post=501"},{"taxonomy":"post_tag","embeddable":true,"href":"http:\/\/educaciondeadultos.cl\/web\/wp-json\/wp\/v2\/tags?post=501"}],"curies":[{"name":"wp","href":"https:\/\/api.w.org\/{rel}","templated":true}]}}