{"id":50,"date":"2014-09-17T01:00:51","date_gmt":"2014-09-17T04:00:51","guid":{"rendered":"http:\/\/educaciondeadultos.cl\/web\/2014\/09\/17\/estudio-ocde-en-terreno-competencias-poblacion-adulta\/"},"modified":"2014-09-17T01:00:51","modified_gmt":"2014-09-17T04:00:51","slug":"estudio-ocde-en-terreno-competencias-poblacion-adulta","status":"publish","type":"post","link":"http:\/\/educaciondeadultos.cl\/web\/2014\/09\/17\/estudio-ocde-en-terreno-competencias-poblacion-adulta\/","title":{"rendered":"Estudio OCDE en terreno: competencias poblaci\u00f3n adulta"},"content":{"rendered":"<p class=\"entry-title\"><strong><span style=\"font-family: arial, helvetica, sans-serif; font-size: small;\">Se inicia el terreno de PIAAC, estudio OCDE que busca conocer las competencias en la poblaci\u00f3n adulta.<\/span><\/strong><\/p>\n<p>  <!--more-->  <\/p>\n<div class=\"entry-content\">\n<p style=\"text-align: justify;\">Chile est\u00e1 participando en el estudio internacional PIAAC (Programme for the International Assessment of Adult Competencies). Este estudio es desarrollado por un Consorcio Internacional de Organizaciones y la Organizaci\u00f3n para la Cooperaci\u00f3n y el Desarrollo Econ\u00f3mico (<a href=\"http:\/\/http\/\/www.oecd.org\/chile\/\" target=\"_blank\"><strong>OCDE<\/strong><\/a>). En Chile, PIAAC es liderado y financiado por el\u00a0<strong><a href=\"http:\/\/www.mineduc.cl\/\" target=\"_blank\">Ministerio de Educaci\u00f3n<\/a><\/strong>, pero es el Centro de Medici\u00f3n de la Universidad Cat\u00f3lica de Chile,\u00a0<a href=\"http:\/\/http\/\/www.mideuc.cl\" target=\"_blank\"><strong>MIDE UC<\/strong><\/a>, la instituci\u00f3n responsable de su ejecuci\u00f3n.<\/p>\n<p style=\"text-align: justify;\">Durante el 2014 estaremos realizando el levantamiento de datos de este estudio, lo que implica visitar a m\u00e1s de 5.000 personas en sus viviendas, distribuidas en 11 regiones del pa\u00eds. La siguiente tabla presenta la fecha en que estaremos en cada regi\u00f3n y el listado de comunas consideradas.<\/p>\n<p>\u00a0<\/p>\n<table style=\"width: 498px;\" border=\"1\" cellspacing=\"0\" cellpadding=\"0\">\n<tbody>\n<tr>\n<td>\n<p align=\"center\"><strong>Regi\u00f3n<\/strong><\/p>\n<\/td>\n<td>\n<p align=\"center\"><strong>Comuna<\/strong><\/p>\n<\/td>\n<td>\n<p align=\"center\"><strong>Periodo de Trabajo<\/strong><\/p>\n<\/td>\n<\/tr>\n<tr>\n<td rowspan=\"10\" bgcolor=\"#EBF8FA\">\n<p align=\"center\"><strong>Metropolitana<\/strong><\/p>\n<\/td>\n<td nowrap=\"nowrap\" bgcolor=\"#EBF8FA\">\n<p align=\"center\">La Florida<\/p>\n<\/td>\n<td rowspan=\"10\" bgcolor=\"#EBF8FA\">\n<p align=\"center\"><strong>5 de Junio \u2013 30 de Noviembre<\/strong><\/p>\n<\/td>\n<\/tr>\n<tr>\n<td nowrap=\"nowrap\" bgcolor=\"#EBF8FA\">\n<p align=\"center\">Santiago<\/p>\n<\/td>\n<\/tr>\n<tr>\n<td nowrap=\"nowrap\" bgcolor=\"#EBF8FA\">\n<p align=\"center\">Puente Alto<\/p>\n<\/td>\n<\/tr>\n<tr>\n<td nowrap=\"nowrap\" bgcolor=\"#EBF8FA\">\n<p align=\"center\">Las Condes<\/p>\n<\/td>\n<\/tr>\n<tr>\n<td nowrap=\"nowrap\" bgcolor=\"#EBF8FA\">\n<p align=\"center\">La Reina<\/p>\n<\/td>\n<\/tr>\n<tr>\n<td nowrap=\"nowrap\" bgcolor=\"#EBF8FA\">\n<p align=\"center\">Pudahuel<\/p>\n<\/td>\n<\/tr>\n<tr>\n<td nowrap=\"nowrap\" bgcolor=\"#EBF8FA\">\n<p align=\"center\">Cerrillos<\/p>\n<\/td>\n<\/tr>\n<tr>\n<td nowrap=\"nowrap\" bgcolor=\"#EBF8FA\">\n<p align=\"center\">Maip\u00fa<\/p>\n<\/td>\n<\/tr>\n<tr>\n<td nowrap=\"nowrap\" bgcolor=\"#EBF8FA\">\n<p align=\"center\">San Bernardo<\/p>\n<\/td>\n<\/tr>\n<tr>\n<td nowrap=\"nowrap\" bgcolor=\"#EBF8FA\">\n<p align=\"center\">Pe\u00f1aflor<\/p>\n<\/td>\n<\/tr>\n<tr>\n<td rowspan=\"3\">\n<p align=\"center\"><strong>Maule<\/strong><\/p>\n<\/td>\n<td nowrap=\"nowrap\">\n<p align=\"center\">Curic\u00f3<\/p>\n<\/td>\n<td rowspan=\"3\">\n<p align=\"center\"><strong>9 de Junio \u2013 27 de Julio<\/strong><\/p>\n<\/td>\n<\/tr>\n<tr>\n<td nowrap=\"nowrap\">\n<p align=\"center\">Molina<\/p>\n<\/td>\n<\/tr>\n<tr>\n<td nowrap=\"nowrap\">\n<p align=\"center\">Maule<\/p>\n<\/td>\n<\/tr>\n<tr>\n<td rowspan=\"3\" bgcolor=\"#EBF8FA\">\n<p align=\"center\"><strong>O\u2019Higgins<\/strong><\/p>\n<\/td>\n<td nowrap=\"nowrap\" bgcolor=\"#EBF8FA\">\n<p align=\"center\">Rancagua<\/p>\n<\/td>\n<td rowspan=\"3\" bgcolor=\"#EBF8FA\">\n<p align=\"center\"><strong>16 de Junio \u2013 27 de Julio<\/strong><\/p>\n<\/td>\n<\/tr>\n<tr>\n<td nowrap=\"nowrap\" bgcolor=\"#EBF8FA\">\n<p align=\"center\">Palmilla<\/p>\n<\/td>\n<\/tr>\n<tr>\n<td nowrap=\"nowrap\" bgcolor=\"#EBF8FA\">\n<p align=\"center\">Chimbarongo<\/p>\n<\/td>\n<\/tr>\n<tr>\n<td>\n<p align=\"center\"><strong>Antofagasta<\/strong><\/p>\n<\/td>\n<td nowrap=\"nowrap\">\n<p align=\"center\">Antofagasta<\/p>\n<\/td>\n<td>\n<p align=\"center\"><strong>23 de Junio \u2013 14 de Septiembre<\/strong><\/p>\n<\/td>\n<\/tr>\n<tr>\n<td rowspan=\"7\" bgcolor=\"#EBF8FA\">\n<p align=\"center\"><strong>B\u00edo B\u00edo<\/strong><\/p>\n<\/td>\n<td nowrap=\"nowrap\" bgcolor=\"#EBF8FA\">\n<p align=\"center\">Talcahuano<\/p>\n<\/td>\n<td rowspan=\"7\" bgcolor=\"#EBF8FA\">\n<p align=\"center\"><strong>30 de Junio \u2013 23 de Noviembre<\/strong><\/p>\n<\/td>\n<\/tr>\n<tr>\n<td nowrap=\"nowrap\" bgcolor=\"#EBF8FA\">\n<p align=\"center\">Concepci\u00f3n<\/p>\n<\/td>\n<\/tr>\n<tr>\n<td nowrap=\"nowrap\" bgcolor=\"#EBF8FA\">\n<p align=\"center\">Lota<\/p>\n<\/td>\n<\/tr>\n<tr>\n<td nowrap=\"nowrap\" bgcolor=\"#EBF8FA\">\n<p align=\"center\">Arauco<\/p>\n<\/td>\n<\/tr>\n<tr>\n<td nowrap=\"nowrap\" bgcolor=\"#EBF8FA\">\n<p align=\"center\">Los \u00c1ngeles<\/p>\n<\/td>\n<\/tr>\n<tr>\n<td nowrap=\"nowrap\" bgcolor=\"#EBF8FA\">\n<p align=\"center\">Alto Biob\u00edo<\/p>\n<\/td>\n<\/tr>\n<tr>\n<td nowrap=\"nowrap\" bgcolor=\"#EBF8FA\">\n<p align=\"center\">Tir\u00faa<\/p>\n<\/td>\n<\/tr>\n<tr>\n<td>\n<p align=\"center\"><strong>Araucan\u00eda<\/strong><\/p>\n<\/td>\n<td nowrap=\"nowrap\">\n<p align=\"center\">Temuco<\/p>\n<\/td>\n<td>\n<p align=\"center\"><strong>25 de Agosto \u2013 2 de Noviembre<\/strong><\/p>\n<\/td>\n<\/tr>\n<tr>\n<td rowspan=\"3\" bgcolor=\"#EBF8FA\">\n<p align=\"center\"><strong>Valpara\u00edso<\/strong><\/p>\n<\/td>\n<td nowrap=\"nowrap\" bgcolor=\"#EBF8FA\">\n<p align=\"center\">Vi\u00f1a del Mar<\/p>\n<\/td>\n<td rowspan=\"3\" bgcolor=\"#EBF8FA\">\n<p align=\"center\"><strong>1 de Septiembre \u2013 30 de Noviembre<\/strong><\/p>\n<\/td>\n<\/tr>\n<tr>\n<td nowrap=\"nowrap\" bgcolor=\"#EBF8FA\">\n<p align=\"center\">Valpara\u00edso<\/p>\n<\/td>\n<\/tr>\n<tr>\n<td nowrap=\"nowrap\" bgcolor=\"#EBF8FA\">\n<p align=\"center\">Quilpu\u00e9<\/p>\n<\/td>\n<\/tr>\n<tr>\n<td>\n<p align=\"center\"><strong>Atacama<\/strong><\/p>\n<\/td>\n<td nowrap=\"nowrap\">\n<p align=\"center\">Tierra Amarilla<\/p>\n<\/td>\n<td>\n<p align=\"center\"><strong>4 al 17 de Agosto<\/strong><\/p>\n<\/td>\n<\/tr>\n<tr>\n<td rowspan=\"2\" bgcolor=\"#EBF8FA\">\n<p align=\"center\"><strong>Tarapac\u00e1<\/strong><\/p>\n<\/td>\n<td nowrap=\"nowrap\" bgcolor=\"#EBF8FA\">\n<p align=\"center\">Iquique<\/p>\n<\/td>\n<td rowspan=\"2\" bgcolor=\"#EBF8FA\">\n<p align=\"center\"><strong>29 de Septiembre al 30 de Noviembre<\/strong><\/p>\n<\/td>\n<\/tr>\n<tr>\n<td nowrap=\"nowrap\" bgcolor=\"#EBF8FA\">\n<p align=\"center\">Alto Hospicio<\/p>\n<\/td>\n<\/tr>\n<tr>\n<td rowspan=\"2\">\n<p align=\"center\"><strong>Los Lagos<\/strong><\/p>\n<\/td>\n<td nowrap=\"nowrap\">\n<p align=\"center\">Osorno<\/p>\n<\/td>\n<td rowspan=\"2\">\n<p align=\"center\"><strong>13 de Octubre al 23 de Noviembre<\/strong><\/p>\n<\/td>\n<\/tr>\n<tr>\n<td nowrap=\"nowrap\">\n<p align=\"center\">Ancud<\/p>\n<\/td>\n<\/tr>\n<tr>\n<td rowspan=\"2\" bgcolor=\"#EBF8FA\">\n<p align=\"center\"><strong>Los R\u00edos<\/strong><\/p>\n<\/td>\n<td nowrap=\"nowrap\" bgcolor=\"#EBF8FA\">\n<p align=\"center\">Valdivia<\/p>\n<\/td>\n<td rowspan=\"2\" bgcolor=\"#EBF8FA\">\n<p align=\"center\"><strong>20 de Octubre al 30 de Noviembre<\/strong><\/p>\n<\/td>\n<\/tr>\n<tr>\n<td nowrap=\"nowrap\" bgcolor=\"#EBF8FA\">\n<p align=\"center\">La Uni\u00f3n<\/p>\n<\/td>\n<\/tr>\n<\/tbody>\n<\/table><\/div>\n<div class=\"entry-info\">\n<p class=\"comments-link\"><a href=\"http:\/\/www.educaciondeadultos.cl\/adultos\/se-inicia-el-terreno-de-piaac-estudio-ocde-que-busca-conocer-las-competencias-en-la-poblacion-adulta\/#respond\" title=\"Comentarios en Se inicia el terreno de PIAAC, estudio OCDE que busca conocer las competencias en la poblaci\u00f3n adulta\">\u2192 Leave a comment<\/a><\/p>\n<p class=\"cat-links\">Posted in\u00a0<a href=\"http:\/\/www.educaciondeadultos.cl\/adultos\/category\/sin-categoria\/\" title=\"Ver todos los art\u00edculos publicados en Sin categor\u00eda\" rel=\"category tag\">Sin categor\u00eda<\/a><\/p>\n<\/p><\/div>\n","protected":false},"excerpt":{"rendered":"<p>Se inicia el terreno de PIAAC, estudio OCDE que busca conocer las competencias en la poblaci\u00f3n adulta.<\/p>\n","protected":false},"author":1,"featured_media":0,"comment_status":"closed","ping_status":"closed","sticky":false,"template":"","format":"standard","meta":{"_et_pb_use_builder":"","_et_pb_old_content":"","_et_gb_content_width":"","_oasis_is_in_workflow":0,"_oasis_original":0,"footnotes":""},"categories":[45],"tags":[],"class_list":["post-50","post","type-post","status-publish","format-standard","hentry","category-event"],"_links":{"self":[{"href":"http:\/\/educaciondeadultos.cl\/web\/wp-json\/wp\/v2\/posts\/50","targetHints":{"allow":["GET"]}}],"collection":[{"href":"http:\/\/educaciondeadultos.cl\/web\/wp-json\/wp\/v2\/posts"}],"about":[{"href":"http:\/\/educaciondeadultos.cl\/web\/wp-json\/wp\/v2\/types\/post"}],"author":[{"embeddable":true,"href":"http:\/\/educaciondeadultos.cl\/web\/wp-json\/wp\/v2\/users\/1"}],"replies":[{"embeddable":true,"href":"http:\/\/educaciondeadultos.cl\/web\/wp-json\/wp\/v2\/comments?post=50"}],"version-history":[{"count":0,"href":"http:\/\/educaciondeadultos.cl\/web\/wp-json\/wp\/v2\/posts\/50\/revisions"}],"wp:attachment":[{"href":"http:\/\/educaciondeadultos.cl\/web\/wp-json\/wp\/v2\/media?parent=50"}],"wp:term":[{"taxonomy":"category","embeddable":true,"href":"http:\/\/educaciondeadultos.cl\/web\/wp-json\/wp\/v2\/categories?post=50"},{"taxonomy":"post_tag","embeddable":true,"href":"http:\/\/educaciondeadultos.cl\/web\/wp-json\/wp\/v2\/tags?post=50"}],"curies":[{"name":"wp","href":"https:\/\/api.w.org\/{rel}","templated":true}]}}