{"id":499,"date":"2017-05-18T01:51:19","date_gmt":"2017-05-18T05:51:19","guid":{"rendered":"http:\/\/educaciondeadultos.cl\/web\/2017\/05\/18\/upla-suma-21-estudiantes-en-complejo-penitenciario\/"},"modified":"2017-05-18T01:51:19","modified_gmt":"2017-05-18T05:51:19","slug":"upla-suma-21-estudiantes-en-complejo-penitenciario","status":"publish","type":"post","link":"http:\/\/educaciondeadultos.cl\/web\/2017\/05\/18\/upla-suma-21-estudiantes-en-complejo-penitenciario\/","title":{"rendered":"Upla suma 21 estudiantes en complejo Penitenciario"},"content":{"rendered":"<p><img loading=\"lazy\" decoding=\"async\" class=\" size-full wp-image-498\" src=\"http:\/\/educaciondeadultos.cl\/web\/wp-content\/uploads\/2017\/05\/e5979f6514c1887179033c613e3a4b50.jpg\" alt=\"\" width=\"1200\" height=\"672\" srcset=\"http:\/\/educaciondeadultos.cl\/web\/wp-content\/uploads\/2017\/05\/e5979f6514c1887179033c613e3a4b50.jpg 1200w, http:\/\/educaciondeadultos.cl\/web\/wp-content\/uploads\/2017\/05\/e5979f6514c1887179033c613e3a4b50-300x168.jpg 300w, http:\/\/educaciondeadultos.cl\/web\/wp-content\/uploads\/2017\/05\/e5979f6514c1887179033c613e3a4b50-768x430.jpg 768w, http:\/\/educaciondeadultos.cl\/web\/wp-content\/uploads\/2017\/05\/e5979f6514c1887179033c613e3a4b50-1024x573.jpg 1024w\" sizes=\"auto, (max-width: 1200px) 100vw, 1200px\" \/><\/p>\n<p style=\"text-align: justify;\"><strong><span style=\"color: #000000; font-family: verdana, geneva; font-size: small;\">Reportaje especial TV-Upla.<\/span><\/strong><\/p>\n<p style=\"text-align: justify;\"><span style=\"color: #000000; font-family: verdana, geneva; font-size: small;\">Por\u00a0primera vez\u00a0en<strong>\u00a0<\/strong>Chile, el espacio educativo de la\u00a0academia\u00a0se traslada hacia\u00a0j\u00f3venes y adultos\u00a0en\u00a0contexto de encierro. La\u00a0Universidad de Playa Ancha, a trav\u00e9s de su\u00a0Instituto Tecnol\u00f3gico Ignacio Domeyko, es la\u00a0primera instituci\u00f3n de educaci\u00f3n superior\u00a0en impartir una\u00a0carrera t\u00e9cnico profesional\u00a0a\u00a021 personas\u00a0que se encuentran cumpliendo condena. Iniciativa que ha sido posible gracias a una\u00a0conjunci\u00f3n de voluntades\u00a0desde el n\u00facleo de<strong>\u00a0<\/strong>Educaci\u00f3n de Adultos\u00a0de la\u00a0Facultad de Educaci\u00f3n, el<strong>\u00a0<\/strong>Ministerio de Justicia\u00a0y\u00a0Derechos Humanos<strong>\u00a0<\/strong>y\u00a0la<strong>\u00a0<\/strong>Direcci\u00f3n Nacional de Gendarmer\u00eda.<strong>\u00a0<\/strong>Los\u00a0estudiantes, que<strong>\u00a0<\/strong>est\u00e1n trabajando por el\u00a0t\u00edtulo\u00a0de\u00a0T\u00e9cnico enAdministraci\u00f3n Log\u00edstica\u00a0en el\u00a0Complejo Penitenciario de Valpara\u00edso<strong>\u00a0<\/strong>y\u00a0ser\u00e1n\u00a0beneficiados\u00a0con\u00a0la<strong>\u00a0<\/strong>gratuidad, buscan en esta<strong>\u00a0<\/strong>oportunidad\u00a0obtener<strong>\u00a0<\/strong>herramientas\u00a0para<strong>\u00a0<\/strong>reinsertarse laboralmente\u00a0en el<strong>\u00a0<\/strong>medio libre.<\/span><\/p>\n<p style=\"text-align: justify;\"><span style=\"color: #000000; font-family: verdana, geneva; font-size: small;\">* Algunas de las im\u00e1genes utilizadas en esta pieza audiovisual corresponden a clases impartidas por el profesor Gabriel Ramos en el Colegio T\u00e9cnico Profesional de Adultos Cardenal Oviedo (CORESOL), espec\u00edficamente en el Taller de estructuras met\u00e1licas.<\/span><\/p>\n<p style=\"text-align: justify;\"><span style=\"color: #000000; font-family: verdana, geneva; font-size: small;\">Fuente. UplaTV \/11 de mayo 2017<\/span><\/p>\n<div class=\"k2_video\">[iframe width=\u00bb560&#8243; height=\u00bb315&#8243; src=\u00bbhttps:\/\/www.youtube.com\/embed\/9Q4OUhCW7Jo\u00bb frameborder=\u00bb0&#8243; allowfullscreen ]<\/div>\n","protected":false},"excerpt":{"rendered":"<p>Reportaje especial TV-Upla. Por\u00a0primera vez\u00a0en\u00a0Chile, el espacio educativo de la\u00a0academia\u00a0se traslada hacia\u00a0j\u00f3venes y adultos\u00a0en\u00a0contexto de encierro. La\u00a0Universidad de Playa Ancha, a trav\u00e9s de su\u00a0Instituto Tecnol\u00f3gico Ignacio Domeyko, es la\u00a0primera instituci\u00f3n de educaci\u00f3n superior\u00a0en impartir una\u00a0carrera t\u00e9cnico profesional\u00a0a\u00a021 personas\u00a0que se encuentran cumpliendo condena. Iniciativa que ha sido posible gracias a una\u00a0conjunci\u00f3n de voluntades\u00a0desde el n\u00facleo de\u00a0Educaci\u00f3n [&hellip;]<\/p>\n","protected":false},"author":1,"featured_media":498,"comment_status":"closed","ping_status":"closed","sticky":false,"template":"","format":"standard","meta":{"_et_pb_use_builder":"","_et_pb_old_content":"","_et_gb_content_width":"","_oasis_is_in_workflow":0,"_oasis_original":0,"footnotes":""},"categories":[45],"tags":[],"class_list":["post-499","post","type-post","status-publish","format-standard","has-post-thumbnail","hentry","category-event"],"_links":{"self":[{"href":"http:\/\/educaciondeadultos.cl\/web\/wp-json\/wp\/v2\/posts\/499","targetHints":{"allow":["GET"]}}],"collection":[{"href":"http:\/\/educaciondeadultos.cl\/web\/wp-json\/wp\/v2\/posts"}],"about":[{"href":"http:\/\/educaciondeadultos.cl\/web\/wp-json\/wp\/v2\/types\/post"}],"author":[{"embeddable":true,"href":"http:\/\/educaciondeadultos.cl\/web\/wp-json\/wp\/v2\/users\/1"}],"replies":[{"embeddable":true,"href":"http:\/\/educaciondeadultos.cl\/web\/wp-json\/wp\/v2\/comments?post=499"}],"version-history":[{"count":0,"href":"http:\/\/educaciondeadultos.cl\/web\/wp-json\/wp\/v2\/posts\/499\/revisions"}],"wp:featuredmedia":[{"embeddable":true,"href":"http:\/\/educaciondeadultos.cl\/web\/wp-json\/wp\/v2\/media\/498"}],"wp:attachment":[{"href":"http:\/\/educaciondeadultos.cl\/web\/wp-json\/wp\/v2\/media?parent=499"}],"wp:term":[{"taxonomy":"category","embeddable":true,"href":"http:\/\/educaciondeadultos.cl\/web\/wp-json\/wp\/v2\/categories?post=499"},{"taxonomy":"post_tag","embeddable":true,"href":"http:\/\/educaciondeadultos.cl\/web\/wp-json\/wp\/v2\/tags?post=499"}],"curies":[{"name":"wp","href":"https:\/\/api.w.org\/{rel}","templated":true}]}}