{"id":497,"date":"2017-05-16T00:28:59","date_gmt":"2017-05-16T04:28:59","guid":{"rendered":"http:\/\/educaciondeadultos.cl\/web\/2017\/05\/16\/directora-de-edja-upla-en-brasil\/"},"modified":"2017-05-16T00:28:59","modified_gmt":"2017-05-16T04:28:59","slug":"directora-de-edja-upla-en-brasil","status":"publish","type":"post","link":"http:\/\/educaciondeadultos.cl\/web\/2017\/05\/16\/directora-de-edja-upla-en-brasil\/","title":{"rendered":"Epja Upla en Brasil"},"content":{"rendered":"<p><img loading=\"lazy\" decoding=\"async\" class=\" size-full wp-image-493\" src=\"http:\/\/educaciondeadultos.cl\/web\/wp-content\/uploads\/2017\/05\/0d3097c18b3f4a6374929da2a3d660f5.jpg\" alt=\"\" width=\"1248\" height=\"752\" srcset=\"http:\/\/educaciondeadultos.cl\/web\/wp-content\/uploads\/2017\/05\/0d3097c18b3f4a6374929da2a3d660f5.jpg 1248w, http:\/\/educaciondeadultos.cl\/web\/wp-content\/uploads\/2017\/05\/0d3097c18b3f4a6374929da2a3d660f5-300x181.jpg 300w, http:\/\/educaciondeadultos.cl\/web\/wp-content\/uploads\/2017\/05\/0d3097c18b3f4a6374929da2a3d660f5-768x463.jpg 768w, http:\/\/educaciondeadultos.cl\/web\/wp-content\/uploads\/2017\/05\/0d3097c18b3f4a6374929da2a3d660f5-1024x617.jpg 1024w\" sizes=\"auto, (max-width: 1248px) 100vw, 1248px\" \/><\/p>\n<p style=\"text-align: left;\"><span style=\"font-family: verdana, geneva; font-size: small; text-align: justify;\"><span style=\"color: #000000;\"><img loading=\"lazy\" decoding=\"async\" class=\" alignright size-full wp-image-494\" src=\"http:\/\/educaciondeadultos.cl\/web\/wp-content\/uploads\/2017\/05\/vuiolerasil2fibfin.jpg\" border=\"0\" alt=\"\" width=\"540\" height=\"291\" style=\"float: right;\" srcset=\"http:\/\/educaciondeadultos.cl\/web\/wp-content\/uploads\/2017\/05\/vuiolerasil2fibfin.jpg 1053w, http:\/\/educaciondeadultos.cl\/web\/wp-content\/uploads\/2017\/05\/vuiolerasil2fibfin-300x162.jpg 300w, http:\/\/educaciondeadultos.cl\/web\/wp-content\/uploads\/2017\/05\/vuiolerasil2fibfin-768x414.jpg 768w, http:\/\/educaciondeadultos.cl\/web\/wp-content\/uploads\/2017\/05\/vuiolerasil2fibfin-1024x552.jpg 1024w\" sizes=\"auto, (max-width: 540px) 100vw, 540px\" \/>Violeta Acu\u00f1a, directora del Programa Disciplinario de Educaci\u00f3n de J\u00f3venes y Adultos de la Facultad de Educaci\u00f3n, Edja-Upla, particip\u00f3 recientemente en diversas reuniones de trabajo\u00a0de reflexi\u00f3n e investigaci\u00f3n sobre Educaci\u00f3n de Adultos y formaci\u00f3n de profesores en la Universidad de Minas Gerais y en la Universidad de Ouro Preto, adem\u00e1s de integrar la comisi\u00f3n de acad\u00e9micos examinadores de la Tesis titulada: \u00abFormac\u00e4o de Professores para Educac\u00e4o de pessoas jovens e adutas no Brasil e no Chile: Um Estudo Comparado entre o Estado da Bahia a Regi\u00e4o de Valpara\u00edso\u00bb, de autor\u00eda del doctorando Adenilson Souza Cunha J\u00fcnior, en la Universidad Federal de Minas Gerais, Facultad de Educaci\u00f3n y la Universidad de Playa Ancha.\u00a0<\/span><\/span><\/p>\n<p style=\"text-align: left;\"><span style=\"font-family: verdana, geneva; font-size: small; text-align: justify;\"><span style=\"color: #000000;\">La comisi\u00f3n evaluadora tambi\u00e9n la integraron los siguientes acad\u00e9micos:\u00a0Professor Dr. Le\u00f4ncio Jos\u00e9 Gomes Soares \u2013 Orientador Universidade Federal de Minas Gerais;\u00a0Professora Dra. Maria Clara Di Pierro, Universidade de S\u00e3o Paulo;\u00a0Professor Dr. J\u00falio Em\u00edlio Diniz Pereira, Universidade Federal de Minas Gerais y\u00a0Professora Dra. Fernanda Rodrigues Oliveira Silva, Universidade Federal de Ouro Preto.<\/span><\/span><span style=\"font-size: 12.16px;\">\u00a0<\/span><\/p>\n<p class=\"Default\"><span style=\"font-family: verdana, geneva; font-size: small; color: #000000;\">Esa tesis ha sido estructura a partir de la investigaci\u00f3n que procura analizar la formaci\u00f3n de los profesores que se desempe\u00f1an en el campo de \u00a0la Educaci\u00f3n de Personas J\u00f3venes y Adultas (EPJA) en Brasil y en Chile. Se trata de\u00a0un estudio con perspectiva metodol\u00f3gica de la educaci\u00f3n comparada y su objetivo es investigar las semejanzas y diferencias en los procesos de formaci\u00f3n de profesores al interior de las \u00a0instituciones de Educaci\u00f3n Superior (IES) estatales de Bah\u00eda (Brasil) y de la regi\u00f3n de Valpara\u00edso en Chile, bajo la orientaci\u00f3n de la doctora Violeta Acu\u00f1a.\u00a0<\/span><span style=\"font-family: verdana, geneva; font-size: small; color: #000000;\">\u00a0Esta investigaci\u00f3n permiti\u00f3 verificar la inexistencia de una carrera acad\u00e9mica\u00a0espec\u00edfica para el trabajo en la EPJA en ambos pa\u00edses, concluyendo la necesidad de promover la importancia del papel de la Educaci\u00f3n de Adultos\u00a0en el desarrollo socio econ\u00f3mico y pol\u00edtico y la necesidad de impulsar pol\u00edticas educacionales en estas materias.<\/span><\/p>\n<p><span style=\"font-family: verdana, geneva; font-size: small; text-align: justify;\"><span style=\"color: #000000;\"><img loading=\"lazy\" decoding=\"async\" class=\" alignright size-full wp-image-495\" src=\"http:\/\/educaciondeadultos.cl\/web\/wp-content\/uploads\/2017\/05\/violbrsil1fin.jpg\" border=\"0\" alt=\"\" width=\"385\" height=\"221\" style=\"float: right;\" srcset=\"http:\/\/educaciondeadultos.cl\/web\/wp-content\/uploads\/2017\/05\/violbrsil1fin.jpg 1161w, http:\/\/educaciondeadultos.cl\/web\/wp-content\/uploads\/2017\/05\/violbrsil1fin-300x172.jpg 300w, http:\/\/educaciondeadultos.cl\/web\/wp-content\/uploads\/2017\/05\/violbrsil1fin-768x440.jpg 768w, http:\/\/educaciondeadultos.cl\/web\/wp-content\/uploads\/2017\/05\/violbrsil1fin-1024x587.jpg 1024w\" sizes=\"auto, (max-width: 385px) 100vw, 385px\" \/><img loading=\"lazy\" decoding=\"async\" class=\" alignright size-full wp-image-496\" src=\"http:\/\/educaciondeadultos.cl\/web\/wp-content\/uploads\/2017\/05\/violebrasil3fin.jpg\" border=\"0\" alt=\"\" width=\"271\" height=\"221\" style=\"float: right;\" srcset=\"http:\/\/educaciondeadultos.cl\/web\/wp-content\/uploads\/2017\/05\/violebrasil3fin.jpg 817w, http:\/\/educaciondeadultos.cl\/web\/wp-content\/uploads\/2017\/05\/violebrasil3fin-300x245.jpg 300w, http:\/\/educaciondeadultos.cl\/web\/wp-content\/uploads\/2017\/05\/violebrasil3fin-768x626.jpg 768w\" sizes=\"auto, (max-width: 271px) 100vw, 271px\" \/><\/span><\/span><\/p>\n<p><span style=\"font-family: verdana, geneva; font-size: small; text-align: justify;\"><span style=\"color: #000000;\">En la <strong>fotograf\u00eda superior<\/strong>: \u00a0Estudiantes de Doctorado con investigadores de la educaci\u00f3n de personas j\u00f3venes y adultos. Destacan Carlos Rodrigues Brand\u00e3o, Miguel Arroyo, Maria Clara Di Pierro, Violeta Acu\u00f1a, Le\u00f4ncio Soares y Nilma Lino Gomes, ex ministra de Estado de la Igualdad Racial. En la<strong> segunda<\/strong><\/span><\/span><span style=\"color: #000000; font-family: verdana, geneva; font-size: small;\"><strong>\u00a0fotograf\u00ed<\/strong>a (lado derecho): Encuentro de estudiantes e investigadores de Educaci\u00f3n de Adultos en Universidad Federal de Ouro Preto (UFOP), Minas Gerais. La <strong>fotograf\u00eda<\/strong> (lado izquierdo) corresponde a la d<\/span><span style=\"color: #000000; font-family: verdana, geneva; font-size: small;\">efensa de tesis de doctorado de Adenilson Cunha (centro) en la Universidad Federal de Minas Gerais y los doctores integrantes de la Comisi\u00f3n Examinadora: Julio Emilio Diniz-Pereira, Fernanda Rodrigues, Violeta Acu\u00f1a, Adenilson Cunha,\u00a0\u00a0Le\u00f4cio Soares y Mar\u00eda Clara Di Pierro.<\/span><\/p>\n<p>\u00a0Edici\u00f3n web. 16 de mayo 2017<\/p>\n","protected":false},"excerpt":{"rendered":"<p>Violeta Acu\u00f1a, directora del Programa Disciplinario de Educaci\u00f3n de J\u00f3venes y Adultos de la Facultad de Educaci\u00f3n, Edja-Upla, particip\u00f3 recientemente en diversas reuniones de trabajo\u00a0de reflexi\u00f3n e investigaci\u00f3n sobre Educaci\u00f3n de Adultos y formaci\u00f3n de profesores en la Universidad de Minas Gerais y en la Universidad de Ouro Preto, adem\u00e1s de integrar la comisi\u00f3n de [&hellip;]<\/p>\n","protected":false},"author":1,"featured_media":493,"comment_status":"closed","ping_status":"closed","sticky":false,"template":"","format":"standard","meta":{"_et_pb_use_builder":"","_et_pb_old_content":"","_et_gb_content_width":"","_oasis_is_in_workflow":0,"_oasis_original":0,"footnotes":""},"categories":[45],"tags":[],"class_list":["post-497","post","type-post","status-publish","format-standard","has-post-thumbnail","hentry","category-event"],"_links":{"self":[{"href":"http:\/\/educaciondeadultos.cl\/web\/wp-json\/wp\/v2\/posts\/497","targetHints":{"allow":["GET"]}}],"collection":[{"href":"http:\/\/educaciondeadultos.cl\/web\/wp-json\/wp\/v2\/posts"}],"about":[{"href":"http:\/\/educaciondeadultos.cl\/web\/wp-json\/wp\/v2\/types\/post"}],"author":[{"embeddable":true,"href":"http:\/\/educaciondeadultos.cl\/web\/wp-json\/wp\/v2\/users\/1"}],"replies":[{"embeddable":true,"href":"http:\/\/educaciondeadultos.cl\/web\/wp-json\/wp\/v2\/comments?post=497"}],"version-history":[{"count":0,"href":"http:\/\/educaciondeadultos.cl\/web\/wp-json\/wp\/v2\/posts\/497\/revisions"}],"wp:featuredmedia":[{"embeddable":true,"href":"http:\/\/educaciondeadultos.cl\/web\/wp-json\/wp\/v2\/media\/493"}],"wp:attachment":[{"href":"http:\/\/educaciondeadultos.cl\/web\/wp-json\/wp\/v2\/media?parent=497"}],"wp:term":[{"taxonomy":"category","embeddable":true,"href":"http:\/\/educaciondeadultos.cl\/web\/wp-json\/wp\/v2\/categories?post=497"},{"taxonomy":"post_tag","embeddable":true,"href":"http:\/\/educaciondeadultos.cl\/web\/wp-json\/wp\/v2\/tags?post=497"}],"curies":[{"name":"wp","href":"https:\/\/api.w.org\/{rel}","templated":true}]}}