{"id":484,"date":"2017-04-26T18:57:34","date_gmt":"2017-04-26T21:57:34","guid":{"rendered":"http:\/\/educaciondeadultos.cl\/web\/2017\/04\/26\/upla-formara-tecnicos-en-administracion-logistica-en-complejo-penitenciario-de-valparaiso\/"},"modified":"2017-04-26T18:57:34","modified_gmt":"2017-04-26T21:57:34","slug":"upla-formara-tecnicos-en-administracion-logistica-en-complejo-penitenciario-de-valparaiso","status":"publish","type":"post","link":"http:\/\/educaciondeadultos.cl\/web\/2017\/04\/26\/upla-formara-tecnicos-en-administracion-logistica-en-complejo-penitenciario-de-valparaiso\/","title":{"rendered":"UPLA formar\u00e1 T\u00e9cnicos en Administraci\u00f3n Log\u00edstica en Complejo Penitenciario de Valpara\u00edso"},"content":{"rendered":"<p><img loading=\"lazy\" decoding=\"async\" class=\" size-full wp-image-478\" src=\"http:\/\/educaciondeadultos.cl\/web\/wp-content\/uploads\/2017\/04\/20337d78da56454434455f8b6f3ce7ab.jpg\" alt=\"\" width=\"640\" height=\"427\" srcset=\"http:\/\/educaciondeadultos.cl\/web\/wp-content\/uploads\/2017\/04\/20337d78da56454434455f8b6f3ce7ab.jpg 640w, http:\/\/educaciondeadultos.cl\/web\/wp-content\/uploads\/2017\/04\/20337d78da56454434455f8b6f3ce7ab-300x200.jpg 300w\" sizes=\"auto, (max-width: 640px) 100vw, 640px\" \/><\/p>\n<p style=\"text-align: justify;\"><span style=\"font-family: verdana, geneva; font-size: small;\"><img loading=\"lazy\" decoding=\"async\" class=\" alignleft size-full wp-image-479\" src=\"http:\/\/educaciondeadultos.cl\/web\/wp-content\/uploads\/2017\/04\/carcelinaugu.jpg\" border=\"0\" alt=\"\" width=\"601\" height=\"312\" style=\"float: left;\" srcset=\"http:\/\/educaciondeadultos.cl\/web\/wp-content\/uploads\/2017\/04\/carcelinaugu.jpg 640w, http:\/\/educaciondeadultos.cl\/web\/wp-content\/uploads\/2017\/04\/carcelinaugu-300x156.jpg 300w\" sizes=\"auto, (max-width: 601px) 100vw, 601px\" \/><span style=\"color: #000000;\">Por primera vez en Chile una universidad estatal impartir\u00e1 una carrera t\u00e9cnica de nivel superior al interior de un recinto penitenciario, ofreciendo un valor agregado a la libertad de quienes cursen y aprueben los ramos.<\/span><\/span><\/p>\n<p style=\"text-align: justify;\"><span style=\"font-family: verdana, geneva; font-size: small; color: #000000;\"><a href=\"http:\/\/www.upla.cl\/noticias\/wp-content\/uploads\/2017\/04\/Inaug.-carrera-c%C3%A1cel-07.jpg\"><\/a>Esta ma\u00f1ana la\u00a0<strong>Universidad de Playa Ancha<\/strong>, junto al\u00a0<strong>Ministerio de Justicia y DD.HH.,\u00a0<\/strong>y la<strong>\u00a0Direcci\u00f3n Nacional de Gendarmer\u00eda<\/strong>, inaugur\u00f3 el a\u00f1o acad\u00e9mico de la carrera\u00a0<strong>T\u00e9cnico en Administraci\u00f3n Log\u00edstica<\/strong>, que inici\u00f3 las clases con 21 estudiantes en el Complejo Penitenciario de Valpara\u00edso.<\/span><\/p>\n<p style=\"text-align: left;\"><span style=\"font-family: verdana, geneva; font-size: small;\"><img loading=\"lazy\" decoding=\"async\" class=\" alignright size-full wp-image-480\" src=\"http:\/\/educaciondeadultos.cl\/web\/wp-content\/uploads\/2017\/04\/carcelrector.jpg\" border=\"0\" alt=\"\" width=\"267\" height=\"237\" style=\"float: right;\" \/><span style=\"color: #000000;\">Rehabilitaci\u00f3n y reinserci\u00f3n son los objetivos de la pena que cumplen los nuevos estudiantes del Instituto Tecnol\u00f3gico de la UPLA, que en contexto de encierro, tendr\u00e1n una nueva oportunidad para sus vidas, destac\u00f3 el\u00a0<strong>rector Patricio Sanhueza Vivanco<\/strong>.<\/span><\/span><\/p>\n<p><span style=\"font-family: verdana, geneva; font-size: small; color: #000000;\">\u201cNosotros no solo vamos a ense\u00f1ar a hacer algo t\u00e9cnico -precis\u00f3 la autoridad-, tambi\u00e9n vamos a reforzar las competencias blandas de las personas, de tal manera que humanicemos a cada uno de estos estudiantes. Los veo a ellos con la mejor disposici\u00f3n de estudiar, de sacar un t\u00edtulo y aprovechar una nueva oportunidad que se les presenta en la vida. La universidad estar\u00e1 para ellos para apoyar esos objetivos\u201d.<\/span><\/p>\n<p><span style=\"font-family: verdana, geneva; font-size: small; color: #000000;\">Los internos, que en la ceremonia fueron acompa\u00f1ados por familiares, fueron seleccionados por Gendarmer\u00eda de Chile mediante un proceso de beneficios intrapenitenciarios. Estudiar\u00e1n 2 a\u00f1os y medio, de lunes a viernes en jornadas de 16.00 a 19.00 horas, y lo har\u00e1n mediante el sistema de gratuidad a la que la UPLA se encuentra adscrita.<\/span><\/p>\n<p><span style=\"font-family: verdana, geneva; font-size: small; color: #000000;\"><a href=\"http:\/\/www.upla.cl\/noticias\/wp-content\/uploads\/2017\/04\/Inaug.-carrera-c%C3%A1cel-06.jpg\"><span style=\"color: #000000;\"><img loading=\"lazy\" decoding=\"async\" class=\" alignright size-full wp-image-481\" src=\"http:\/\/educaciondeadultos.cl\/web\/wp-content\/uploads\/2017\/04\/carcelministro.jpg\" border=\"0\" alt=\"\" width=\"305\" height=\"204\" style=\"float: right;\" srcset=\"http:\/\/educaciondeadultos.cl\/web\/wp-content\/uploads\/2017\/04\/carcelministro.jpg 640w, http:\/\/educaciondeadultos.cl\/web\/wp-content\/uploads\/2017\/04\/carcelministro-300x200.jpg 300w\" sizes=\"auto, (max-width: 305px) 100vw, 305px\" \/><\/span><\/a>El\u00a0<strong>ministro (s) de Justicia y DD.HH., Nicol\u00e1s Mena Letelier<\/strong>, junto con agradecer a las instituciones gestoras del proyecto piloto sostuvo: \u201cEstamos convencidos que la delincuencia no se combate con m\u00e1s c\u00e1rceles, sino que con reinserci\u00f3n social, y esto es una prueba concreta, donde ha habido una mancomuni\u00f3n de esfuerzos del sector universitario con la Universidad de Playa Ancha, el gobierno, Gendarmer\u00eda y nos llena de orgullo que est\u00e9 comenzando en la regi\u00f3n de Valpara\u00edso. Esperamos que se vaya convirtiendo paulatinamente en pol\u00edtica p\u00fablica\u201d.<\/span><\/p>\n<h5><span style=\"font-family: verdana, geneva; font-size: small; color: #000000;\"><strong>Disminuci\u00f3n de la reincidencia<\/strong><\/span><\/h5>\n<p><span style=\"font-family: verdana, geneva; font-size: small; color: #000000;\"><a href=\"http:\/\/www.upla.cl\/noticias\/wp-content\/uploads\/2017\/04\/Inaug.-carrera-c%C3%A1cel-10.jpg\"><span style=\"color: #000000;\"><img loading=\"lazy\" decoding=\"async\" class=\" alignleft size-full wp-image-476\" src=\"http:\/\/educaciondeadultos.cl\/web\/wp-content\/uploads\/2017\/04\/carcel4.jpg\" border=\"0\" alt=\"\" width=\"473\" height=\"316\" style=\"float: left;\" srcset=\"http:\/\/educaciondeadultos.cl\/web\/wp-content\/uploads\/2017\/04\/carcel4.jpg 640w, http:\/\/educaciondeadultos.cl\/web\/wp-content\/uploads\/2017\/04\/carcel4-300x200.jpg 300w\" sizes=\"auto, (max-width: 473px) 100vw, 473px\" \/><\/span><\/a>De acuerdo a lo informado por el\u00a0<strong>director nacional de Gendarmer\u00eda, Jaime Rojas Flores<\/strong>, m\u00e1s de un 30% de las personas privadas de libertad acceden a beneficios intrapenitenciarios, ya sea por la v\u00eda del trabajo de inserci\u00f3n laboral, o por la v\u00eda de la educaci\u00f3n, a la que un 50% de los internos est\u00e1 en condiciones de acceder.<\/span><\/p>\n<p style=\"text-align: justify;\"><span style=\"font-family: verdana, geneva; font-size: small; color: #000000;\">Respecto de las probabilidades de rehabilitaci\u00f3n de los reclusos que participan en esta iniciativa in\u00e9dita en el pa\u00eds,\u00a0<strong>Rojas<\/strong>\u00a0explic\u00f3: \u201cLa demostraci\u00f3n\u00a0<a href=\"http:\/\/www.upla.cl\/noticias\/wp-content\/uploads\/2017\/04\/Inaug.-carrera-c%C3%A1cel-12.jpg\"><\/a>emp\u00edrica que tenemos nosotros es que las personas que cumplen primero una parte de su condena en libertad, as\u00ed como los que han pasado por un sistema de educaci\u00f3n y trabajo interno, son los que menos reinciden, por lo tanto est\u00e1 comprobado que es el camino correcto y el que tenemos que incentivar\u201d.<\/span><\/p>\n<p style=\"text-align: justify;\"><span style=\"font-family: verdana, geneva; font-size: small; color: #000000;\">El\u00a0<strong>intendente Gabriel Aldoney<\/strong>\u00a0recalc\u00f3 que \u201c\u00e9ste es el primer paso que da una universidad en el \u00e1mbito de la reinserci\u00f3n de las personas que han cometido delito, y uno espera que otras universidades p\u00fablicas y privadas puedan incorporarse a este proceso\u201d.<\/span><\/p>\n<h5 style=\"text-align: justify;\"><span style=\"font-family: verdana, geneva; font-size: small; color: #000000;\"><strong>Alumnos<\/strong><\/span><\/h5>\n<p style=\"text-align: justify;\"><span style=\"font-family: verdana, geneva; font-size: small; color: #000000;\"><strong><a href=\"http:\/\/www.upla.cl\/noticias\/wp-content\/uploads\/2017\/04\/Antonio-Montoya.jpg\"><span style=\"color: #000000;\"><img loading=\"lazy\" decoding=\"async\" class=\" alignleft size-full wp-image-482\" src=\"http:\/\/educaciondeadultos.cl\/web\/wp-content\/uploads\/2017\/04\/carcelanto.jpg\" border=\"0\" alt=\"\" style=\"float: left;\" width=\"150\" height=\"150\" srcset=\"http:\/\/educaciondeadultos.cl\/web\/wp-content\/uploads\/2017\/04\/carcelanto.jpg 150w, http:\/\/educaciondeadultos.cl\/web\/wp-content\/uploads\/2017\/04\/carcelanto-100x100.jpg 100w\" sizes=\"auto, (max-width: 150px) 100vw, 150px\" \/><\/span><\/a>Antonio Montoya<\/strong>\u00a0tiene 23 a\u00f1os, cinco de ellos los ha cumplido al interior del Complejo Penitenciario de Valpara\u00edso, rest\u00e1ndole 10 a\u00f1os y un d\u00eda para concluir su condena. Coment\u00f3 que cuando empezaron las clases el 20 de marzo, \u201clos profesores que nos nivelaron nos dieron la motivaci\u00f3n para seguir adelante, porque muchos no ten\u00edamos el inter\u00e9s, y eso es muy interesante para cada uno de nosotros, sobre todo para m\u00ed, porque uno de mis proyectos era seguir estudiando\u201d.<\/span><\/p>\n<p style=\"text-align: justify;\"><span style=\"font-family: verdana, geneva; font-size: small; color: #000000;\"><a href=\"http:\/\/www.upla.cl\/noticias\/wp-content\/uploads\/2017\/04\/Peter-Alvarez.jpg\"><span style=\"color: #000000;\"><img loading=\"lazy\" decoding=\"async\" class=\" alignleft size-full wp-image-483\" src=\"http:\/\/educaciondeadultos.cl\/web\/wp-content\/uploads\/2017\/04\/carcelgus.jpg\" border=\"0\" alt=\"\" style=\"float: left;\" width=\"150\" height=\"150\" srcset=\"http:\/\/educaciondeadultos.cl\/web\/wp-content\/uploads\/2017\/04\/carcelgus.jpg 150w, http:\/\/educaciondeadultos.cl\/web\/wp-content\/uploads\/2017\/04\/carcelgus-100x100.jpg 100w\" sizes=\"auto, (max-width: 150px) 100vw, 150px\" \/><\/span><\/a>Mientras que\u00a0<strong>Peter \u00c1lvarez<\/strong>\u00a0de 34 a\u00f1os, dijo estar emocionado con esta carrera e hizo un llamado a la comunidad para que les abran las puertas. \u201cQu\u00e9 sacamos con estudiar si despu\u00e9s no vamos a tener trabajo. Yo hago un llamado a que cuando terminemos esto, nos den oportunidades de trabajo, porque yo quiero cambiar, no quiero nunca m\u00e1s estar preso, quiero ser normal\u201d.<\/span><\/p>\n<p style=\"text-align: justify;\"><span style=\"font-family: verdana, geneva; font-size: small; color: #000000;\">El plan piloto es producto de un convenio firmado entre la UPLA y la Direcci\u00f3n Regional Gendarmer\u00eda en 2014, el que considera adem\u00e1s desarrollar investigaci\u00f3n sobre el impacto que generan las instituciones que imparten educaci\u00f3n al interior del recinto penitenciario.<\/span><\/p>\n<p><span style=\"font-family: verdana, geneva; font-size: small; color: #000000;\">Fuente: Upla Noticias. 26 de abril de 2017<\/span><\/p>\n","protected":false},"excerpt":{"rendered":"<p>Por primera vez en Chile una universidad estatal impartir\u00e1 una carrera t\u00e9cnica de nivel superior al interior de un recinto penitenciario, ofreciendo un valor agregado a la libertad de quienes cursen y aprueben los ramos. Esta ma\u00f1ana la\u00a0Universidad de Playa Ancha, junto al\u00a0Ministerio de Justicia y DD.HH.,\u00a0y la\u00a0Direcci\u00f3n Nacional de Gendarmer\u00eda, inaugur\u00f3 el a\u00f1o acad\u00e9mico [&hellip;]<\/p>\n","protected":false},"author":1,"featured_media":478,"comment_status":"closed","ping_status":"closed","sticky":false,"template":"","format":"standard","meta":{"_et_pb_use_builder":"","_et_pb_old_content":"","_et_gb_content_width":"","_oasis_is_in_workflow":0,"_oasis_original":0,"footnotes":""},"categories":[45],"tags":[],"class_list":["post-484","post","type-post","status-publish","format-standard","has-post-thumbnail","hentry","category-event"],"_links":{"self":[{"href":"http:\/\/educaciondeadultos.cl\/web\/wp-json\/wp\/v2\/posts\/484","targetHints":{"allow":["GET"]}}],"collection":[{"href":"http:\/\/educaciondeadultos.cl\/web\/wp-json\/wp\/v2\/posts"}],"about":[{"href":"http:\/\/educaciondeadultos.cl\/web\/wp-json\/wp\/v2\/types\/post"}],"author":[{"embeddable":true,"href":"http:\/\/educaciondeadultos.cl\/web\/wp-json\/wp\/v2\/users\/1"}],"replies":[{"embeddable":true,"href":"http:\/\/educaciondeadultos.cl\/web\/wp-json\/wp\/v2\/comments?post=484"}],"version-history":[{"count":0,"href":"http:\/\/educaciondeadultos.cl\/web\/wp-json\/wp\/v2\/posts\/484\/revisions"}],"wp:featuredmedia":[{"embeddable":true,"href":"http:\/\/educaciondeadultos.cl\/web\/wp-json\/wp\/v2\/media\/478"}],"wp:attachment":[{"href":"http:\/\/educaciondeadultos.cl\/web\/wp-json\/wp\/v2\/media?parent=484"}],"wp:term":[{"taxonomy":"category","embeddable":true,"href":"http:\/\/educaciondeadultos.cl\/web\/wp-json\/wp\/v2\/categories?post=484"},{"taxonomy":"post_tag","embeddable":true,"href":"http:\/\/educaciondeadultos.cl\/web\/wp-json\/wp\/v2\/tags?post=484"}],"curies":[{"name":"wp","href":"https:\/\/api.w.org\/{rel}","templated":true}]}}