{"id":477,"date":"2017-04-26T18:12:27","date_gmt":"2017-04-26T21:12:27","guid":{"rendered":"http:\/\/educaciondeadultos.cl\/web\/2017\/04\/26\/en-marcha-carrera-tecnicos-en-administracion-logistica-en-complejo-penitenciario-de-valparaiso\/"},"modified":"2017-04-26T18:12:27","modified_gmt":"2017-04-26T21:12:27","slug":"en-marcha-carrera-tecnicos-en-administracion-logistica-en-complejo-penitenciario-de-valparaiso","status":"publish","type":"post","link":"http:\/\/educaciondeadultos.cl\/web\/2017\/04\/26\/en-marcha-carrera-tecnicos-en-administracion-logistica-en-complejo-penitenciario-de-valparaiso\/","title":{"rendered":"Iniciativa del programa en Complejo Penitenciario de Valpara\u00edso inaugura a\u00f1o acad\u00e9mico"},"content":{"rendered":"<p><img loading=\"lazy\" decoding=\"async\" class=\" size-full wp-image-473\" src=\"http:\/\/educaciondeadultos.cl\/web\/wp-content\/uploads\/2017\/04\/1c72b5b3dc7bf80ea0618ee08adcc847.jpg\" alt=\"\" width=\"640\" height=\"427\" srcset=\"http:\/\/educaciondeadultos.cl\/web\/wp-content\/uploads\/2017\/04\/1c72b5b3dc7bf80ea0618ee08adcc847.jpg 640w, http:\/\/educaciondeadultos.cl\/web\/wp-content\/uploads\/2017\/04\/1c72b5b3dc7bf80ea0618ee08adcc847-300x200.jpg 300w\" sizes=\"auto, (max-width: 640px) 100vw, 640px\" \/><\/p>\n<p style=\"text-align: left;\"><span style=\"color: #000000; font-family: verdana, geneva; font-size: small;\"><img loading=\"lazy\" decoding=\"async\" class=\" alignright size-full wp-image-474\" src=\"http:\/\/educaciondeadultos.cl\/web\/wp-content\/uploads\/2017\/04\/carcel1fin.jpg\" border=\"0\" alt=\"\" width=\"526\" height=\"296\" style=\"float: right;\" srcset=\"http:\/\/educaciondeadultos.cl\/web\/wp-content\/uploads\/2017\/04\/carcel1fin.jpg 1134w, http:\/\/educaciondeadultos.cl\/web\/wp-content\/uploads\/2017\/04\/carcel1fin-300x169.jpg 300w, http:\/\/educaciondeadultos.cl\/web\/wp-content\/uploads\/2017\/04\/carcel1fin-768x432.jpg 768w, http:\/\/educaciondeadultos.cl\/web\/wp-content\/uploads\/2017\/04\/carcel1fin-1024x576.jpg 1024w\" sizes=\"auto, (max-width: 526px) 100vw, 526px\" \/>Una destacada participaci\u00f3n tuvo nuestro Programa Disciplinario de Educaci\u00f3n de J\u00f3venes y Adultos en la\u00a0\u00a0significativa ceremonia realizada el lunes 24 de abril pasado en el Complejo Penitenciario de Valpara\u00edso, \u00a0evento que inaugur\u00f3 la puesta en marcha de un Plan piloto destinado a impartir la carrera T\u00e9cnicos en Administraci\u00f3n Log\u00edstica\u00a0a un total de\u00a021 internos, qui\u00e9nes participar\u00e1n durante dos a\u00f1os y medio de duraci\u00f3n, contando para ello con\u00a0una sala de clases habilitada en el propio Complejo Penitenciario del Camino\u00a0La P\u00f3lvora y la participaci\u00f3n de<\/span><span style=\"color: #000000; font-family: verdana, geneva; font-size: small;\">\u00a0acad\u00e9micos de la UPLA.<\/span><\/p>\n<p style=\"text-align: left;\"><span style=\"color: #000000; font-family: verdana, geneva; font-size: small;\">La ceremonia cont\u00f3 con la participaci\u00f3n de \u00a0autoridades de gobierno, encabezadas por al Ministro de Justicia y DDHH (s) Nicol\u00e1s Mena, \u00a0junto a la Seremi de dicha cartera, Paz Anastasiadis y el Intendente Regional, Gabriel Aldoney, el Director Nacional de Gendarmer\u00eda de Chile , Jaime Rojas y r<\/span><span style=\"color: #000000; font-family: verdana, geneva; font-size: small;\">epresentantes de \u00a0nuestra casa de estudios, encabezados por el Rector, Patricio Sanhueza, la Vicerrectora Acad\u00e9mica, Cecilia Arriagada y el Decano de la Facultad de Educaci\u00f3n, Luis Alberto D\u00edaz.<\/span><\/p>\n<p style=\"text-align: justify;\"><span style=\"color: #000000; font-family: verdana, geneva; font-size: small;\"><img loading=\"lazy\" decoding=\"async\" class=\" alignright size-full wp-image-475\" src=\"http:\/\/educaciondeadultos.cl\/web\/wp-content\/uploads\/2017\/04\/carcel3.jpg\" border=\"0\" alt=\"\" width=\"360\" height=\"270\" style=\"float: right;\" srcset=\"http:\/\/educaciondeadultos.cl\/web\/wp-content\/uploads\/2017\/04\/carcel3.jpg 785w, http:\/\/educaciondeadultos.cl\/web\/wp-content\/uploads\/2017\/04\/carcel3-300x225.jpg 300w, http:\/\/educaciondeadultos.cl\/web\/wp-content\/uploads\/2017\/04\/carcel3-768x576.jpg 768w\" sizes=\"auto, (max-width: 360px) 100vw, 360px\" \/><img loading=\"lazy\" decoding=\"async\" class=\" alignright size-full wp-image-476\" src=\"http:\/\/educaciondeadultos.cl\/web\/wp-content\/uploads\/2017\/04\/carcel4.jpg\" border=\"0\" alt=\"\" width=\"403\" height=\"269\" style=\"float: right;\" srcset=\"http:\/\/educaciondeadultos.cl\/web\/wp-content\/uploads\/2017\/04\/carcel4.jpg 640w, http:\/\/educaciondeadultos.cl\/web\/wp-content\/uploads\/2017\/04\/carcel4-300x200.jpg 300w\" sizes=\"auto, (max-width: 403px) 100vw, 403px\" \/>Como\u00a0\u201cun hecho in\u00e9dito en la regi\u00f3n y en el pa\u00eds\u201d, fue reconocida esta iniciativa por las autoridades. Por su parte, el\u00a0<\/span><span style=\"color: #000000; font-family: verdana, geneva; font-size: small;\">rector Patricio Sanhueza, reconoci\u00f3 en la oportunidad la labor de Violeta Acu\u00f1a, Directora del Programa Disciplinario de Educaci\u00f3n de J\u00f3venes y Adultos, impulsora tanto en\u00a0el origen y concreci\u00f3n de este proyecto, resaltando adem\u00e1s la importancia de la educaci\u00f3n en contexto de encierro orientada a enfrentar los desaf\u00edos laborales una vez que los internos participantes completen sus respectivas condenas. Finalmente, los asistentes hicieron un recorrido por las instalaciones y presenciaron una clase que realiz\u00f3 el profesor del programa, Gabriel Ramos, ocasi\u00f3n en que aprovecharon de compartir directamente con los estudiantes y conocer sus intereses.<\/span><\/p>\n<p style=\"text-align: justify;\"><span style=\"color: #000000; font-family: verdana, geneva; font-size: small;\">Comunicaciones\/edici\u00f3n web. 26 de abril 2017.<\/span><\/p>\n","protected":false},"excerpt":{"rendered":"<p>Una destacada participaci\u00f3n tuvo nuestro Programa Disciplinario de Educaci\u00f3n de J\u00f3venes y Adultos en la\u00a0\u00a0significativa ceremonia realizada el lunes 24 de abril pasado en el Complejo Penitenciario de Valpara\u00edso, \u00a0evento que inaugur\u00f3 la puesta en marcha de un Plan piloto destinado a impartir la carrera T\u00e9cnicos en Administraci\u00f3n Log\u00edstica\u00a0a un total de\u00a021 internos, qui\u00e9nes participar\u00e1n [&hellip;]<\/p>\n","protected":false},"author":1,"featured_media":473,"comment_status":"closed","ping_status":"closed","sticky":false,"template":"","format":"standard","meta":{"_et_pb_use_builder":"","_et_pb_old_content":"","_et_gb_content_width":"","_oasis_is_in_workflow":0,"_oasis_original":0,"footnotes":""},"categories":[45],"tags":[],"class_list":["post-477","post","type-post","status-publish","format-standard","has-post-thumbnail","hentry","category-event"],"_links":{"self":[{"href":"http:\/\/educaciondeadultos.cl\/web\/wp-json\/wp\/v2\/posts\/477","targetHints":{"allow":["GET"]}}],"collection":[{"href":"http:\/\/educaciondeadultos.cl\/web\/wp-json\/wp\/v2\/posts"}],"about":[{"href":"http:\/\/educaciondeadultos.cl\/web\/wp-json\/wp\/v2\/types\/post"}],"author":[{"embeddable":true,"href":"http:\/\/educaciondeadultos.cl\/web\/wp-json\/wp\/v2\/users\/1"}],"replies":[{"embeddable":true,"href":"http:\/\/educaciondeadultos.cl\/web\/wp-json\/wp\/v2\/comments?post=477"}],"version-history":[{"count":0,"href":"http:\/\/educaciondeadultos.cl\/web\/wp-json\/wp\/v2\/posts\/477\/revisions"}],"wp:featuredmedia":[{"embeddable":true,"href":"http:\/\/educaciondeadultos.cl\/web\/wp-json\/wp\/v2\/media\/473"}],"wp:attachment":[{"href":"http:\/\/educaciondeadultos.cl\/web\/wp-json\/wp\/v2\/media?parent=477"}],"wp:term":[{"taxonomy":"category","embeddable":true,"href":"http:\/\/educaciondeadultos.cl\/web\/wp-json\/wp\/v2\/categories?post=477"},{"taxonomy":"post_tag","embeddable":true,"href":"http:\/\/educaciondeadultos.cl\/web\/wp-json\/wp\/v2\/tags?post=477"}],"curies":[{"name":"wp","href":"https:\/\/api.w.org\/{rel}","templated":true}]}}