{"id":472,"date":"2017-04-14T02:33:15","date_gmt":"2017-04-14T05:33:15","guid":{"rendered":"http:\/\/educaciondeadultos.cl\/web\/2017\/04\/14\/volver-al-colegio-un-desafio-de-superacion-a-cualquier-edad\/"},"modified":"2017-04-14T02:33:15","modified_gmt":"2017-04-14T05:33:15","slug":"volver-al-colegio-un-desafio-de-superacion-a-cualquier-edad","status":"publish","type":"post","link":"http:\/\/educaciondeadultos.cl\/web\/2017\/04\/14\/volver-al-colegio-un-desafio-de-superacion-a-cualquier-edad\/","title":{"rendered":"Volver al colegio: un desaf\u00edo de superaci\u00f3n a cualquier edad"},"content":{"rendered":"<p><img loading=\"lazy\" decoding=\"async\" class=\" size-full wp-image-466\" src=\"http:\/\/educaciondeadultos.cl\/web\/wp-content\/uploads\/2017\/04\/606c25c475d87517492ef06221495e02.jpg\" alt=\"\" width=\"640\" height=\"427\" srcset=\"http:\/\/educaciondeadultos.cl\/web\/wp-content\/uploads\/2017\/04\/606c25c475d87517492ef06221495e02.jpg 640w, http:\/\/educaciondeadultos.cl\/web\/wp-content\/uploads\/2017\/04\/606c25c475d87517492ef06221495e02-300x200.jpg 300w\" sizes=\"auto, (max-width: 640px) 100vw, 640px\" \/><\/p>\n<p style=\"text-align: left;\"><span style=\"color: #000000;\"><img loading=\"lazy\" decoding=\"async\" class=\" alignleft size-full wp-image-467\" src=\"http:\/\/educaciondeadultos.cl\/web\/wp-content\/uploads\/2017\/04\/14Educacion-de-Adultos-.jpg\" border=\"0\" alt=\"\" width=\"522\" height=\"348\" style=\"float: left;\" srcset=\"http:\/\/educaciondeadultos.cl\/web\/wp-content\/uploads\/2017\/04\/14Educacion-de-Adultos-.jpg 640w, http:\/\/educaciondeadultos.cl\/web\/wp-content\/uploads\/2017\/04\/14Educacion-de-Adultos--300x200.jpg 300w\" sizes=\"auto, (max-width: 522px) 100vw, 522px\" \/><span style=\"font-family: verdana, geneva; font-size: small;\">Esfuerzo, superaci\u00f3n, oportunidad y hacer valer sus sue\u00f1os fueron las palabras m\u00e1s frecuentes en la\u00a0<strong>Ceremonia de Inauguraci\u00f3n del Programa de Nivelaci\u00f3n de Estudios,<\/strong>\u00a0programa del\u00a0<strong>Ministerio de Educaci\u00f3n,<\/strong>\u00a0ejecutado por la\u00a0<strong>UPLA<\/strong>\u00a0en forma totalmente gratuita , a trav\u00e9s de la\u00a0<strong>Facultad de Ciencias de la Educaci\u00f3n.<\/strong><\/span><\/span><\/p>\n<p style=\"text-align: justify;\"><span style=\"color: #000000; font-family: verdana, geneva; font-size: small;\">Mediante este programa, j\u00f3venes y adultos de todas las edades pueden acceder a completar sus estudios b\u00e1sicos y medios cualquiera sea el nivel al que hayan llegado y, posteriormente, si as\u00ed lo desean, continuar estudios t\u00e9cnicos o superiores.<\/span><\/p>\n<p style=\"text-align: justify;\"><span style=\"color: #000000;\"><strong><img loading=\"lazy\" decoding=\"async\" class=\" alignright size-full wp-image-468\" src=\"http:\/\/educaciondeadultos.cl\/web\/wp-content\/uploads\/2017\/04\/9Educacion-de-Adultos-300x200.jpg\" border=\"0\" alt=\"\" width=\"343\" height=\"228\" style=\"float: right;\" \/><span style=\"font-family: verdana, geneva; font-size: small;\">Vivian Astudillo Carmona, encargada de nivelaci\u00f3n de estudios,<\/span><\/strong><span style=\"font-family: verdana, geneva; font-size: small;\">\u00a0inform\u00f3 que este programa<a href=\"http:\/\/www.upla.cl\/noticias\/wp-content\/uploads\/2017\/04\/9Educacio%CC%81n-de-Adultos-.jpg\"><\/a>\u00a0se est\u00e1 haciendo sistem\u00e1ticamente a partir del 2014, aunque hubo algunos a\u00f1os en los que no se pudo realizar, sin embargo, ya se ha retomado con regularidad.<\/span><\/span><\/p>\n<p style=\"text-align: justify;\"><span style=\"color: #000000; font-family: verdana, geneva; font-size: small;\">As\u00ed, este a\u00f1o hay 55 estudiantes matriculados con diversas necesidades de escolaridad. \u201cTenemos un grupo bastante importante que desea terminar tercero y cuarto medio, otros la educaci\u00f3n b\u00e1sica. Este convenio nos permite vincularnos con la comunidad y dar respuesta a la necesidad de completar sus estudios a quienes lo requieran\u201d, dijo\u00a0<strong>Vivian Astudillo.<\/strong><\/span><\/p>\n<p style=\"text-align: justify;\"><span style=\"color: #000000; font-family: verdana, geneva; font-size: small;\">\u201cLa universidad les est\u00e1 dando una luz de esperanza para que puedan lograr sus sue\u00f1os y aspiraciones, este programa es muy enriquecedor en lo humano, por ejemplo tenemos una persona nivelando estudios b\u00e1sicos, quien tiene 70 a\u00f1os y es un orgullo para nosotros, a pesar de su edad, tener como estudiante este ejemplo de autosuperaci\u00f3n\u201d, agreg\u00f3 la encargada.<\/span><\/p>\n<p><span style=\"color: #000000; font-family: verdana, geneva; font-size: small;\"><img loading=\"lazy\" decoding=\"async\" class=\" alignleft size-full wp-image-469\" src=\"http:\/\/educaciondeadultos.cl\/web\/wp-content\/uploads\/2017\/04\/18Educacion-de-Adultos-300x200.jpg\" border=\"0\" alt=\"\" width=\"408\" height=\"272\" style=\"float: left;\" \/>Los estudiantes deben acudir a clases presenciales durante cinco meses, tres veces a la semana, luego deben rendir una serie de evaluaciones realizadas por el\u00a0<strong>MINEDUC<\/strong>\u00a0y si la persona obtiene aunque sea la nota m\u00ednima de 4.0 aprueba el nivel.\u00a0<strong>Astudillo<\/strong>\u00a0agreg\u00f3 que uno de los aspectos m\u00e1s importantes de este programa es que los estudiantes de pregrado colaboran haciendo reforzamiento a los estudiantes en diversas materias como matem\u00e1tica, lenguaje, ciencias, etc.<\/span><\/p>\n<p style=\"text-align: justify;\"><span style=\"color: #000000; font-family: verdana, geneva; font-size: small;\"><a href=\"http:\/\/www.upla.cl\/noticias\/wp-content\/uploads\/2017\/04\/18Educacio%CC%81n-de-Adultos-.jpg\"><\/a>Las palabras de bienvenida a esta ceremonia estuvieron a cargo del\u00a0<strong>decano de la Facultad de Ciencias de la Educaci\u00f3n, Dr. Luis Alberto D\u00edaz ,<\/strong>\u00a0quien destac\u00f3 : \u201cen estas instancias se ve el esfuerzo, la dedicaci\u00f3n y las ganas de avanzar en la vida. Aqu\u00ed no hay edad, el yo no puedo no existe. Si ustedes est\u00e1n aqu\u00ed es porque van a lograr el \u00e9xito y eso me lo tienen que recordar cuando est\u00e9n egresando\u201d, afirm\u00f3.<\/span><\/p>\n<p style=\"text-align: justify;\"><span style=\"color: #000000; font-family: verdana, geneva; font-size: small;\">El decano dijo que programa es un medio para abrirse paso en la vida y agradeci\u00f3 a los estudiantes por confiar en esta casa de estudios y espec\u00edficamente en la\u00a0<strong>Facultad de Ciencias de la Educaci\u00f3n,<\/strong>\u00a0adem\u00e1s, les felicit\u00f3 por la motivaci\u00f3n y expres\u00f3 sus deseos de que todos terminen con \u00e9xito esta etapa.<\/span><\/p>\n<p style=\"text-align: justify;\"><span style=\"color: #000000; font-family: verdana, geneva; font-size: small;\">En esta ceremonia estuvieron presentes adem\u00e1s la\u00a0<strong>coordinadora del Programa Disciplinar de J\u00f3venes y Adultos, Dra. Violeta Acu\u00f1a Collado, el Director del Instituto Tecnol\u00f3gico de la UPLA, Jorge Gonz\u00e1lez Moya,<\/strong>\u00a0acad\u00e9micos y acad\u00e9micas del programa y ex alumnos de \u00e9ste.<\/span><\/p>\n<p style=\"text-align: justify;\"><span style=\"color: #000000; font-family: verdana, geneva; font-size: small;\"><strong>Nuestros nuevos estudiantes<\/strong><\/span><\/p>\n<p><span style=\"color: #000000; font-family: verdana, geneva; font-size: small;\"><strong><a href=\"http:\/\/www.upla.cl\/noticias\/wp-content\/uploads\/2017\/04\/2Educacio%CC%81n-de-Adultos-.jpg\"><img loading=\"lazy\" decoding=\"async\" class=\" alignright size-full wp-image-470\" src=\"http:\/\/educaciondeadultos.cl\/web\/wp-content\/uploads\/2017\/04\/2Educacion-de-Adultos-300x200.jpg\" border=\"0\" alt=\"\" width=\"338\" height=\"225\" style=\"float: right;\" \/><\/a>Reinaldo Fern\u00e1ndez:<\/strong>\u00a0\u201cestoy sacando el cuarto medio y soy maestro alba\u00f1il en la construcci\u00f3n. Me parece fant\u00e1stica esta oportunidad, porque despu\u00e9s de tanto tiempo de haber dejado de estudiar retomar mis estudios para sacar el cuarto medio es volver a empezar lo que dej\u00e9 hace un tiempo atr\u00e1s. Fue mi pareja la que me incentiv\u00f3 a retomar mis estudios\u201d.<\/span><\/p>\n<p><span style=\"color: #000000; font-family: verdana, geneva; font-size: small;\"><strong><img loading=\"lazy\" decoding=\"async\" class=\" alignleft size-full wp-image-471\" src=\"http:\/\/educaciondeadultos.cl\/web\/wp-content\/uploads\/2017\/04\/4Educacion-de-Adultos-300x200.jpg\" border=\"0\" alt=\"\" width=\"348\" height=\"232\" style=\"float: left;\" \/>\u00c1ngela P\u00e9rez:<\/strong>\u00a0\u201cestoy nivelando mis niveles b\u00e1sicos : primero, segundo y tercero. Estudi\u00e9 hace 50 a\u00f1os en una escuelita de campo en un fundo llamado Alicahue, entonces no hay antecedentes de mis estudios. Cuando supe del programa me gust\u00f3 y no hab\u00eda tenido antes la oportunidad de estudiar, estoy contenta pues mis hijos y mi familia me apoyan, aparte que yo quer\u00eda hacerlo, me encanta y Dios quiera que me acompa\u00f1e la memoria\u201d.<\/span><\/p>\n<p style=\"text-align: justify;\"><span style=\"color: #000000; font-family: verdana, geneva; font-size: small;\"><strong><a href=\"http:\/\/www.upla.cl\/noticias\/wp-content\/uploads\/2017\/04\/4Educacio%CC%81n-de-Adultos-.jpg\"><\/a>Esther Mart\u00ednez:<\/strong>\u00a0\u201ctengo 57 a\u00f1os, estoy haciendo s\u00e9ptimo y octavo, mis hijos me incentivaron a tomar esta oportunidad y por mi parte yo tambi\u00e9n quiero sacar mis estudios. Mi sue\u00f1o, desde joven, ha sido ser periodista y nunca se pudo porque antes la situaci\u00f3n era muy complicada. Tengo tres hijos profesionales y yo decid\u00ed ahora seguir estudiando, terminar mi ense\u00f1anza media y dar la PSU, Agradezco esta oportunidad, aunque no es f\u00e1cil porque uno se siente como insegura, pero estoy contenta, incluso mis hijos me compraron los cuadernos\u201d.<\/span><\/p>\n<p style=\"text-align: justify;\"><span style=\"color: #000000; font-family: verdana, geneva; font-size: small;\">Ver aqu\u00ed:\u00a0<a href=\"http:\/\/www.upla.cl\/noticias\/2017\/04\/13\/volver-al-colegio-un-desafio-de-superacion-a-cualquier-edad\/\">m\u00e1s fotograf\u00edas de la ceremonia<\/a>.<\/span><\/p>\n<p style=\"text-align: justify;\"><span style=\"color: #000000;\">Fuente: Upla\/noticias. 13 de abril 2017.<\/span><\/p>\n<p style=\"text-align: justify;\"><span style=\"color: #000000;\">Edici\u00f3n Web\/edja-Upla. 13 de abril 2017<\/span><\/p>\n<p>\u00a0<\/p>\n","protected":false},"excerpt":{"rendered":"<p>Esfuerzo, superaci\u00f3n, oportunidad y hacer valer sus sue\u00f1os fueron las palabras m\u00e1s frecuentes en la\u00a0Ceremonia de Inauguraci\u00f3n del Programa de Nivelaci\u00f3n de Estudios,\u00a0programa del\u00a0Ministerio de Educaci\u00f3n,\u00a0ejecutado por la\u00a0UPLA\u00a0en forma totalmente gratuita , a trav\u00e9s de la\u00a0Facultad de Ciencias de la Educaci\u00f3n. Mediante este programa, j\u00f3venes y adultos de todas las edades pueden acceder a completar [&hellip;]<\/p>\n","protected":false},"author":1,"featured_media":466,"comment_status":"closed","ping_status":"closed","sticky":false,"template":"","format":"standard","meta":{"_et_pb_use_builder":"","_et_pb_old_content":"","_et_gb_content_width":"","_oasis_is_in_workflow":0,"_oasis_original":0,"footnotes":""},"categories":[45],"tags":[],"class_list":["post-472","post","type-post","status-publish","format-standard","has-post-thumbnail","hentry","category-event"],"_links":{"self":[{"href":"http:\/\/educaciondeadultos.cl\/web\/wp-json\/wp\/v2\/posts\/472","targetHints":{"allow":["GET"]}}],"collection":[{"href":"http:\/\/educaciondeadultos.cl\/web\/wp-json\/wp\/v2\/posts"}],"about":[{"href":"http:\/\/educaciondeadultos.cl\/web\/wp-json\/wp\/v2\/types\/post"}],"author":[{"embeddable":true,"href":"http:\/\/educaciondeadultos.cl\/web\/wp-json\/wp\/v2\/users\/1"}],"replies":[{"embeddable":true,"href":"http:\/\/educaciondeadultos.cl\/web\/wp-json\/wp\/v2\/comments?post=472"}],"version-history":[{"count":0,"href":"http:\/\/educaciondeadultos.cl\/web\/wp-json\/wp\/v2\/posts\/472\/revisions"}],"wp:featuredmedia":[{"embeddable":true,"href":"http:\/\/educaciondeadultos.cl\/web\/wp-json\/wp\/v2\/media\/466"}],"wp:attachment":[{"href":"http:\/\/educaciondeadultos.cl\/web\/wp-json\/wp\/v2\/media?parent=472"}],"wp:term":[{"taxonomy":"category","embeddable":true,"href":"http:\/\/educaciondeadultos.cl\/web\/wp-json\/wp\/v2\/categories?post=472"},{"taxonomy":"post_tag","embeddable":true,"href":"http:\/\/educaciondeadultos.cl\/web\/wp-json\/wp\/v2\/tags?post=472"}],"curies":[{"name":"wp","href":"https:\/\/api.w.org\/{rel}","templated":true}]}}