{"id":46,"date":"2014-09-17T00:51:32","date_gmt":"2014-09-17T03:51:32","guid":{"rendered":"http:\/\/educaciondeadultos.cl\/web\/2014\/09\/17\/pnud-situacion-educacion-tecnico-profesional\/"},"modified":"2014-09-17T00:51:32","modified_gmt":"2014-09-17T03:51:32","slug":"pnud-situacion-educacion-tecnico-profesional","status":"publish","type":"post","link":"http:\/\/educaciondeadultos.cl\/web\/2014\/09\/17\/pnud-situacion-educacion-tecnico-profesional\/","title":{"rendered":"PNUD. Situaci\u00f3n  educaci\u00f3n t\u00e9cnico profesional"},"content":{"rendered":"<p class=\"entry-title\"><strong><span style=\"font-family: arial, helvetica, sans-serif; font-size: small;\">La situaci\u00f3n de la educaci\u00f3n t\u00e9cnico-profesional en Chile: estudio del PNUD<\/span><\/strong><\/p>\n<p>  <!--more-->  <\/p>\n<p>El presente estudio describe y eval\u00faa las trayectorias educacionales y la\u00a0 inserci\u00f3n laboral de los estudiantes de la ense\u00f1anza media t\u00e9cnico profesional.\u00a0 El estudio se realiza por encargo del Ministerio de Educaci\u00f3n y tiene por objetivo aportar antecedentes para la toma de decisiones de la pol\u00edtica educacional. La informaci\u00f3n proviene de un conjunto de bases de datos de registros administrativos que permiten seguir las trayectorias de los estudiantes en el tiempo. La cohorte analizada es la que cursa segundo medio en el a\u00f1o 2003, puesto que para ella se logra el mejor aprovechamiento de los datos disponibles. Los alumnos de esa cohorte pueden ser seguidos a lo largo de su trayectoria en la ense\u00f1anza media como superior, as\u00ed como en los primeros a\u00f1os de su inserci\u00f3n laboral.<\/p>\n<div class=\"mod mod-last\">\n<h5>Descargue este documento<\/h5>\n<ul>\n<li><strong>Informe Completo Estudio de la Educaci\u00f3n T\u00e9cnico Profesional<\/strong>\u00a0<a href=\"http:\/\/www.cl.undp.org\/content\/dam\/chile\/docs\/pobreza\/undp_cl_pobreza_etp_2013.pdf\">Espa\u00f1ol<\/a><\/li>\n<\/ul><\/div>\n","protected":false},"excerpt":{"rendered":"<p>La situaci\u00f3n de la educaci\u00f3n t\u00e9cnico-profesional en Chile: estudio del PNUD<\/p>\n","protected":false},"author":1,"featured_media":0,"comment_status":"closed","ping_status":"closed","sticky":false,"template":"","format":"standard","meta":{"_et_pb_use_builder":"","_et_pb_old_content":"","_et_gb_content_width":"","_oasis_is_in_workflow":0,"_oasis_original":0,"footnotes":""},"categories":[45],"tags":[],"class_list":["post-46","post","type-post","status-publish","format-standard","hentry","category-event"],"_links":{"self":[{"href":"http:\/\/educaciondeadultos.cl\/web\/wp-json\/wp\/v2\/posts\/46","targetHints":{"allow":["GET"]}}],"collection":[{"href":"http:\/\/educaciondeadultos.cl\/web\/wp-json\/wp\/v2\/posts"}],"about":[{"href":"http:\/\/educaciondeadultos.cl\/web\/wp-json\/wp\/v2\/types\/post"}],"author":[{"embeddable":true,"href":"http:\/\/educaciondeadultos.cl\/web\/wp-json\/wp\/v2\/users\/1"}],"replies":[{"embeddable":true,"href":"http:\/\/educaciondeadultos.cl\/web\/wp-json\/wp\/v2\/comments?post=46"}],"version-history":[{"count":0,"href":"http:\/\/educaciondeadultos.cl\/web\/wp-json\/wp\/v2\/posts\/46\/revisions"}],"wp:attachment":[{"href":"http:\/\/educaciondeadultos.cl\/web\/wp-json\/wp\/v2\/media?parent=46"}],"wp:term":[{"taxonomy":"category","embeddable":true,"href":"http:\/\/educaciondeadultos.cl\/web\/wp-json\/wp\/v2\/categories?post=46"},{"taxonomy":"post_tag","embeddable":true,"href":"http:\/\/educaciondeadultos.cl\/web\/wp-json\/wp\/v2\/tags?post=46"}],"curies":[{"name":"wp","href":"https:\/\/api.w.org\/{rel}","templated":true}]}}