{"id":458,"date":"2017-03-26T21:58:10","date_gmt":"2017-03-27T00:58:10","guid":{"rendered":"http:\/\/educaciondeadultos.cl\/web\/2017\/03\/26\/programa-de-nivelacion-de-estudios-inicia-actividades-2017\/"},"modified":"2017-03-26T21:58:10","modified_gmt":"2017-03-27T00:58:10","slug":"programa-de-nivelacion-de-estudios-inicia-actividades-2017","status":"publish","type":"post","link":"http:\/\/educaciondeadultos.cl\/web\/2017\/03\/26\/programa-de-nivelacion-de-estudios-inicia-actividades-2017\/","title":{"rendered":"Programa de Nivelaci\u00f3n de Estudios inicia actividades 2017"},"content":{"rendered":"<p><img loading=\"lazy\" decoding=\"async\" class=\" size-full wp-image-455\" src=\"http:\/\/educaciondeadultos.cl\/web\/wp-content\/uploads\/2017\/03\/3307717c0fe122dc2ed142f42c77bf35.jpg\" alt=\"\" width=\"960\" height=\"623\" srcset=\"http:\/\/educaciondeadultos.cl\/web\/wp-content\/uploads\/2017\/03\/3307717c0fe122dc2ed142f42c77bf35.jpg 960w, http:\/\/educaciondeadultos.cl\/web\/wp-content\/uploads\/2017\/03\/3307717c0fe122dc2ed142f42c77bf35-300x195.jpg 300w, http:\/\/educaciondeadultos.cl\/web\/wp-content\/uploads\/2017\/03\/3307717c0fe122dc2ed142f42c77bf35-768x498.jpg 768w\" sizes=\"auto, (max-width: 960px) 100vw, 960px\" \/><\/p>\n<p style=\"text-align: left;\"><img loading=\"lazy\" decoding=\"async\" class=\" alignright size-full wp-image-456\" src=\"http:\/\/educaciondeadultos.cl\/web\/wp-content\/uploads\/2017\/03\/ni2017finfinf.jpg\" border=\"0\" alt=\"\" width=\"599\" height=\"389\" style=\"float: right;\" srcset=\"http:\/\/educaciondeadultos.cl\/web\/wp-content\/uploads\/2017\/03\/ni2017finfinf.jpg 960w, http:\/\/educaciondeadultos.cl\/web\/wp-content\/uploads\/2017\/03\/ni2017finfinf-300x195.jpg 300w, http:\/\/educaciondeadultos.cl\/web\/wp-content\/uploads\/2017\/03\/ni2017finfinf-768x498.jpg 768w\" sizes=\"auto, (max-width: 599px) 100vw, 599px\" \/><\/p>\n<p style=\"text-align: left;\"><span style=\"font-family: verdana, geneva;\">El Programa de Nivelaci\u00f3n de Estudios de Ense\u00f1anza B\u00e1sica y Media, inici\u00f3 el 22 de marzo sus actividades con una reuni\u00f3n de bienvenida a la que asistieron los alumnos de Primer y Segundo Ciclo Medio, quienes luego de este encuentro dieron inicio a sus primeras clases del per\u00edodo lectivo, quedando a la espera de los niveles de Ense\u00f1anza B\u00e1sica que se integrar\u00e1n el pr\u00f3ximo mi\u00e9rcoles 29 a sus respectivas actividades acad\u00e9micas.<\/span>\u00a0<\/p>\n<p style=\"text-align: left;\"><img loading=\"lazy\" decoding=\"async\" class=\" size-full wp-image-457\" src=\"http:\/\/educaciondeadultos.cl\/web\/wp-content\/uploads\/2017\/03\/niv2017finfinfin2.jpg\" border=\"0\" alt=\"\" width=\"452\" height=\"254\" srcset=\"http:\/\/educaciondeadultos.cl\/web\/wp-content\/uploads\/2017\/03\/niv2017finfinfin2.jpg 960w, http:\/\/educaciondeadultos.cl\/web\/wp-content\/uploads\/2017\/03\/niv2017finfinfin2-300x169.jpg 300w, http:\/\/educaciondeadultos.cl\/web\/wp-content\/uploads\/2017\/03\/niv2017finfinfin2-768x432.jpg 768w\" sizes=\"auto, (max-width: 452px) 100vw, 452px\" \/><\/p>\n<p style=\"text-align: left;\">\u00a0<\/p>\n<p><span style=\"font-family: verdana, geneva;\">Por cuarto a\u00f1o consecutivo, la\u00a0<strong>Universidad de Playa Ancha<\/strong>\u00a0imparte en forma gratuita el Programa de Nivelaci\u00f3n de Estudios de Ense\u00f1anza B\u00e1sica y Media, orientado a personas mayores de 18 a\u00f1os que no han concluido su formaci\u00f3n b\u00e1sica o media.<\/span>\u00a0<\/p>\n<p><span style=\"font-family: verdana, geneva;\">Los cursos, cuya ejecuci\u00f3n coordina la acad\u00e9mica\u00a0<strong>Vivian Astudillo C\u00e1rcamo<\/strong>, se desarrollan a trav\u00e9s del Programa Disciplinario de Educaci\u00f3n de J\u00f3venes y Adultos de la Facultad de Ciencias de la Educaci\u00f3n y tiene una modalidad educativa de car\u00e1cter flexible, adaptable a las diversas necesidades de los estudiantes.<\/span>\u00a0\u00a0<\/p>\n<p style=\"text-align: left;\">Comunicaciones &#8211; Edici\u00f3nweb. 27 de marzo 2017.<\/p>\n","protected":false},"excerpt":{"rendered":"<p>El Programa de Nivelaci\u00f3n de Estudios de Ense\u00f1anza B\u00e1sica y Media, inici\u00f3 el 22 de marzo sus actividades con una reuni\u00f3n de bienvenida a la que asistieron los alumnos de Primer y Segundo Ciclo Medio, quienes luego de este encuentro dieron inicio a sus primeras clases del per\u00edodo lectivo, quedando a la espera de los [&hellip;]<\/p>\n","protected":false},"author":1,"featured_media":455,"comment_status":"closed","ping_status":"closed","sticky":false,"template":"","format":"standard","meta":{"_et_pb_use_builder":"","_et_pb_old_content":"","_et_gb_content_width":"","_oasis_is_in_workflow":0,"_oasis_original":0,"footnotes":""},"categories":[45],"tags":[],"class_list":["post-458","post","type-post","status-publish","format-standard","has-post-thumbnail","hentry","category-event"],"_links":{"self":[{"href":"http:\/\/educaciondeadultos.cl\/web\/wp-json\/wp\/v2\/posts\/458","targetHints":{"allow":["GET"]}}],"collection":[{"href":"http:\/\/educaciondeadultos.cl\/web\/wp-json\/wp\/v2\/posts"}],"about":[{"href":"http:\/\/educaciondeadultos.cl\/web\/wp-json\/wp\/v2\/types\/post"}],"author":[{"embeddable":true,"href":"http:\/\/educaciondeadultos.cl\/web\/wp-json\/wp\/v2\/users\/1"}],"replies":[{"embeddable":true,"href":"http:\/\/educaciondeadultos.cl\/web\/wp-json\/wp\/v2\/comments?post=458"}],"version-history":[{"count":0,"href":"http:\/\/educaciondeadultos.cl\/web\/wp-json\/wp\/v2\/posts\/458\/revisions"}],"wp:featuredmedia":[{"embeddable":true,"href":"http:\/\/educaciondeadultos.cl\/web\/wp-json\/wp\/v2\/media\/455"}],"wp:attachment":[{"href":"http:\/\/educaciondeadultos.cl\/web\/wp-json\/wp\/v2\/media?parent=458"}],"wp:term":[{"taxonomy":"category","embeddable":true,"href":"http:\/\/educaciondeadultos.cl\/web\/wp-json\/wp\/v2\/categories?post=458"},{"taxonomy":"post_tag","embeddable":true,"href":"http:\/\/educaciondeadultos.cl\/web\/wp-json\/wp\/v2\/tags?post=458"}],"curies":[{"name":"wp","href":"https:\/\/api.w.org\/{rel}","templated":true}]}}