{"id":454,"date":"2017-03-20T18:58:03","date_gmt":"2017-03-20T21:58:03","guid":{"rendered":"http:\/\/educaciondeadultos.cl\/web\/2017\/03\/20\/upla-abrio-inscripciones-para-nivelar-estudios-de-ensenanza-basica-y-media\/"},"modified":"2017-03-20T18:58:03","modified_gmt":"2017-03-20T21:58:03","slug":"upla-abrio-inscripciones-para-nivelar-estudios-de-ensenanza-basica-y-media","status":"publish","type":"post","link":"http:\/\/educaciondeadultos.cl\/web\/2017\/03\/20\/upla-abrio-inscripciones-para-nivelar-estudios-de-ensenanza-basica-y-media\/","title":{"rendered":"UPLA abri\u00f3 inscripciones para nivelar estudios de Ense\u00f1anza B\u00e1sica y Media"},"content":{"rendered":"<p><img loading=\"lazy\" decoding=\"async\" class=\" size-full wp-image-451\" src=\"http:\/\/educaciondeadultos.cl\/web\/wp-content\/uploads\/2017\/03\/8510c1d80ad0564ec5927fdaa5505e47.jpg\" alt=\"\" width=\"640\" height=\"480\" srcset=\"http:\/\/educaciondeadultos.cl\/web\/wp-content\/uploads\/2017\/03\/8510c1d80ad0564ec5927fdaa5505e47.jpg 640w, http:\/\/educaciondeadultos.cl\/web\/wp-content\/uploads\/2017\/03\/8510c1d80ad0564ec5927fdaa5505e47-300x225.jpg 300w\" sizes=\"auto, (max-width: 640px) 100vw, 640px\" \/><\/p>\n<p><img loading=\"lazy\" decoding=\"async\" class=\" alignright size-full wp-image-452\" src=\"http:\/\/educaciondeadultos.cl\/web\/wp-content\/uploads\/2017\/03\/nivel20171.jpg\" border=\"0\" alt=\"\" width=\"540\" height=\"405\" style=\"float: right;\" srcset=\"http:\/\/educaciondeadultos.cl\/web\/wp-content\/uploads\/2017\/03\/nivel20171.jpg 640w, http:\/\/educaciondeadultos.cl\/web\/wp-content\/uploads\/2017\/03\/nivel20171-300x225.jpg 300w\" sizes=\"auto, (max-width: 540px) 100vw, 540px\" \/><span style=\"background-color: #ffffff; font-family: verdana, geneva; font-size: small; color: #000000;\">Por cuarto a\u00f1o consecutivo, la\u00a0<strong>Universidad de Playa Ancha<\/strong>\u00a0impartir\u00e1 en forma gratuita el Programa de Nivelaci\u00f3n de Estudios de Ense\u00f1anza B\u00e1sica y Media, orientado a personas mayores de 18 a\u00f1os que no han concluido su formaci\u00f3n b\u00e1sica o media.<\/span><\/p>\n<p><span style=\"background-color: #ffffff; font-family: verdana, geneva; font-size: small; color: #000000;\">Los cursos, cuya ejecuci\u00f3n coordina la acad\u00e9mica\u00a0<strong>Vivian Astudillo C\u00e1rcamo<\/strong>, se impartir\u00e1n a trav\u00e9s del Programa Disciplinario de Educaci\u00f3n de J\u00f3venes y Adultos de la Facultad de Ciencias de la Educaci\u00f3n y tiene una modalidad educativa de car\u00e1cter flexible, adaptable a las diversas necesidades de los estudiantes.<\/span><\/p>\n<p><span style=\"background-color: #ffffff; font-family: verdana, geneva; font-size: small; color: #000000;\">As\u00ed lo inform\u00f3 la coordinadora, quien precis\u00f3 que los cursos -que se imparten desde 5\u00ba A\u00f1o B\u00e1sico en adelante-, tienen una duraci\u00f3n de cinco meses y cuentan con certificaci\u00f3n del\u00a0<strong>Ministerio de Educaci\u00f3n.<\/strong><\/span><\/p>\n<p><span style=\"background-color: #ffffff; font-family: verdana, geneva; font-size: small; color: #000000;\"><a href=\"http:\/\/www.upla.cl\/noticias\/wp-content\/uploads\/2017\/03\/logo_mineduc2011intro.jpg\"><\/a>\u201cHago un llamado a toda las personas que por diversos motivos no han podido concluir sus estudios de b\u00e1sica o media, a que se acerquen a la universidad y consulten por los cursos, pues con m\u00e1s estudios surgir\u00e1n nuevas y mejores oportunidades\u201d, destac\u00f3 la coordinadora.<\/span><\/p>\n<p><span style=\"background-color: #ffffff; font-family: verdana, geneva; font-size: small; color: #000000;\"><a href=\"http:\/\/www.upla.cl\/noticias\/wp-content\/uploads\/2017\/03\/Educacio%CC%81n-de-Adultos-1.jpg\"><\/a>El per\u00edodo de matr\u00edcula vence la segunda quincena de abril y solo se requiere presentar el certificado de estudios de \u00faltimo curso aprobado y fotocopia de c\u00e9dula de identidad.<\/span><\/p>\n<p><span style=\"background-color: #ffffff; font-family: verdana, geneva; font-size: small; color: #000000;\"><img loading=\"lazy\" decoding=\"async\" class=\" alignright size-full wp-image-453\" src=\"http:\/\/educaciondeadultos.cl\/web\/wp-content\/uploads\/2017\/03\/nivel20172.jpg\" border=\"0\" alt=\"\" width=\"376\" height=\"282\" style=\"float: right;\" srcset=\"http:\/\/educaciondeadultos.cl\/web\/wp-content\/uploads\/2017\/03\/nivel20172.jpg 640w, http:\/\/educaciondeadultos.cl\/web\/wp-content\/uploads\/2017\/03\/nivel20172-300x225.jpg 300w\" sizes=\"auto, (max-width: 376px) 100vw, 376px\" \/>Las clases se realizar\u00e1n en la Casa Central de nuestra universidad en horario de 19.00 a 22.00 horas (Ense\u00f1anza B\u00e1sica: mi\u00e9rcoles y viernes; y Ense\u00f1anza Media: martes, mi\u00e9rcoles y viernes).<\/span><\/p>\n<p><span style=\"background-color: #ffffff; font-family: verdana, geneva; font-size: small; color: #000000;\">Para facilitar el traslado de los estudiantes, la universidad ha dispuesto un servicio de buses de acercamiento -a la salida de clases- hasta la plaza\u00a0<strong>Victoria<\/strong>\u00a0de\u00a0<strong>Valpara\u00edso.<\/strong><\/span><\/p>\n<p><span style=\"background-color: #ffffff; font-family: verdana, geneva; font-size: small; color: #000000;\">Inscripciones y mayores informaciones acerca de las caracter\u00edsticas de este programa se pueden realizar en la Facultad de Ciencias de la Educaci\u00f3n, fono 32-2500225, o bien escribir al correo electr\u00f3nico educaciondejovenesyadultos@upla.cl<\/span><\/p>\n<p><span style=\"background-color: #ffffff; font-family: verdana, geneva; font-size: small; color: #000000;\">Fuente. Upla-Noticias<\/span><\/p>\n<p><span style=\"background-color: #ffffff; font-family: verdana, geneva; font-size: small; color: #000000;\">Edici\u00f3n Comunicacion WEb-Edja 20 de marzo 2017<\/span><\/p>\n","protected":false},"excerpt":{"rendered":"<p>Por cuarto a\u00f1o consecutivo, la\u00a0Universidad de Playa Ancha\u00a0impartir\u00e1 en forma gratuita el Programa de Nivelaci\u00f3n de Estudios de Ense\u00f1anza B\u00e1sica y Media, orientado a personas mayores de 18 a\u00f1os que no han concluido su formaci\u00f3n b\u00e1sica o media. Los cursos, cuya ejecuci\u00f3n coordina la acad\u00e9mica\u00a0Vivian Astudillo C\u00e1rcamo, se impartir\u00e1n a trav\u00e9s del Programa Disciplinario de [&hellip;]<\/p>\n","protected":false},"author":1,"featured_media":451,"comment_status":"closed","ping_status":"closed","sticky":false,"template":"","format":"standard","meta":{"_et_pb_use_builder":"","_et_pb_old_content":"","_et_gb_content_width":"","_oasis_is_in_workflow":0,"_oasis_original":0,"footnotes":""},"categories":[45],"tags":[],"class_list":["post-454","post","type-post","status-publish","format-standard","has-post-thumbnail","hentry","category-event"],"_links":{"self":[{"href":"http:\/\/educaciondeadultos.cl\/web\/wp-json\/wp\/v2\/posts\/454","targetHints":{"allow":["GET"]}}],"collection":[{"href":"http:\/\/educaciondeadultos.cl\/web\/wp-json\/wp\/v2\/posts"}],"about":[{"href":"http:\/\/educaciondeadultos.cl\/web\/wp-json\/wp\/v2\/types\/post"}],"author":[{"embeddable":true,"href":"http:\/\/educaciondeadultos.cl\/web\/wp-json\/wp\/v2\/users\/1"}],"replies":[{"embeddable":true,"href":"http:\/\/educaciondeadultos.cl\/web\/wp-json\/wp\/v2\/comments?post=454"}],"version-history":[{"count":0,"href":"http:\/\/educaciondeadultos.cl\/web\/wp-json\/wp\/v2\/posts\/454\/revisions"}],"wp:featuredmedia":[{"embeddable":true,"href":"http:\/\/educaciondeadultos.cl\/web\/wp-json\/wp\/v2\/media\/451"}],"wp:attachment":[{"href":"http:\/\/educaciondeadultos.cl\/web\/wp-json\/wp\/v2\/media?parent=454"}],"wp:term":[{"taxonomy":"category","embeddable":true,"href":"http:\/\/educaciondeadultos.cl\/web\/wp-json\/wp\/v2\/categories?post=454"},{"taxonomy":"post_tag","embeddable":true,"href":"http:\/\/educaciondeadultos.cl\/web\/wp-json\/wp\/v2\/tags?post=454"}],"curies":[{"name":"wp","href":"https:\/\/api.w.org\/{rel}","templated":true}]}}