{"id":450,"date":"2017-03-08T15:47:21","date_gmt":"2017-03-08T18:47:21","guid":{"rendered":"http:\/\/educaciondeadultos.cl\/web\/2017\/03\/08\/catedra-unesco-reconoce-labor-de-upla-en-educacion-de-adultos\/"},"modified":"2017-03-08T15:47:21","modified_gmt":"2017-03-08T18:47:21","slug":"catedra-unesco-reconoce-labor-de-upla-en-educacion-de-adultos","status":"publish","type":"post","link":"http:\/\/educaciondeadultos.cl\/web\/2017\/03\/08\/catedra-unesco-reconoce-labor-de-upla-en-educacion-de-adultos\/","title":{"rendered":"C\u00e1tedra UNESCO reconoce labor de UPLA en Educaci\u00f3n de Adultos"},"content":{"rendered":"<p><img loading=\"lazy\" decoding=\"async\" class=\" size-full wp-image-448\" src=\"http:\/\/educaciondeadultos.cl\/web\/wp-content\/uploads\/2017\/03\/3de303a43620aac779205f8a1027a16c.jpg\" alt=\"\" width=\"800\" height=\"445\" srcset=\"http:\/\/educaciondeadultos.cl\/web\/wp-content\/uploads\/2017\/03\/3de303a43620aac779205f8a1027a16c.jpg 800w, http:\/\/educaciondeadultos.cl\/web\/wp-content\/uploads\/2017\/03\/3de303a43620aac779205f8a1027a16c-300x167.jpg 300w, http:\/\/educaciondeadultos.cl\/web\/wp-content\/uploads\/2017\/03\/3de303a43620aac779205f8a1027a16c-768x427.jpg 768w\" sizes=\"auto, (max-width: 800px) 100vw, 800px\" \/><\/p>\n<p><img loading=\"lazy\" decoding=\"async\" class=\" alignright size-full wp-image-449\" src=\"http:\/\/educaciondeadultos.cl\/web\/wp-content\/uploads\/2017\/03\/visitaunesco.jpg\" border=\"0\" alt=\"\" width=\"516\" height=\"287\" style=\"float: right;\" srcset=\"http:\/\/educaciondeadultos.cl\/web\/wp-content\/uploads\/2017\/03\/visitaunesco.jpg 800w, http:\/\/educaciondeadultos.cl\/web\/wp-content\/uploads\/2017\/03\/visitaunesco-300x167.jpg 300w, http:\/\/educaciondeadultos.cl\/web\/wp-content\/uploads\/2017\/03\/visitaunesco-768x427.jpg 768w\" sizes=\"auto, (max-width: 516px) 100vw, 516px\" \/><span style=\"color: #000000; font-family: verdana, geneva; font-size: small;\">C\u00e1tedra Unesco de Investigaci\u00f3n Aplicada a la Educaci\u00f3n en C\u00e1rceles reconoce en su Bolet\u00edn de febrero de 2017 la labor del Programa Discplinario de Educaci\u00f3n de Adultos de la Universidad de Playa Ancha e integra a la Profesora Violeta Acu\u00f1a como miembro titular de la C\u00e1tedra.\u00a0<\/span><\/p>\n<p><span style=\"color: #000000; font-family: verdana, geneva; font-size: small;\">Tras la reciente visita que\u00a0el profesor Jean-Pierre Simoneau, Director de Operaciones para la C\u00e1tedra UNESCO , realizara\u00a0al Programa Interdisciplinario de Educaci\u00f3n para J\u00f3venes y Adultos, en noviembre del a\u00f1o pasado, el Bolet\u00edn de Noticias, que edita dicha organizaci\u00f3n internacional, informa de las actividades realizadas en Chile por parte del acad\u00e9mico, cuyo viaje contempl\u00f3 \u00a0un acercamiento a\u00a0 investigadores de post grado del programa y a profesores del \u00e1rea de Educaci\u00f3n de Adultos, adem\u00e1s de visitar las penitenciar\u00edas chilenas para conocer los programas educativos que all\u00ed se imparten.<\/span><\/p>\n<p><span style=\"color: #000000; font-family: verdana, geneva; font-size: small;\">El profesor Simone aprovech\u00f3 la oportunidad de reunirse tambi\u00e9n con profesionales del Ministerio de Educaci\u00f3n, Gendarmer\u00eda y la Universidad de Playa Ancha con el fin de explorar una posible colaboraci\u00f3n de estos tres estamentos en proyectos de investigaci\u00f3n sobre educaci\u00f3n en prisi\u00f3n en conjunto a otros miembros participantes de la UNESCO.<\/span><\/p>\n<p><span style=\"color: #000000; font-family: verdana, geneva; font-size: small;\">Uno de los proyectos que han avanzado hacia su concreci\u00f3n con la intervenci\u00f3n acad\u00e9mica de UPLA en la C\u00e1rcel P\u00fablica de Valpara\u00edso es la ejecuci\u00f3n de la Carrera de T\u00e9cnico en Administraci\u00f3n Log\u00edstica impartida por el Instituto Tecnol\u00f3gico de la universidad, a partir de este a\u00f1o 2017.<\/span><\/p>\n<p><span style=\"color: #000000;\">Ver en informe en este link:\u00a0<a href=\"file:\/\/\/C:\/Users\/mpinto\/Documents\/UPLA\/CMV-4128_Bulletin_ANGL_Fev_2017_v4%20(1)%20(1).pdf\">NEWSLETTER &#8211; UNESCO<\/a><\/span><\/p>\n<p><span style=\"color: #000000;\">Fuente de informaci\u00f3n: Adaptaci\u00f3n Neswletter Unesco\/Volume 6, number 1, February 2017<\/span><\/p>\n<p><span style=\"color: #000000; font-size: 12.16px;\">Fotograf\u00eda: Web Puntoseguido. El Portal del Regionalismo.30\/11\/2016<\/span><\/p>\n<p><span style=\"color: #000000;\">Edici\u00f3n. Comunicaciones web. 8 de marzo 2017<\/span><\/p>\n","protected":false},"excerpt":{"rendered":"<p>C\u00e1tedra Unesco de Investigaci\u00f3n Aplicada a la Educaci\u00f3n en C\u00e1rceles reconoce en su Bolet\u00edn de febrero de 2017 la labor del Programa Discplinario de Educaci\u00f3n de Adultos de la Universidad de Playa Ancha e integra a la Profesora Violeta Acu\u00f1a como miembro titular de la C\u00e1tedra.\u00a0 Tras la reciente visita que\u00a0el profesor Jean-Pierre Simoneau, Director [&hellip;]<\/p>\n","protected":false},"author":1,"featured_media":448,"comment_status":"closed","ping_status":"closed","sticky":false,"template":"","format":"standard","meta":{"_et_pb_use_builder":"","_et_pb_old_content":"","_et_gb_content_width":"","_oasis_is_in_workflow":0,"_oasis_original":0,"footnotes":""},"categories":[45],"tags":[],"class_list":["post-450","post","type-post","status-publish","format-standard","has-post-thumbnail","hentry","category-event"],"_links":{"self":[{"href":"http:\/\/educaciondeadultos.cl\/web\/wp-json\/wp\/v2\/posts\/450","targetHints":{"allow":["GET"]}}],"collection":[{"href":"http:\/\/educaciondeadultos.cl\/web\/wp-json\/wp\/v2\/posts"}],"about":[{"href":"http:\/\/educaciondeadultos.cl\/web\/wp-json\/wp\/v2\/types\/post"}],"author":[{"embeddable":true,"href":"http:\/\/educaciondeadultos.cl\/web\/wp-json\/wp\/v2\/users\/1"}],"replies":[{"embeddable":true,"href":"http:\/\/educaciondeadultos.cl\/web\/wp-json\/wp\/v2\/comments?post=450"}],"version-history":[{"count":0,"href":"http:\/\/educaciondeadultos.cl\/web\/wp-json\/wp\/v2\/posts\/450\/revisions"}],"wp:featuredmedia":[{"embeddable":true,"href":"http:\/\/educaciondeadultos.cl\/web\/wp-json\/wp\/v2\/media\/448"}],"wp:attachment":[{"href":"http:\/\/educaciondeadultos.cl\/web\/wp-json\/wp\/v2\/media?parent=450"}],"wp:term":[{"taxonomy":"category","embeddable":true,"href":"http:\/\/educaciondeadultos.cl\/web\/wp-json\/wp\/v2\/categories?post=450"},{"taxonomy":"post_tag","embeddable":true,"href":"http:\/\/educaciondeadultos.cl\/web\/wp-json\/wp\/v2\/tags?post=450"}],"curies":[{"name":"wp","href":"https:\/\/api.w.org\/{rel}","templated":true}]}}