{"id":446,"date":"2017-01-17T17:54:25","date_gmt":"2017-01-17T20:54:25","guid":{"rendered":"http:\/\/educaciondeadultos.cl\/web\/2017\/01\/17\/comienza-proceso-de-nivelacion-de-estudios-2017\/"},"modified":"2017-01-17T17:54:25","modified_gmt":"2017-01-17T20:54:25","slug":"comienza-proceso-de-nivelacion-de-estudios-2017","status":"publish","type":"post","link":"http:\/\/educaciondeadultos.cl\/web\/2017\/01\/17\/comienza-proceso-de-nivelacion-de-estudios-2017\/","title":{"rendered":"Comienza Proceso de Nivelaci\u00f3n de Estudios 2017"},"content":{"rendered":"<p><img loading=\"lazy\" decoding=\"async\" class=\" size-full wp-image-442\" src=\"http:\/\/educaciondeadultos.cl\/web\/wp-content\/uploads\/2017\/01\/f863e4fb1b47b206b2276d9b70a5b183.jpg\" alt=\"\" width=\"974\" height=\"723\" srcset=\"http:\/\/educaciondeadultos.cl\/web\/wp-content\/uploads\/2017\/01\/f863e4fb1b47b206b2276d9b70a5b183.jpg 974w, http:\/\/educaciondeadultos.cl\/web\/wp-content\/uploads\/2017\/01\/f863e4fb1b47b206b2276d9b70a5b183-300x223.jpg 300w, http:\/\/educaciondeadultos.cl\/web\/wp-content\/uploads\/2017\/01\/f863e4fb1b47b206b2276d9b70a5b183-768x570.jpg 768w\" sizes=\"auto, (max-width: 974px) 100vw, 974px\" \/><\/p>\n<p><span style=\"color: #000000; font-family: verdana, geneva; font-size: small;\"><strong><img loading=\"lazy\" decoding=\"async\" class=\" alignright size-full wp-image-443\" src=\"http:\/\/educaciondeadultos.cl\/web\/wp-content\/uploads\/2017\/01\/cursomedia1fin.jpg\" border=\"0\" alt=\"\" width=\"532\" height=\"395\" style=\"float: right;\" srcset=\"http:\/\/educaciondeadultos.cl\/web\/wp-content\/uploads\/2017\/01\/cursomedia1fin.jpg 974w, http:\/\/educaciondeadultos.cl\/web\/wp-content\/uploads\/2017\/01\/cursomedia1fin-300x223.jpg 300w, http:\/\/educaciondeadultos.cl\/web\/wp-content\/uploads\/2017\/01\/cursomedia1fin-768x570.jpg 768w\" sizes=\"auto, (max-width: 532px) 100vw, 532px\" \/>El Plan de Nivelaci\u00f3n de Estudios <\/strong>es una modalidad educativa gratuita, de car\u00e1cter flexible, es decir, que se ajusta a las necesidades de tiempo y espacio de los estudiantes. Se realiza a partir de clases para Segundo Nivel (5\u00b0 y 6\u00b0 b\u00e1sico) y Tercer Nivel (7\u00b0 y 8\u00b0 b\u00e1sico). El Nivel Ense\u00f1anza B\u00e1sica\u00a0se realiza dos d\u00eda a la semana. Para 1\u00b0 Nivel (1\u00b0 y 2\u00b0 Medio)y Segundo Nivel (3\u00b0 y 4\u00b0 Medio) de Ense\u00f1anza Media en tres d\u00edas a la semana.<\/span><\/p>\n<p><span style=\"color: #000000; font-family: verdana, geneva; font-size: small;\"><strong>\u00bfA qui\u00e9nes va dirigido?<\/strong><\/span><\/p>\n<p><span style=\"color: #000000; font-family: verdana, geneva; font-size: small;\">El Programa de Nivelaci\u00f3n de Estudios 2017 est\u00e1 dirigido a personas j\u00f3venes y adultas mayores de 18 a\u00f1os, que\u00a0 no hayan completado su Ense\u00f1anza B\u00e1sica o Media, y que por distintos motivos- trabajo, salud, cuidado de familiares, u otros- disponen de poco tiempo para asistir a clases. Por ello se denomina Modalidad flexible.<\/span><\/p>\n<p><span style=\"color: #000000; font-family: verdana, geneva; font-size: small;\"><strong>Inicio de clases<\/strong><\/span><\/p>\n<p><span style=\"color: #000000; font-family: verdana, geneva; font-size: small;\">Las clases parten la segunda semana de marzo del a\u00f1o en curso (2017) y se extienden hasta el mes de agosto, mes en que los estudiantes rinden ex\u00e1menes en cada sector de aprendizaje (aprendizaje).<a name=\"_ednref1\" href=\"file:\/\/\/C:\/Users\/mpinto\/Documents\/UPLA\/Difusi%C3%B3n%20Nivelaci%C3%B3n%20de%20Estudio%20Web%20(1).docx#_edn1\" title=\"\"><span style=\"color: #000000;\">[i]<\/span><\/a>\u00a0<\/span><\/p>\n<p><span style=\"color: #000000; font-family: verdana, geneva; font-size: small;\"><strong>\u00bfQu\u00e9 documentaci\u00f3n deben presentar los interesados?<\/strong><\/span><\/p>\n<p><span style=\"color: #000000; font-family: verdana, geneva; font-size: small;\">* Certificado de Estudios original de \u00faltimo curso aprobado.<\/span><\/p>\n<p><span style=\"color: #000000; font-family: verdana, geneva; font-size: small;\">* Fotocopia Carn\u00e9 de Identidad.<\/span><\/p>\n<p><span style=\"color: #000000; font-family: verdana, geneva; font-size: small;\"><strong>\u00a0<img loading=\"lazy\" decoding=\"async\" class=\" alignleft size-full wp-image-444\" src=\"http:\/\/educaciondeadultos.cl\/web\/wp-content\/uploads\/2017\/01\/cursomedia2.jpg\" border=\"0\" alt=\"\" width=\"464\" height=\"261\" style=\"float: left;\" srcset=\"http:\/\/educaciondeadultos.cl\/web\/wp-content\/uploads\/2017\/01\/cursomedia2.jpg 1280w, http:\/\/educaciondeadultos.cl\/web\/wp-content\/uploads\/2017\/01\/cursomedia2-300x169.jpg 300w, http:\/\/educaciondeadultos.cl\/web\/wp-content\/uploads\/2017\/01\/cursomedia2-768x431.jpg 768w, http:\/\/educaciondeadultos.cl\/web\/wp-content\/uploads\/2017\/01\/cursomedia2-1024x575.jpg 1024w\" sizes=\"auto, (max-width: 464px) 100vw, 464px\" \/><\/strong><strong>Lugar de Matricula:<\/strong><\/span><\/p>\n<p><span style=\"color: #000000; font-family: verdana, geneva; font-size: small;\">Las inscripciones estar\u00e1n abiertas hasta el 27 de enero en la Facultad de Educaci\u00f3n en la Casa Central desde las 9:00 a 17:00. (Preguntar por Departamento de Educaci\u00f3n de Adultos). Desde el lunes 6 de marzo en adelante se atender\u00e1 en el mismo horario.<strong>\u00a0<\/strong><\/span><\/p>\n<p><span style=\"color: #000000; font-family: verdana, geneva; font-size: small;\"><strong>\u00bfDe qu\u00e9 trata y qui\u00e9nes somos?<\/strong><\/span><\/p>\n<p><span style=\"color: #000000; font-family: verdana, geneva; font-size: small;\">El Departamento de Desarrollo Disciplinario de Educaci\u00f3n de J\u00f3venes y Adultos \u00a0es una instancia perteneciente a la Facultad\u00a0 de Educaci\u00f3n de la Universidad de Playa Ancha que entre sus objetivos busca fortalecer la investigaci\u00f3n y sistematizaci\u00f3n de experiencias educativas que promuevan el derecho del aprendizaje para todas y todos las personas que no han terminado sus estudios b\u00e1sicos y medios. En este contexto, hemos decidido iimplementar, desde la Universidad, cursos de nivelaci\u00f3n de estudios b\u00e1sicos y medios para poblaciones de j\u00f3venes y adultos que requieran este servicio educativo.<\/span><\/p>\n<p style=\"text-align: left;\"><span style=\"color: #000000; font-family: verdana, geneva; font-size: small;\"><strong>\u00a0<img loading=\"lazy\" decoding=\"async\" class=\" alignleft size-full wp-image-445\" src=\"http:\/\/educaciondeadultos.cl\/web\/wp-content\/uploads\/2017\/01\/cursomedia3.jpg\" border=\"0\" alt=\"\" width=\"260\" height=\"156\" style=\"float: left;\" \/><\/strong><strong style=\"font-size: 12.16px;\">\u00bfD\u00f3nde y cu\u00e1ndo ser\u00e1n las clases?<\/strong><\/span><\/p>\n<p><span style=\"color: #000000; font-family: verdana, geneva; font-size: small;\">Las clases se llevaran a cabo en dependencias de la Universidad de Playa Ancha a contar de la segunda semana del mes de marzo de 2017 hasta el mes de agosto en que se rendir\u00e1n los ex\u00e1menes de aprobaci\u00f3n (que tendr\u00e1n una segunda y tercera oportunidad en los meses de octubre y noviembre del mismo a\u00f1o).<\/span><\/p>\n<p><span style=\"color: #000000; font-family: verdana, geneva; font-size: small;\"><strong>Lu<\/strong><strong>ga<\/strong><strong>r:\u00a0<\/strong><\/span><span style=\"color: #000000; font-family: verdana, geneva; font-size: small;\">Casa Central UniversidaddePlaya Ancha. Av.Playa Ancha N\u00b0850,Valpara\u00edso.<\/span><\/p>\n<p><span style=\"color: #000000; font-family: verdana, geneva; font-size: small;\"><strong>D<\/strong><strong>\u00ed<\/strong><strong>as de Clases:\u00a0<\/strong><\/span><\/p>\n<p><span style=\"color: #000000; font-family: verdana, geneva; font-size: small;\">Ense\u00f1anza Media: martes, mi\u00e9rcoles y viernes.<\/span><\/p>\n<p><span style=\"color: #000000; font-family: verdana, geneva; font-size: small;\">Ense\u00f1anza B\u00e1sica: martes y viernes<\/span><\/p>\n<p><span style=\"color: #000000; font-family: verdana, geneva; font-size: small;\"><strong>H<\/strong><strong>orario:\u00a0<\/strong><\/span><span style=\"color: #000000; font-family: verdana, geneva; font-size: small;\">De 19:00 hrs a 22:00 hrs. (Beneficio: Buses de acercamiento, salida de Casa Central hasta Plaza Victoria)<\/span><\/p>\n<p><span style=\"color: #000000; font-family: verdana, geneva; font-size: small;\"><strong>Profesores:<\/strong><\/span><\/p>\n<p><span style=\"color: #000000; font-family: verdana, geneva; font-size: small;\">Las clases ser\u00e1n impartidas por profesores titulados especialistas en cada una de las asignaturas, con experiencia en la modalidad de adultos.<\/span><\/p>\n<div>\n<hr width=\"33%\" size=\"1\" \/>\n<div id=\"edn1\">\n<p><span style=\"color: #000000; font-family: verdana, geneva; font-size: small;\"><a name=\"_edn1\" href=\"file:\/\/\/C:\/Users\/mpinto\/Documents\/UPLA\/Difusi%C3%B3n%20Nivelaci%C3%B3n%20de%20Estudio%20Web%20(1).docx#_ednref1\" title=\"\"><span style=\"color: #000000;\">[i]<\/span><\/a>Los estudios cursados a trav\u00e9s de esta modalidad son v\u00e1lidos para todos los efectos legales y permiten continuar estudios superiores en cualquier instituci\u00f3n, as\u00ed mismo, habilitan al estudiante para rendir PSU.<\/span><\/p>\n<p><span style=\"color: #000000; font-family: verdana, geneva; font-size: x-small;\">Fuente de informaci\u00f3n: Comunicaciones Edja-Upla. Las fotograf\u00edas corresponden a los cursos correspondientes a 2016.<\/span><\/p>\n<p><span style=\"color: #000000; font-family: verdana, geneva; font-size: x-small;\">Edici\u00f3n web 17 de enero 2017.\u00a0<\/span><\/p>\n<p>\u00a0<\/p>\n<\/p><\/div>\n<\/p><\/div>\n","protected":false},"excerpt":{"rendered":"<p>El Plan de Nivelaci\u00f3n de Estudios es una modalidad educativa gratuita, de car\u00e1cter flexible, es decir, que se ajusta a las necesidades de tiempo y espacio de los estudiantes. Se realiza a partir de clases para Segundo Nivel (5\u00b0 y 6\u00b0 b\u00e1sico) y Tercer Nivel (7\u00b0 y 8\u00b0 b\u00e1sico). El Nivel Ense\u00f1anza B\u00e1sica\u00a0se realiza dos [&hellip;]<\/p>\n","protected":false},"author":1,"featured_media":442,"comment_status":"closed","ping_status":"closed","sticky":false,"template":"","format":"standard","meta":{"_et_pb_use_builder":"","_et_pb_old_content":"","_et_gb_content_width":"","_oasis_is_in_workflow":0,"_oasis_original":0,"footnotes":""},"categories":[45],"tags":[],"class_list":["post-446","post","type-post","status-publish","format-standard","has-post-thumbnail","hentry","category-event"],"_links":{"self":[{"href":"http:\/\/educaciondeadultos.cl\/web\/wp-json\/wp\/v2\/posts\/446","targetHints":{"allow":["GET"]}}],"collection":[{"href":"http:\/\/educaciondeadultos.cl\/web\/wp-json\/wp\/v2\/posts"}],"about":[{"href":"http:\/\/educaciondeadultos.cl\/web\/wp-json\/wp\/v2\/types\/post"}],"author":[{"embeddable":true,"href":"http:\/\/educaciondeadultos.cl\/web\/wp-json\/wp\/v2\/users\/1"}],"replies":[{"embeddable":true,"href":"http:\/\/educaciondeadultos.cl\/web\/wp-json\/wp\/v2\/comments?post=446"}],"version-history":[{"count":0,"href":"http:\/\/educaciondeadultos.cl\/web\/wp-json\/wp\/v2\/posts\/446\/revisions"}],"wp:featuredmedia":[{"embeddable":true,"href":"http:\/\/educaciondeadultos.cl\/web\/wp-json\/wp\/v2\/media\/442"}],"wp:attachment":[{"href":"http:\/\/educaciondeadultos.cl\/web\/wp-json\/wp\/v2\/media?parent=446"}],"wp:term":[{"taxonomy":"category","embeddable":true,"href":"http:\/\/educaciondeadultos.cl\/web\/wp-json\/wp\/v2\/categories?post=446"},{"taxonomy":"post_tag","embeddable":true,"href":"http:\/\/educaciondeadultos.cl\/web\/wp-json\/wp\/v2\/tags?post=446"}],"curies":[{"name":"wp","href":"https:\/\/api.w.org\/{rel}","templated":true}]}}