{"id":432,"date":"2016-12-16T00:29:40","date_gmt":"2016-12-16T03:29:40","guid":{"rendered":"http:\/\/educaciondeadultos.cl\/web\/2016\/12\/16\/dos-nuevos-magisteres-upla-fueron-acreditados\/"},"modified":"2016-12-16T00:29:40","modified_gmt":"2016-12-16T03:29:40","slug":"dos-nuevos-magisteres-upla-fueron-acreditados","status":"publish","type":"post","link":"http:\/\/educaciondeadultos.cl\/web\/2016\/12\/16\/dos-nuevos-magisteres-upla-fueron-acreditados\/","title":{"rendered":"Dos nuevos mag\u00edsteres UPLA fueron acreditados"},"content":{"rendered":"<p><img loading=\"lazy\" decoding=\"async\" class=\" size-full wp-image-430\" src=\"http:\/\/educaciondeadultos.cl\/web\/wp-content\/uploads\/2016\/12\/6179256b0179e0aa2d9a19da45f15fc0.jpg\" alt=\"\" width=\"640\" height=\"425\" srcset=\"http:\/\/educaciondeadultos.cl\/web\/wp-content\/uploads\/2016\/12\/6179256b0179e0aa2d9a19da45f15fc0.jpg 640w, http:\/\/educaciondeadultos.cl\/web\/wp-content\/uploads\/2016\/12\/6179256b0179e0aa2d9a19da45f15fc0-300x199.jpg 300w\" sizes=\"auto, (max-width: 640px) 100vw, 640px\" \/><\/p>\n<p><span style=\"color: #000000;\"><img loading=\"lazy\" decoding=\"async\" class=\" alignright size-full wp-image-431\" src=\"http:\/\/educaciondeadultos.cl\/web\/wp-content\/uploads\/2016\/12\/mag_educ_adultos.jpg\" border=\"0\" alt=\"\" style=\"float: right;\" width=\"640\" height=\"425\" srcset=\"http:\/\/educaciondeadultos.cl\/web\/wp-content\/uploads\/2016\/12\/mag_educ_adultos.jpg 640w, http:\/\/educaciondeadultos.cl\/web\/wp-content\/uploads\/2016\/12\/mag_educ_adultos-300x199.jpg 300w\" sizes=\"auto, (max-width: 640px) 100vw, 640px\" \/>Actualmente son 8 los programas de postgrado de la Universidad de Playa Ancha que est\u00e1n acreditados. Un proceso progresivo que inici\u00f3 la\u00a0<a href=\"http:\/\/www.upla.cl\/postgrado\/direccion-general-de-postgrado\/\"><span style=\"color: #000000;\">Direcci\u00f3n General de Postgrado<\/span><\/a>\u00a0en 2012 y que procura certificar la calidad de sus programas ofrecidos.<\/span><\/p>\n<p><span style=\"color: #000000;\">Este a\u00f1o se certificaron los\u00a0<a href=\"http:\/\/www.upla.cl\/postgrado\/magisteres\/linguistica\/\"><span style=\"color: #000000;\">mag\u00edsteres\u00a0<strong>en Ling\u00fc\u00edstica<\/strong><\/span><\/a><strong>\u00a0<\/strong>en sus menciones Dialectolog\u00eda Hispanoamericana y Chilena y en Ling\u00fc\u00edstica Aplicada a la Ense\u00f1anza de los Idiomas; y en\u00a0<strong><a href=\"http:\/\/www.upla.cl\/postgrado\/magisteres\/educacion-de-adultos-y-procesos-formativos\/\"><span style=\"color: #000000;\">Educaci\u00f3n de Adultos y Procesos Formativos<\/span><\/a><\/strong>.<\/span><\/p>\n<p><span style=\"color: #000000;\">El primero de ellos obtuvo una certificaci\u00f3n por 8 a\u00f1os, mientras que el segundo por 3 a\u00f1os. As\u00ed lo acord\u00f3 el Consejo de Acreditaci\u00f3n del \u00c1rea de Educaci\u00f3n de la Agencia Acreditadora Aespigar y lo confirm\u00f3 la\u00a0<a href=\"https:\/\/www.cnachile.cl\/Paginas\/Inicio.aspx\"><span style=\"color: #000000;\">Comisi\u00f3n Nacional de Acreditaci\u00f3n (CNA-Chile)<\/span><\/a>.<\/span><\/p>\n<p><span style=\"color: #000000;\">Cabe mencionar, que hay un \u00faltimo programa a la espera de la oficializaci\u00f3n de su certificaci\u00f3n por parte de la CNA-Chile. Se trata del Mag\u00edster en Bibliotecolog\u00eda e Informaci\u00f3n, jornada diurna, modalidad semi presencial que se imparte en Valpara\u00edso.<\/span><\/p>\n<h5><span style=\"color: #000000;\"><strong><a href=\"http:\/\/www.upla.cl\/noticias\/wp-content\/uploads\/2016\/12\/mag_educ_adultos.jpg\"><\/a><span style=\"font-family: verdana, geneva; font-size: small;\">Oferta acad\u00e9mica de postgrado acreditada<\/span><\/strong><\/span><\/h5>\n<ul>\n<li><span style=\"color: #000000;\"><a href=\"http:\/\/www.upla.cl\/postgrado\/doctorado\/literatura-hispanoamericana-contemporanea\/\"><span style=\"color: #000000;\">Doctorado en Literatura Hispanoamericana Contempor\u00e1nea (2 a\u00f1os)<\/span><\/a><\/span><\/li>\n<li><span style=\"color: #000000;\"><a href=\"http:\/\/www.upla.cl\/postgrado\/magisteres\/magister-en-arte-mencion-patrimonio\/\"><span style=\"color: #000000;\">Mag\u00edster en Arte menci\u00f3n Patrimonio (5 a\u00f1os)<\/span><\/a><\/span><\/li>\n<li><span style=\"color: #000000;\"><a href=\"http:\/\/www.upla.cl\/postgrado\/magisteres\/magister-en-ciencias-de-la-actividad-fisica-y-del-deporte\/\"><span style=\"color: #000000;\">Mag\u00edster en Ciencias de la Actividad F\u00edsica y del Deporte (6 a\u00f1os)<\/span><\/a><\/span><\/li>\n<li><span style=\"color: #000000;\"><a href=\"http:\/\/www.upla.cl\/postgrado\/magisteres\/educacion-de-adultos-y-procesos-formativos\/\"><span style=\"color: #000000;\">Mag\u00edster en Educaci\u00f3n de Adultos y Procesos Formativos (3 a\u00f1os)<\/span><\/a><\/span><\/li>\n<li><span style=\"color: #000000;\"><a href=\"http:\/\/www.upla.cl\/postgrado\/magisteres\/magister-en-ensenanza-de-las-ciencias\/\"><span style=\"color: #000000;\">Mag\u00edster en Ense\u00f1anza de las Ciencias (7 a\u00f1os)<\/span><\/a><\/span><\/li>\n<li><span style=\"color: #000000;\"><a href=\"http:\/\/www.upla.cl\/postgrado\/magisteres\/evaluacion-educacional\/\"><span style=\"color: #000000;\">Mag\u00edster en Evaluaci\u00f3n Educacional (7 a\u00f1os)<\/span><\/a><\/span><\/li>\n<li><span style=\"color: #000000;\"><a href=\"http:\/\/www.upla.cl\/postgrado\/magisteres\/linguistica\/\"><span style=\"color: #000000;\">Mag\u00edster en Ling\u00fc\u00edstica (2 menciones) (8 a\u00f1os)<\/span><\/a><\/span><\/li>\n<li><span style=\"color: #000000;\"><a href=\"http:\/\/www.upla.cl\/postgrado\/magisteres\/literatura\/\"><span style=\"color: #000000;\">Mag\u00edster en Literatura (3 menciones) (7 a\u00f1os)<\/span><\/a><\/span><\/li>\n<\/ul>\n<p>\u00a0<\/p>\n<p><span style=\"color: #000000;\"><span style=\"color: #000000;\">Fuente: Upla Noticias. 15 de diciembre 2016.<\/span><\/span><\/p>\n<p>\u00a0<\/p>\n","protected":false},"excerpt":{"rendered":"<p>Actualmente son 8 los programas de postgrado de la Universidad de Playa Ancha que est\u00e1n acreditados. Un proceso progresivo que inici\u00f3 la\u00a0Direcci\u00f3n General de Postgrado\u00a0en 2012 y que procura certificar la calidad de sus programas ofrecidos. Este a\u00f1o se certificaron los\u00a0mag\u00edsteres\u00a0en Ling\u00fc\u00edstica\u00a0en sus menciones Dialectolog\u00eda Hispanoamericana y Chilena y en Ling\u00fc\u00edstica Aplicada a la Ense\u00f1anza [&hellip;]<\/p>\n","protected":false},"author":1,"featured_media":430,"comment_status":"closed","ping_status":"closed","sticky":false,"template":"","format":"standard","meta":{"_et_pb_use_builder":"","_et_pb_old_content":"","_et_gb_content_width":"","_oasis_is_in_workflow":0,"_oasis_original":0,"footnotes":""},"categories":[45],"tags":[],"class_list":["post-432","post","type-post","status-publish","format-standard","has-post-thumbnail","hentry","category-event"],"_links":{"self":[{"href":"http:\/\/educaciondeadultos.cl\/web\/wp-json\/wp\/v2\/posts\/432","targetHints":{"allow":["GET"]}}],"collection":[{"href":"http:\/\/educaciondeadultos.cl\/web\/wp-json\/wp\/v2\/posts"}],"about":[{"href":"http:\/\/educaciondeadultos.cl\/web\/wp-json\/wp\/v2\/types\/post"}],"author":[{"embeddable":true,"href":"http:\/\/educaciondeadultos.cl\/web\/wp-json\/wp\/v2\/users\/1"}],"replies":[{"embeddable":true,"href":"http:\/\/educaciondeadultos.cl\/web\/wp-json\/wp\/v2\/comments?post=432"}],"version-history":[{"count":0,"href":"http:\/\/educaciondeadultos.cl\/web\/wp-json\/wp\/v2\/posts\/432\/revisions"}],"wp:featuredmedia":[{"embeddable":true,"href":"http:\/\/educaciondeadultos.cl\/web\/wp-json\/wp\/v2\/media\/430"}],"wp:attachment":[{"href":"http:\/\/educaciondeadultos.cl\/web\/wp-json\/wp\/v2\/media?parent=432"}],"wp:term":[{"taxonomy":"category","embeddable":true,"href":"http:\/\/educaciondeadultos.cl\/web\/wp-json\/wp\/v2\/categories?post=432"},{"taxonomy":"post_tag","embeddable":true,"href":"http:\/\/educaciondeadultos.cl\/web\/wp-json\/wp\/v2\/tags?post=432"}],"curies":[{"name":"wp","href":"https:\/\/api.w.org\/{rel}","templated":true}]}}