{"id":429,"date":"2016-12-14T03:22:03","date_gmt":"2016-12-14T06:22:03","guid":{"rendered":"http:\/\/educaciondeadultos.cl\/web\/2016\/12\/14\/jovenes-y-adultos-nivelaron-estudios-basicos-y-medios-en-la-upla\/"},"modified":"2016-12-14T03:22:03","modified_gmt":"2016-12-14T06:22:03","slug":"jovenes-y-adultos-nivelaron-estudios-basicos-y-medios-en-la-upla","status":"publish","type":"post","link":"http:\/\/educaciondeadultos.cl\/web\/2016\/12\/14\/jovenes-y-adultos-nivelaron-estudios-basicos-y-medios-en-la-upla\/","title":{"rendered":"J\u00f3venes y adultos nivelaron estudios b\u00e1sicos y medios en la UPLA"},"content":{"rendered":"<p><img loading=\"lazy\" decoding=\"async\" class=\" size-full wp-image-425\" src=\"http:\/\/educaciondeadultos.cl\/web\/wp-content\/uploads\/2016\/12\/4e7a5dede60293780b0c25f1a9827800.jpg\" alt=\"\" width=\"600\" height=\"346\" srcset=\"http:\/\/educaciondeadultos.cl\/web\/wp-content\/uploads\/2016\/12\/4e7a5dede60293780b0c25f1a9827800.jpg 600w, http:\/\/educaciondeadultos.cl\/web\/wp-content\/uploads\/2016\/12\/4e7a5dede60293780b0c25f1a9827800-300x173.jpg 300w\" sizes=\"auto, (max-width: 600px) 100vw, 600px\" \/><\/p>\n<p style=\"text-align: left;\"><span style=\"font-family: verdana, geneva; font-size: small;\"><img loading=\"lazy\" decoding=\"async\" class=\" alignright size-full wp-image-426\" src=\"http:\/\/educaciondeadultos.cl\/web\/wp-content\/uploads\/2016\/12\/adultos2016.jpg\" border=\"0\" alt=\"\" width=\"642\" height=\"370\" style=\"float: right;\" srcset=\"http:\/\/educaciondeadultos.cl\/web\/wp-content\/uploads\/2016\/12\/adultos2016.jpg 600w, http:\/\/educaciondeadultos.cl\/web\/wp-content\/uploads\/2016\/12\/adultos2016-300x173.jpg 300w\" sizes=\"auto, (max-width: 642px) 100vw, 642px\" \/><span style=\"color: #000000;\">El\u00a0<strong>programa de Nivelaci\u00f3n de Estudios B\u00e1sicos y Medios<\/strong>\u00a0<strong>para J\u00f3venes y Adultos Modalidad Flexible\u00a0<\/strong>que imparte la\u00a0<strong>Universidad de Playa Ancha<\/strong>\u00a0en convenio con el\u00a0<strong>Ministerio de Educaci\u00f3n<\/strong>, certific\u00f3 a veinte estudiantes que este a\u00f1o retomaron y finalizaron con \u00e9xito sus estudios.<\/span><\/span><\/p>\n<p style=\"text-align: left;\"><span style=\"font-family: verdana, geneva; font-size: small; color: #000000;\"><a href=\"http:\/\/www.upla.cl\/noticias\/wp-content\/uploads\/2016\/12\/certificado_adultos_06.jpg\"><\/a>En compa\u00f1\u00eda de familiares, profesores y autoridades de la UPLA, encabezadas por el\u00a0<strong>decano de la Facultad de Ciencias de la Educaci\u00f3n, Dr. Luis Alberto D\u00edaz<\/strong>, \u00a0los beneficiarios documentaron la aprobaci\u00f3n del Tercer Nivel B\u00e1sico (correspondiente a s\u00e9ptimo y octavo a\u00f1o b\u00e1sico); Primer Nivel Medio (primer y segundo medio), y Segundo Nivel Medio (correspondiente a tercer y cuarto medio).<\/span><\/p>\n<p style=\"text-align: justify;\"><span style=\"font-family: verdana, geneva; font-size: small; color: #000000;\"><a href=\"http:\/\/www.upla.cl\/noticias\/wp-content\/uploads\/2016\/12\/certificado_adultos_02.jpg\"><\/a>En representaci\u00f3n de los estudiantes,\u00a0<strong>Mar\u00eda Elisa Viera Valencia, alumna de Segundo Ciclo Medio<\/strong>, agradeci\u00f3 el apoyo brindado por la UPLA y las familias de cada uno de sus compa\u00f1eros, que favoreci\u00f3 el proceso de completar los estudios que alguna vez fueron interrumpidos.<\/span><\/p>\n<p style=\"text-align: left;\"><span style=\"font-family: verdana, geneva; font-size: small;\"><img loading=\"lazy\" decoding=\"async\" class=\" alignleft size-full wp-image-427\" src=\"http:\/\/educaciondeadultos.cl\/web\/wp-content\/uploads\/2016\/12\/adultos2016b.jpg\" border=\"0\" alt=\"\" width=\"216\" height=\"146\" style=\"float: left;\" srcset=\"http:\/\/educaciondeadultos.cl\/web\/wp-content\/uploads\/2016\/12\/adultos2016b.jpg 600w, http:\/\/educaciondeadultos.cl\/web\/wp-content\/uploads\/2016\/12\/adultos2016b-300x203.jpg 300w\" sizes=\"auto, (max-width: 216px) 100vw, 216px\" \/><span style=\"color: #000000;\"><img loading=\"lazy\" decoding=\"async\" class=\" alignleft size-full wp-image-428\" src=\"http:\/\/educaciondeadultos.cl\/web\/wp-content\/uploads\/2016\/12\/adultos2016c.jpg\" border=\"0\" alt=\"\" width=\"220\" height=\"146\" style=\"float: left;\" srcset=\"http:\/\/educaciondeadultos.cl\/web\/wp-content\/uploads\/2016\/12\/adultos2016c.jpg 600w, http:\/\/educaciondeadultos.cl\/web\/wp-content\/uploads\/2016\/12\/adultos2016c-300x199.jpg 300w\" sizes=\"auto, (max-width: 220px) 100vw, 220px\" \/><\/span><\/span><\/p>\n<p style=\"text-align: left;\">\u00a0<\/p>\n<p style=\"text-align: left;\"><span style=\"font-family: verdana, geneva; font-size: small;\"><span style=\"color: #000000;\">Con nuevas herramientas para desenvolverse en la sociedad y en el mercado laboral, la\u00a0<strong>encargada de la Coordinaci\u00f3n Administrativa y Pedag\u00f3gica del programa, Vivian Astudillo C\u00e1rcamo<\/strong>, destac\u00f3 la oportunidad que la UPLA brinda a la comunidad por medio de esta iniciativa.<\/span><\/span><\/p>\n<p style=\"text-align: left;\">\u00a0<span style=\"font-family: verdana, geneva; font-size: small; color: #000000;\">\u201c<em>Se trata de una acci\u00f3n concreta de nuestra universidad en que demuestra su vinculaci\u00f3n, compromiso y responsabilidad social con la comunidad, y esperamos que se consolide como un espacio de desarrollo transversal al interior de \u00e9sta. Adem\u00e1s, posibilita la continuidad de estudios, como es el caso de dos alumnos egresados del Programa de Nivelaci\u00f3n de la promoci\u00f3n 2015, que se encuentran estudiando este a\u00f1o en el Instituto Tecnol\u00f3gico de la Universidad de Playa Ancha<\/em>\u201d, sostuvo la acad\u00e9mica.<\/span><\/p>\n<p style=\"text-align: justify;\"><span style=\"font-family: verdana, geneva; font-size: small; color: #000000;\">Fuente. Upla-Noticias. 14 de diciembre 2016<\/span><\/p>\n","protected":false},"excerpt":{"rendered":"<p>El\u00a0programa de Nivelaci\u00f3n de Estudios B\u00e1sicos y Medios\u00a0para J\u00f3venes y Adultos Modalidad Flexible\u00a0que imparte la\u00a0Universidad de Playa Ancha\u00a0en convenio con el\u00a0Ministerio de Educaci\u00f3n, certific\u00f3 a veinte estudiantes que este a\u00f1o retomaron y finalizaron con \u00e9xito sus estudios. En compa\u00f1\u00eda de familiares, profesores y autoridades de la UPLA, encabezadas por el\u00a0decano de la Facultad de Ciencias [&hellip;]<\/p>\n","protected":false},"author":1,"featured_media":425,"comment_status":"closed","ping_status":"closed","sticky":false,"template":"","format":"standard","meta":{"_et_pb_use_builder":"","_et_pb_old_content":"","_et_gb_content_width":"","_oasis_is_in_workflow":0,"_oasis_original":0,"footnotes":""},"categories":[45],"tags":[],"class_list":["post-429","post","type-post","status-publish","format-standard","has-post-thumbnail","hentry","category-event"],"_links":{"self":[{"href":"http:\/\/educaciondeadultos.cl\/web\/wp-json\/wp\/v2\/posts\/429","targetHints":{"allow":["GET"]}}],"collection":[{"href":"http:\/\/educaciondeadultos.cl\/web\/wp-json\/wp\/v2\/posts"}],"about":[{"href":"http:\/\/educaciondeadultos.cl\/web\/wp-json\/wp\/v2\/types\/post"}],"author":[{"embeddable":true,"href":"http:\/\/educaciondeadultos.cl\/web\/wp-json\/wp\/v2\/users\/1"}],"replies":[{"embeddable":true,"href":"http:\/\/educaciondeadultos.cl\/web\/wp-json\/wp\/v2\/comments?post=429"}],"version-history":[{"count":0,"href":"http:\/\/educaciondeadultos.cl\/web\/wp-json\/wp\/v2\/posts\/429\/revisions"}],"wp:featuredmedia":[{"embeddable":true,"href":"http:\/\/educaciondeadultos.cl\/web\/wp-json\/wp\/v2\/media\/425"}],"wp:attachment":[{"href":"http:\/\/educaciondeadultos.cl\/web\/wp-json\/wp\/v2\/media?parent=429"}],"wp:term":[{"taxonomy":"category","embeddable":true,"href":"http:\/\/educaciondeadultos.cl\/web\/wp-json\/wp\/v2\/categories?post=429"},{"taxonomy":"post_tag","embeddable":true,"href":"http:\/\/educaciondeadultos.cl\/web\/wp-json\/wp\/v2\/tags?post=429"}],"curies":[{"name":"wp","href":"https:\/\/api.w.org\/{rel}","templated":true}]}}