{"id":424,"date":"2016-11-29T16:02:10","date_gmt":"2016-11-29T19:02:10","guid":{"rendered":"http:\/\/educaciondeadultos.cl\/web\/2016\/11\/29\/exitosa-acreditacion-obtiene-magister-de-educacion-de-adultos-y-procesos-formativos-2\/"},"modified":"2016-11-29T16:02:10","modified_gmt":"2016-11-29T19:02:10","slug":"exitosa-acreditacion-obtiene-magister-de-educacion-de-adultos-y-procesos-formativos-2","status":"publish","type":"post","link":"http:\/\/educaciondeadultos.cl\/web\/2016\/11\/29\/exitosa-acreditacion-obtiene-magister-de-educacion-de-adultos-y-procesos-formativos-2\/","title":{"rendered":"Exitosa acreditaci\u00f3n obtiene Mag\u00edster de Educaci\u00f3n de Adultos y Procesos Formativos"},"content":{"rendered":"<p><img loading=\"lazy\" decoding=\"async\" class=\" size-full wp-image-423\" src=\"http:\/\/educaciondeadultos.cl\/web\/wp-content\/uploads\/2016\/11\/1018117f01c19c6ed27c0f2c97f37a79.jpg\" alt=\"\" width=\"960\" height=\"627\" srcset=\"http:\/\/educaciondeadultos.cl\/web\/wp-content\/uploads\/2016\/11\/1018117f01c19c6ed27c0f2c97f37a79.jpg 960w, http:\/\/educaciondeadultos.cl\/web\/wp-content\/uploads\/2016\/11\/1018117f01c19c6ed27c0f2c97f37a79-300x196.jpg 300w, http:\/\/educaciondeadultos.cl\/web\/wp-content\/uploads\/2016\/11\/1018117f01c19c6ed27c0f2c97f37a79-768x502.jpg 768w\" sizes=\"auto, (max-width: 960px) 100vw, 960px\" \/><\/p>\n<p><span style=\"color: #000000;\"><img loading=\"lazy\" decoding=\"async\" class=\" alignright size-full wp-image-313\" src=\"http:\/\/educaciondeadultos.cl\/web\/wp-content\/uploads\/2016\/04\/encuentropromociones.jpg\" border=\"0\" alt=\"\" width=\"460\" height=\"300\" style=\"float: right;\" \/><span style=\"font-family: verdana, geneva; font-size: small;\">El Consejo de Acreditaci\u00f3n del \u00e1rea de Educaci\u00f3n\u00a0 de la Comisi\u00f3n Nacional de Acreditaci\u00f3n (CNA), en una sesi\u00f3n realizada el 14 de noviembre del a\u00f1o en curso,\u00a0acord\u00f3 por unanimidad otorgar la acreditaci\u00f3n al Mag\u00edster\u00a0en\u00a0Educaci\u00f3n de Adultos y Procesos Formativos que imparte el\u00a0\u00a0Programa de Desarrollo Disciplinario en Educaci\u00f3n de J\u00f3venes y Adultos,\u00a0perteneciente a\u00a0la Facultad de Ciencias de la Educaci\u00f3n de la Universidad de Playa Ancha.\u00a0<\/span><\/span><\/p>\n<p style=\"text-align: justify;\"><span style=\"color: #000000; font-family: verdana, geneva; font-size: small;\">Junto con notificar dicha resoluci\u00f3n, Decano de la Facultad de la Educaci\u00f3n, Doctor\u00a0Luis Alberto D\u00edaz, felicit\u00f3 a la\u00a0Doctora Violeta Acu\u00f1a\u00a0Collado, Coordinadora del\u00a0Programa y al cuerpo de acad\u00e9micos del Mag\u00edster, reconociendo que todo el equipo en conjunto contribuy\u00f3 con esfuerzo, rigurosidad, y compromiso a este importante logro para el\u00a0Programa y para la Facultad de Ciencias de la Educaci\u00f3n.\u00a0<\/span><\/p>\n<div class=\"adL\">\n<p style=\"text-align: justify;\"><span style=\"color: #000000; font-family: verdana, geneva; font-size: small;\">La acreditaci\u00f3n que comprende un per\u00edodo de tres a\u00f1os, en el marco de la Ley N\u00b020.129 y normativa y orientaciones dispuestas por los respectivos procesos de evaluaci\u00f3n,\u00a0permitir\u00e1 acceder a beneficios de becas tanto a profesionales del pa\u00eds y extranjeros.\u00a0<\/span><\/p>\n<p><span style=\"color: #000000; font-family: verdana, geneva; font-size: small;\"><img loading=\"lazy\" decoding=\"async\" class=\" alignleft size-full wp-image-405\" src=\"http:\/\/educaciondeadultos.cl\/web\/wp-content\/uploads\/2016\/10\/acredimag.png\" border=\"0\" alt=\"\" width=\"599\" height=\"202\" style=\"float: left;\" \/>El Mag\u00edster\u00a0en\u00a0Educaci\u00f3n de Adultos y Procesos Formativos que fue creado en\u00a02013, es un programa de car\u00e1cter acad\u00e9mico orientado al desarrollo de las capacidades anal\u00edticas, de desarrollo pedag\u00f3gico y de investigaci\u00f3n requeridas para ejercer labores de estudio, docencia, liderazgo y producci\u00f3n de conocimientos en los diversos \u00e1mbitos tem\u00e1ticos y modalidades de la educaci\u00f3n de adultos (escolares, comunitarias, formaci\u00f3n laboral, capacitaci\u00f3n, educaci\u00f3n ciudadana, entre otros procesos formativos). Adem\u00e1s, espera contribuir a la formaci\u00f3n de especialistas en educaci\u00f3n de j\u00f3venes y adultos con fundamentos epistemol\u00f3gicos, pedag\u00f3gicos, filos\u00f3ficos y pol\u00edticos, que les permitan actuar en el campo administrativo, pedag\u00f3gico y did\u00e1ctico, intervenir en investigaciones sociales y educativas, en la construcci\u00f3n o acumulaci\u00f3n de nuevos conocimientos y participar en la construcci\u00f3n de pol\u00edticas educativas.<\/span><\/p>\n<p><span style=\"color: #000000;\">\u00a0<\/span><strong style=\"font-family: verdana, geneva; font-size: small; text-align: justify;\">Mas informaciones del Mag\u00edster: <a href=\"http:\/\/www.educaciondeadultos.cl\/index.php?option=com_k2&amp;view=item&amp;layout=item&amp;id=1286&amp;Itemid=828\">ver aqu\u00ed<\/a><\/strong><\/p>\n<p style=\"text-align: justify;\"><span style=\"color: #808080; font-family: 'times new roman', times;\"><strong>La fotograf\u00eda corresponde a un encuentro de las tres promociones realizado en 2015, junto a la Doctora Violeta Acu\u00f1a Collado, Coordinadora del Programa y a los acad\u00e9micos Doctor Rolando Pinto, y Doctor Ren\u00e9 Flores Castillo, oportunidad en la que comparten reflexiones, intercambios de experiencias de formaci\u00f3n y propuestas de proyectos de tesis, entre otros temas de inter\u00e9s.<\/strong><\/span><\/p>\n<p style=\"text-align: justify;\">Edici\u00f3n web\/29 de noviembre 2016<\/p>\n<\/p><\/div>\n","protected":false},"excerpt":{"rendered":"<p>El Consejo de Acreditaci\u00f3n del \u00e1rea de Educaci\u00f3n\u00a0 de la Comisi\u00f3n Nacional de Acreditaci\u00f3n (CNA), en una sesi\u00f3n realizada el 14 de noviembre del a\u00f1o en curso,\u00a0acord\u00f3 por unanimidad otorgar la acreditaci\u00f3n al Mag\u00edster\u00a0en\u00a0Educaci\u00f3n de Adultos y Procesos Formativos que imparte el\u00a0\u00a0Programa de Desarrollo Disciplinario en Educaci\u00f3n de J\u00f3venes y Adultos,\u00a0perteneciente a\u00a0la Facultad de Ciencias [&hellip;]<\/p>\n","protected":false},"author":1,"featured_media":423,"comment_status":"closed","ping_status":"closed","sticky":false,"template":"","format":"standard","meta":{"_et_pb_use_builder":"","_et_pb_old_content":"","_et_gb_content_width":"","_oasis_is_in_workflow":0,"_oasis_original":0,"footnotes":""},"categories":[45],"tags":[],"class_list":["post-424","post","type-post","status-publish","format-standard","has-post-thumbnail","hentry","category-event"],"_links":{"self":[{"href":"http:\/\/educaciondeadultos.cl\/web\/wp-json\/wp\/v2\/posts\/424","targetHints":{"allow":["GET"]}}],"collection":[{"href":"http:\/\/educaciondeadultos.cl\/web\/wp-json\/wp\/v2\/posts"}],"about":[{"href":"http:\/\/educaciondeadultos.cl\/web\/wp-json\/wp\/v2\/types\/post"}],"author":[{"embeddable":true,"href":"http:\/\/educaciondeadultos.cl\/web\/wp-json\/wp\/v2\/users\/1"}],"replies":[{"embeddable":true,"href":"http:\/\/educaciondeadultos.cl\/web\/wp-json\/wp\/v2\/comments?post=424"}],"version-history":[{"count":0,"href":"http:\/\/educaciondeadultos.cl\/web\/wp-json\/wp\/v2\/posts\/424\/revisions"}],"wp:featuredmedia":[{"embeddable":true,"href":"http:\/\/educaciondeadultos.cl\/web\/wp-json\/wp\/v2\/media\/423"}],"wp:attachment":[{"href":"http:\/\/educaciondeadultos.cl\/web\/wp-json\/wp\/v2\/media?parent=424"}],"wp:term":[{"taxonomy":"category","embeddable":true,"href":"http:\/\/educaciondeadultos.cl\/web\/wp-json\/wp\/v2\/categories?post=424"},{"taxonomy":"post_tag","embeddable":true,"href":"http:\/\/educaciondeadultos.cl\/web\/wp-json\/wp\/v2\/tags?post=424"}],"curies":[{"name":"wp","href":"https:\/\/api.w.org\/{rel}","templated":true}]}}