{"id":421,"date":"2016-11-14T15:59:21","date_gmt":"2016-11-14T18:59:21","guid":{"rendered":"http:\/\/educaciondeadultos.cl\/web\/2016\/11\/14\/ya-circula-edicion-n-3-de-la-revista-educacion-de-adultos-y-procesos-formativos\/"},"modified":"2016-11-14T15:59:21","modified_gmt":"2016-11-14T18:59:21","slug":"ya-circula-edicion-n-3-de-la-revista-educacion-de-adultos-y-procesos-formativos","status":"publish","type":"post","link":"http:\/\/educaciondeadultos.cl\/web\/2016\/11\/14\/ya-circula-edicion-n-3-de-la-revista-educacion-de-adultos-y-procesos-formativos\/","title":{"rendered":"Ya circula edici\u00f3n N\u00ba 3 de la revista \u201cEducaci\u00f3n de Adultos y Procesos Formativos\u201d"},"content":{"rendered":"<p><img loading=\"lazy\" decoding=\"async\" class=\" size-full wp-image-420\" src=\"http:\/\/educaciondeadultos.cl\/web\/wp-content\/uploads\/2016\/11\/3f6926ce145b6fd2c270d507ee89d5ef.jpg\" alt=\"\" width=\"510\" height=\"300\" srcset=\"http:\/\/educaciondeadultos.cl\/web\/wp-content\/uploads\/2016\/11\/3f6926ce145b6fd2c270d507ee89d5ef.jpg 510w, http:\/\/educaciondeadultos.cl\/web\/wp-content\/uploads\/2016\/11\/3f6926ce145b6fd2c270d507ee89d5ef-300x176.jpg 300w\" sizes=\"auto, (max-width: 510px) 100vw, 510px\" \/><\/p>\n<p><span style=\"background-color: #ffffff; color: #000000;\"><img loading=\"lazy\" decoding=\"async\" class=\" size-full wp-image-416\" src=\"http:\/\/educaciondeadultos.cl\/web\/wp-content\/uploads\/2016\/10\/bannerrev3fin.jpg\" border=\"0\" alt=\"\" width=\"886\" height=\"118\" \/><\/span><\/p>\n<p><span style=\"background-color: #ffffff; color: #000000; font-family: verdana, geneva; font-size: small;\">En circulaci\u00f3n se encuentra<strong> la\u00a0<a href=\"http:\/\/www.educaciondeadultosprocesosformativos.cl\/index.php\/revistas\/revista-n-3\"><span style=\"background-color: #ffffff; color: #000000;\"><strong>edici\u00f3n N\u00b03 de la revista<\/strong> \u201cEducaci\u00f3n de Adultos y Procesos Formativos\u201d<\/span><\/a><\/strong>, que edita el Programa Disciplinario de Educaci\u00f3n de J\u00f3venes y Adultos y el Mag\u00edster en Educaci\u00f3n de Adultos y Procesos Formativos de la Universidad de Playa Ancha. De este modo, ambas unidades se proponen promover la circulaci\u00f3n de informaci\u00f3n y el conocimiento en el \u00e1mbito de la educaci\u00f3n de j\u00f3venes y adultos, difundir el intercambio y el trabajo colaborativo en el campo de la educaci\u00f3n permanente, as\u00ed como tambi\u00e9n propiciar la generaci\u00f3n y animaci\u00f3n de redes.<\/span><\/p>\n<p><span style=\"background-color: #ffffff; color: #000000; font-family: verdana, geneva; font-size: small;\">El\u00a0<a href=\"http:\/\/www.educaciondeadultosprocesosformativos.cl\/index.php\/revistas\/revista-n-3\"><span style=\"background-color: #ffffff; color: #000000;\">nuevo n\u00famero inserto en la plataforma web de la revista<\/span><\/a>\u00a0contiene art\u00edculos que abordan an\u00e1lisis de estudios acad\u00e9micos, presentaci\u00f3n de experiencias, reflexiones, opiniones, documentos de trabajo, gu\u00edas de acci\u00f3n y acuerdos internacionales.<\/span><\/p>\n<p><span style=\"background-color: #ffffff; color: #000000; font-family: verdana, geneva; font-size: small;\">La publicaci\u00f3n de relevancia acad\u00e9mica, acreditada por ISSN 0719-6997, es dirigida por la coordinadora del Programa Disciplinario de Educaci\u00f3n de J\u00f3venes y Adultos de la UPLA, Dra. Violeta Acu\u00f1a Collado, y un Consejo Editorial integrado por reconocidos referentes internacionales en estas materias.<\/span><\/p>\n<p><span style=\"background-color: #ffffff; color: #000000; font-family: verdana, geneva; font-size: small;\"><strong>La edici\u00f3n N\u00ba 3 contiene:<\/strong><\/span><\/p>\n<p><span style=\"background-color: #ffffff; color: #000000; font-family: verdana, geneva; font-size: small;\"><strong>Art\u00edculos<\/strong><\/span><\/p>\n<ul>\n<li><span style=\"background-color: #ffffff; color: #000000; font-family: verdana, geneva; font-size: small;\">*\u201cPedagog\u00edas entre Adultos y Formaci\u00f3n de Docentes, relato de una experiencia de construcci\u00f3n de un curr\u00edculo emergente y cr\u00edtico en Llaguepulli, Regi\u00f3n de La Araucan\u00eda\u201d del Dr. Rolando Pinto Contreras.<\/span><\/li>\n<li><span style=\"background-color: #ffffff; color: #000000; font-family: verdana, geneva; font-size: small;\">*\u201cPosicionamiento pol\u00edtico del profesorado: retos de la profesionalidad docente\u201d. Silvia L\u00f3pez de Maturana Luna, Doctora en Educaci\u00f3n.<\/span><\/li>\n<li><span style=\"background-color: #ffffff; color: #000000; font-family: verdana, geneva; font-size: small;\">*\u201cEscenarios y reflexiones en torno a las nuevas bases curriculares en EPJA en Chile para la modalidad regular 2015 \u2013 2018\u201d. Claudio Navarrete Hidalgo, acad\u00e9mico.<\/span><\/li>\n<li><span style=\"background-color: #ffffff; color: #000000; font-family: verdana, geneva; font-size: small;\">*\u201cLa pedagog\u00eda social desde la praxis socioeducativa y las pr\u00e1cticas de (auto) educaci\u00f3n popular en Chile post-dictadura y la propuesta del Control Comunitario\u201d. Daniel Faur\u00e9, Doctor en Historia de Chile.<\/span><\/li>\n<li><span style=\"background-color: #ffffff; color: #000000; font-family: verdana, geneva; font-size: small;\">*\u201cPensar la pedagog\u00eda social desde la praxis socioeducativa: Las escuelas sociales para un mejor vivir\u201d. Eusebio N\u00e1jera Mart\u00ednez, Mag\u00edster en Educaci\u00f3n de Adultos.<\/span><\/li>\n<li><span style=\"background-color: #ffffff; color: #000000; font-family: verdana, geneva; font-size: small;\">*El Plan Nacional de Alfabetizaci\u00f3n \u201cQuisqueya Aprende Contigo\u201d aplicado en Rep\u00fablica Dominicana, seg\u00fan la experiencia de Miriam Camilo Recio, directora Nacional de Educaci\u00f3n de J\u00f3venes y Adultos del MINERD.<\/span><\/li>\n<\/ul>\n<p><span style=\"background-color: #ffffff; color: #000000; font-family: verdana, geneva; font-size: small;\"><strong>Documentos<\/strong><\/span><\/p>\n<ul>\n<li><span style=\"background-color: #ffffff; color: #000000; font-family: verdana, geneva; font-size: small;\">*\u201cRecomendaci\u00f3n sobre el Aprendizaje y la Educaci\u00f3n de Adultos de la Conferencia General de Unesco\u201d (Reuni\u00f3n 38\u00aa).<\/span><\/li>\n<li><span style=\"background-color: #ffffff; color: #000000; font-family: verdana, geneva; font-size: small;\">*\u201cDeclaraci\u00f3n de Brasilia 2016\u201d, que integra las conclusiones del Seminario Internacional de Educaci\u00f3n a lo largo de la Vida y el Balance Intermedio de la VI CONFINTEA en Brasil (Confintea VI +6 Brasil), que plantea la relaci\u00f3n entre la EPJA y el trabajo, la salud, el medio ambiente, la cultura, la comunicaci\u00f3n, la tecnolog\u00eda y los derechos humanos, considerando la diversidad generacional y sus necesidades espec\u00edficas.<\/span><\/li>\n<\/ul>\n<p>\u00a0<\/p>\n<ul>\n<li>Fuente: UPLA -Noticias. 14 de noviembre 2016.<\/li>\n<\/ul>\n","protected":false},"excerpt":{"rendered":"<p>En circulaci\u00f3n se encuentra la\u00a0edici\u00f3n N\u00b03 de la revista \u201cEducaci\u00f3n de Adultos y Procesos Formativos\u201d, que edita el Programa Disciplinario de Educaci\u00f3n de J\u00f3venes y Adultos y el Mag\u00edster en Educaci\u00f3n de Adultos y Procesos Formativos de la Universidad de Playa Ancha. De este modo, ambas unidades se proponen promover la circulaci\u00f3n de informaci\u00f3n y [&hellip;]<\/p>\n","protected":false},"author":1,"featured_media":420,"comment_status":"closed","ping_status":"closed","sticky":false,"template":"","format":"standard","meta":{"_et_pb_use_builder":"","_et_pb_old_content":"","_et_gb_content_width":"","_oasis_is_in_workflow":0,"_oasis_original":0,"footnotes":""},"categories":[45],"tags":[109],"class_list":["post-421","post","type-post","status-publish","format-standard","has-post-thumbnail","hentry","category-event","tag-revista-educacion-de-adultos-y-procesos-formativos"],"_links":{"self":[{"href":"http:\/\/educaciondeadultos.cl\/web\/wp-json\/wp\/v2\/posts\/421","targetHints":{"allow":["GET"]}}],"collection":[{"href":"http:\/\/educaciondeadultos.cl\/web\/wp-json\/wp\/v2\/posts"}],"about":[{"href":"http:\/\/educaciondeadultos.cl\/web\/wp-json\/wp\/v2\/types\/post"}],"author":[{"embeddable":true,"href":"http:\/\/educaciondeadultos.cl\/web\/wp-json\/wp\/v2\/users\/1"}],"replies":[{"embeddable":true,"href":"http:\/\/educaciondeadultos.cl\/web\/wp-json\/wp\/v2\/comments?post=421"}],"version-history":[{"count":0,"href":"http:\/\/educaciondeadultos.cl\/web\/wp-json\/wp\/v2\/posts\/421\/revisions"}],"wp:featuredmedia":[{"embeddable":true,"href":"http:\/\/educaciondeadultos.cl\/web\/wp-json\/wp\/v2\/media\/420"}],"wp:attachment":[{"href":"http:\/\/educaciondeadultos.cl\/web\/wp-json\/wp\/v2\/media?parent=421"}],"wp:term":[{"taxonomy":"category","embeddable":true,"href":"http:\/\/educaciondeadultos.cl\/web\/wp-json\/wp\/v2\/categories?post=421"},{"taxonomy":"post_tag","embeddable":true,"href":"http:\/\/educaciondeadultos.cl\/web\/wp-json\/wp\/v2\/tags?post=421"}],"curies":[{"name":"wp","href":"https:\/\/api.w.org\/{rel}","templated":true}]}}