{"id":419,"date":"2016-10-19T22:01:15","date_gmt":"2016-10-20T01:01:15","guid":{"rendered":"http:\/\/educaciondeadultos.cl\/web\/2016\/10\/19\/publicada-edicion-n-3-revista-educacion-de-adultos-y-procesos-formativos-2\/"},"modified":"2016-10-19T22:01:15","modified_gmt":"2016-10-20T01:01:15","slug":"publicada-edicion-n-3-revista-educacion-de-adultos-y-procesos-formativos-2","status":"publish","type":"post","link":"http:\/\/educaciondeadultos.cl\/web\/2016\/10\/19\/publicada-edicion-n-3-revista-educacion-de-adultos-y-procesos-formativos-2\/","title":{"rendered":"Publicada Edici\u00f3n N\u00b03 revista \u00abEducaci\u00f3n de Adultos  y Procesos Formativos\u00bb"},"content":{"rendered":"<p><img loading=\"lazy\" decoding=\"async\" class=\" size-full wp-image-418\" src=\"http:\/\/educaciondeadultos.cl\/web\/wp-content\/uploads\/2016\/10\/ba813ccea29b022d9bf5e00cb3b5ada2.jpg\" alt=\"\" width=\"510\" height=\"300\" srcset=\"http:\/\/educaciondeadultos.cl\/web\/wp-content\/uploads\/2016\/10\/ba813ccea29b022d9bf5e00cb3b5ada2.jpg 510w, http:\/\/educaciondeadultos.cl\/web\/wp-content\/uploads\/2016\/10\/ba813ccea29b022d9bf5e00cb3b5ada2-300x176.jpg 300w\" sizes=\"auto, (max-width: 510px) 100vw, 510px\" \/><\/p>\n<p style=\"text-align: justify;\"><img loading=\"lazy\" decoding=\"async\" class=\" size-full wp-image-416\" src=\"http:\/\/educaciondeadultos.cl\/web\/wp-content\/uploads\/2016\/10\/bannerrev3fin.jpg\" border=\"0\" alt=\"\" width=\"728\" height=\"97\" \/><\/p>\n<p style=\"text-align: justify;\"><span style=\"font-family: verdana, geneva; font-size: small; color: #000000;\">En circulaci\u00f3n se encuentra la edici\u00f3n N\u00b03 de la revista <strong>\u00abEducaci\u00f3n de Adultos\u00a0 y Procesos Formativos<\/strong>\u00ab, que edita el \u00a0Programa Disciplinario de Educaci\u00f3n de J\u00f3venes y Adultos y el\u00a0Mag\u00edster en Educaci\u00f3n de Adultos y Procesos Formativos de la\u00a0Universidad de Playa Ancha de Ciencias de la Educaci\u00f3n,<\/span><span style=\"font-family: verdana, geneva; font-size: small; color: #000000;\">\u00a0proponi\u00e9ndose contribuir a objetivos de promover la circulaci\u00f3n de informaci\u00f3n y el conocimiento en\u00a0 el \u00e1mbito de la educaci\u00f3n de j\u00f3venes y adultos, difundir el intercambio y el trabajo colaborativo en el campo de la educaci\u00f3n permanente, as\u00ed como tambi\u00e9n propiciar la generaci\u00f3n y animaci\u00f3n de\u00a0 redes.<\/span><\/p>\n<p style=\"text-align: justify;\"><span style=\"color: #000000;\"><span style=\"font-family: verdana, geneva; font-size: small;\">El nuevo n\u00famero inserto en una plataforma web propia de la revista contiene art\u00edculos que abordan an\u00e1lisis de estudios acad\u00e9micos, presentaci\u00f3n de experiencias, reflexiones, opiniones, documentos de trabajo, gu\u00edas de acci\u00f3n y acuerdos internacionales.\u00a0<\/span><\/span><\/p>\n<p style=\"text-align: justify;\"><span style=\"color: #000000;\"><span style=\"font-family: verdana, geneva; font-size: small;\">\u00ab<strong>Pedagog\u00edas entre Adultos y Formaci\u00f3n de Docentes, relato de una experiencia de construcci\u00f3n de un curr\u00edculo emergente y cr\u00edtico en\u00a0<\/strong><\/span><span style=\"font-family: verdana, geneva; font-size: small;\"><strong>Llaguepulli, Regi\u00f3n de La Araucan\u00eda<\/strong>\u00ab. <strong>Rolando Pinto Contreras,\u00a0\u00a0<\/strong>Doctor en Ciencias de la Educaci\u00f3n,\u00a0aborda una experiencia de construcci\u00f3n de un curr\u00edculo cr\u00edtico en territorios de cultura lafkenche y su significaci\u00f3n en cuanto ensayo de revisi\u00f3n de las pol\u00edticas de formaci\u00f3n docente en Chile y de las proyecciones de una educaci\u00f3n entre personas adultas. <\/span><\/span><\/p>\n<p style=\"text-align: justify;\"><span style=\"color: #000000;\"><span style=\"font-family: verdana, geneva;\"><span style=\"font-family: verdana, geneva;\">\u00ab<\/span><\/span><span style=\"font-family: verdana, geneva;\"><strong>Posicionamiento pol\u00edtico del profesorado: retos de la profesionalidad docente<\/strong>\u00ab.\u00a0<strong>Silvia L\u00f3pez de Maturana Luna,\u00a0<\/strong>Doctora en Educaci\u00f3n, plantea la necesidad \u00a0y el deber profesional \u00e9tico y pol\u00edtico de buscar l\u00edneas de acci\u00f3n orientadas a<\/span><span style=\"font-family: verdana, geneva;\"><span style=\"font-family: verdana, geneva;\">\u00a0redefinir los compromisos del ejercicio de la docencia. <\/span><\/span><\/span><\/p>\n<p style=\"text-align: justify;\"><span style=\"color: #000000;\"><span style=\"font-family: verdana, geneva; font-size: small;\">\u00ab<strong>Escenarios y reflexiones en torno a las nuevas bases curriculares en EPJA en Chile para la modalidad regular 2015 &#8211; 2018<\/strong>\u00ab. <strong>Claudio Navarrete Hidalgo, <\/strong>acad\u00e9mico<strong>,\u00a0<\/strong>a partir de una sistematizaci\u00f3n de experiencias plantea reflexiones desde un educador que trabaja en el sistema regular de la modalidad de educaci\u00f3n de j\u00f3venes y adultos en Chile, en el marco del proceso participativo convocado por las autoridades educacionales para elaborar nuevas bases curriculares de tal modalidad. <\/span><\/span><\/p>\n<p style=\"text-align: justify;\"><span style=\"color: #000000;\"><span style=\"font-family: verdana, geneva; font-size: small;\">\u00ab<strong>La pedagog\u00eda social desde la praxis socioeducativa y las pr\u00e1cticas de (auto) educaci\u00f3n popular en Chile post-dictadura\u00a0<\/strong><\/span><span style=\"font-family: verdana, geneva; font-size: small;\"><strong>y la propuesta del Control Comunitario<\/strong>\u00ab.\u00a0<strong>Daniel Faur\u00e9,\u00a0<\/strong>Doctor en Historia de Chile,\u00a0describe y analiza el surgimiento de una nueva corriente educativa compuesta por una serie de pr\u00e1cticas pol\u00edtico-pedag\u00f3gicas desplegadas por organizaciones juveniles durante la post dictadura y analiza la concepci\u00f3n de control comunitario que se propone su aporte al debate educativo actual y sus proyecciones pol\u00edtico-pedag\u00f3gicas.<\/span><\/span><\/p>\n<p style=\"text-align: justify;\"><span style=\"color: #000000;\"><span style=\"font-family: verdana, geneva; font-size: small;\">\u00ab<strong>Pensar la pedagog\u00eda<\/strong><\/span><strong><span style=\"font-size: 12.16px;\">\u00a0<\/span><\/strong><span style=\"font-family: verdana, geneva; font-size: small;\"><strong>social desde la praxis socioeducativa: Las escuelas sociales para un mejor vivir<\/strong>\u00ab.<\/span><span style=\"font-family: verdana, geneva; font-size: small;\">\u00a0<strong>Eusebio N\u00e1jera Mart\u00ednez,\u00a0<\/strong>Mag\u00edster en Educaci\u00f3n de Adultos, aborda una\u00a0reflexi\u00f3n respecto de las vinculaciones entre la praxis socioeducativa y la construcci\u00f3n de saberes pedag\u00f3gicos (sociales) en nuestras realidades latinoamericana.<\/span><\/span><\/p>\n<p style=\"text-align: justify;\"><span style=\"color: #000000;\"><span style=\"font-family: verdana, geneva; font-size: small;\">F<\/span><span style=\"font-family: verdana, geneva; font-size: small;\">inalmente la revista incluye un art\u00edculo de los resultados de un plan de Alfabetizaci\u00f3n aplicado en Rep\u00fablica Dominicana, seg\u00fan la experiencia de\u00a0<strong>Miriam Camilo Recio, <\/strong>directora Nacional de Educaci\u00f3n de J\u00f3venes y Adultos del MINERD\u00a0 e integrante del Equipo T\u00e9cnico del Plan Nacional de Alfabetizaci\u00f3n \u00ab<strong>Quisqueya Aprende Contigo\u00bb<\/strong>.<\/span><\/span><\/p>\n<p style=\"text-align: justify;\"><span style=\"font-family: verdana, geneva; font-size: small; color: #000000;\">Los documentos en la presente edici\u00f3n son los siguientes: \u00abRecomendaci\u00f3n sobre el Aprendizaje y la Educaci\u00f3n de Adultos de la Conferencia General de Unesco (Reuni\u00f3n 38\u00aa) y la Declaraci\u00f3n de Brasilia 2016, que integra las conclusiones del Seminario Internacional de Educaci\u00f3n a lo largo de la Vida y el Balance Intermedio de la\u00a0VI CONFINTEA en Brasil (Confintea VI +6 Brasil), que plantea la relaci\u00f3n entre la EPJA y el trabajo, la salud, el medio ambiente, la cultura, la comunicaci\u00f3n, la tecnolog\u00eda y los derechos humanos, considerando la diversidad generacional y sus necesidades espec\u00edficas.<\/span><\/p>\n<p style=\"text-align: justify;\"><span style=\"font-family: verdana, geneva; font-size: small; color: #000000;\">La revista de relevancia acad\u00e9mica acreditada por ISSN 0719-6997 es dirigida por la\u00a0coordinadora del Programa Disciplinario de Educaci\u00f3n de J\u00f3venes y Adultos de la UPLA,<strong> Dra. Violeta Acu\u00f1a Collado <\/strong>y\u00a0un Consejo Editorial integrado por reconocidos referentes internacionales en estas materias.\u00a0<\/span><\/p>\n<p><span style=\"color: #000000; font-family: verdana, geneva; font-size: small;\">Ver aqu\u00ed:\u00a0<a href=\"http:\/\/www.educaciondeadultosprocesosformativos.cl\/index.php\/revistas\/revista-n-3\"><span style=\"color: #000000;\"><strong>Edici\u00f3n N\u00b03<\/strong><\/span><\/a>.<\/span><\/p>\n<p><span style=\"color: #000000; font-family: verdana, geneva; font-size: small;\">Ver aqu\u00ed: P<span style=\"color: #000000;\"><strong><a href=\"http:\/\/www.educaciondeadultosprocesosformativos.cl\/index.php\">lataforma revista<\/a>\u00a0<\/strong>(ediciones N\u00b01 &#8211; N\u00b02)<\/span><\/span><\/p>\n<p><span style=\"color: #000000; font-family: verdana, geneva; font-size: small;\">Edici\u00f3n web. 20 de octubre 2016<\/span><\/p>\n","protected":false},"excerpt":{"rendered":"<p>En circulaci\u00f3n se encuentra la edici\u00f3n N\u00b03 de la revista \u00abEducaci\u00f3n de Adultos\u00a0 y Procesos Formativos\u00ab, que edita el \u00a0Programa Disciplinario de Educaci\u00f3n de J\u00f3venes y Adultos y el\u00a0Mag\u00edster en Educaci\u00f3n de Adultos y Procesos Formativos de la\u00a0Universidad de Playa Ancha de Ciencias de la Educaci\u00f3n,\u00a0proponi\u00e9ndose contribuir a objetivos de promover la circulaci\u00f3n de informaci\u00f3n [&hellip;]<\/p>\n","protected":false},"author":1,"featured_media":418,"comment_status":"closed","ping_status":"closed","sticky":false,"template":"","format":"standard","meta":{"_et_pb_use_builder":"","_et_pb_old_content":"","_et_gb_content_width":"","_oasis_is_in_workflow":0,"_oasis_original":0,"footnotes":""},"categories":[45],"tags":[],"class_list":["post-419","post","type-post","status-publish","format-standard","has-post-thumbnail","hentry","category-event"],"_links":{"self":[{"href":"http:\/\/educaciondeadultos.cl\/web\/wp-json\/wp\/v2\/posts\/419","targetHints":{"allow":["GET"]}}],"collection":[{"href":"http:\/\/educaciondeadultos.cl\/web\/wp-json\/wp\/v2\/posts"}],"about":[{"href":"http:\/\/educaciondeadultos.cl\/web\/wp-json\/wp\/v2\/types\/post"}],"author":[{"embeddable":true,"href":"http:\/\/educaciondeadultos.cl\/web\/wp-json\/wp\/v2\/users\/1"}],"replies":[{"embeddable":true,"href":"http:\/\/educaciondeadultos.cl\/web\/wp-json\/wp\/v2\/comments?post=419"}],"version-history":[{"count":0,"href":"http:\/\/educaciondeadultos.cl\/web\/wp-json\/wp\/v2\/posts\/419\/revisions"}],"wp:featuredmedia":[{"embeddable":true,"href":"http:\/\/educaciondeadultos.cl\/web\/wp-json\/wp\/v2\/media\/418"}],"wp:attachment":[{"href":"http:\/\/educaciondeadultos.cl\/web\/wp-json\/wp\/v2\/media?parent=419"}],"wp:term":[{"taxonomy":"category","embeddable":true,"href":"http:\/\/educaciondeadultos.cl\/web\/wp-json\/wp\/v2\/categories?post=419"},{"taxonomy":"post_tag","embeddable":true,"href":"http:\/\/educaciondeadultos.cl\/web\/wp-json\/wp\/v2\/tags?post=419"}],"curies":[{"name":"wp","href":"https:\/\/api.w.org\/{rel}","templated":true}]}}