{"id":398,"date":"2016-09-21T00:28:47","date_gmt":"2016-09-21T03:28:47","guid":{"rendered":"http:\/\/educaciondeadultos.cl\/web\/2016\/09\/21\/conversando-con-francisco-jose-scarfo-y-elionaldo-fernandes-juliao-educacion-cultura-y-trabajo-en-contexto-de-encierro\/"},"modified":"2016-09-21T00:28:47","modified_gmt":"2016-09-21T03:28:47","slug":"conversando-con-francisco-jose-scarfo-y-elionaldo-fernandes-juliao-educacion-cultura-y-trabajo-en-contexto-de-encierro","status":"publish","type":"post","link":"http:\/\/educaciondeadultos.cl\/web\/2016\/09\/21\/conversando-con-francisco-jose-scarfo-y-elionaldo-fernandes-juliao-educacion-cultura-y-trabajo-en-contexto-de-encierro\/","title":{"rendered":"Upla-TV con Francisco Jos\u00e9 Scarf\u00f3 y Elionaldo Fernandes Juli\u00e3o. Educaci\u00f3n, Cultura y Trabajo en contexto de encierro"},"content":{"rendered":"<p><img loading=\"lazy\" decoding=\"async\" class=\" size-full wp-image-397\" src=\"http:\/\/educaciondeadultos.cl\/web\/wp-content\/uploads\/2016\/09\/0bf5bc097f33c250825823673984474e.jpg\" alt=\"\" width=\"649\" height=\"407\" srcset=\"http:\/\/educaciondeadultos.cl\/web\/wp-content\/uploads\/2016\/09\/0bf5bc097f33c250825823673984474e.jpg 649w, http:\/\/educaciondeadultos.cl\/web\/wp-content\/uploads\/2016\/09\/0bf5bc097f33c250825823673984474e-300x188.jpg 300w\" sizes=\"auto, (max-width: 649px) 100vw, 649px\" \/><\/p>\n<p style=\"text-align: justify;\"><span style=\"font-family: verdana, geneva; font-size: small; line-height: 1.3em;\">La educaci\u00f3n es un derecho social que debe ser garantizado por el Estado y que, como todo derecho, si no re\u00fane las condiciones de acceso de todos los ciudadanos y de cumplimiento pleno, produce privilegios para unos pocos. Pese a que vivimos en una etapa de democracia formal, el ejercicio autoritarista del poder sigue manifest\u00e1ndose en las formas de la corrupci\u00f3n, impunidad, limitaciones en el acceso a la justicia y a la participaci\u00f3n pol\u00edtica, una distribuci\u00f3n de la riqueza y las oportunidades inequitativa, todo lo que se traduce en una mayor exclusi\u00f3n econ\u00f3mica, social y pol\u00edtica a muchos grupos sociales que ya est\u00e1n en desventaja en la din\u00e1mica social.<\/span><\/p>\n<p style=\"text-align: justify;\"><span style=\"font-family: verdana, geneva; font-size: small;\">Sobre esto y en el marco del Congreso \u201cEducaci\u00f3n, Cultura y Trabajo en contexto de encierro\u201d convocado por la Universidad de Playa Ancha dialogamos con Francisco Jos\u00e9 Scarf\u00f3, acad\u00e9mico de la Universidad Nacional de La Plata de Argentina y Elionaldo Fernandes Juli\u00e3o, acad\u00e9mico de la Universidad Federal Fluminense de Brasil, porque la educaci\u00f3n en establecimientos penales es la \u00fanica garant\u00eda de la condici\u00f3n de ser humano para quienes han delinquido y aunque se considere un castigo justificado, el encierro no debe llevar consigo una privaci\u00f3n adicional de los derechos civiles de todos y todas.<\/span><\/p>\n<p style=\"text-align: justify;\"><span style=\"font-family: verdana, geneva; font-size: small;\">Fuente: Upla-TV \/15\/9\/2016<\/span><\/p>\n<div class=\"k2_video\">\n<div class=\"k2_video_caption\">Conversaciones en la Upla<\/div>\n<p> [iframe width=\u00bb560&#8243; height=\u00bb315&#8243; src=\u00bbhttps:\/\/www.youtube.com\/embed\/XYLErjGGsnk\u00bb frameborder=\u00bb0&#8243; allowfullscreen ]<\/div>\n","protected":false},"excerpt":{"rendered":"<p>La educaci\u00f3n es un derecho social que debe ser garantizado por el Estado y que, como todo derecho, si no re\u00fane las condiciones de acceso de todos los ciudadanos y de cumplimiento pleno, produce privilegios para unos pocos. Pese a que vivimos en una etapa de democracia formal, el ejercicio autoritarista del poder sigue manifest\u00e1ndose [&hellip;]<\/p>\n","protected":false},"author":1,"featured_media":397,"comment_status":"closed","ping_status":"closed","sticky":false,"template":"","format":"standard","meta":{"_et_pb_use_builder":"","_et_pb_old_content":"","_et_gb_content_width":"","_oasis_is_in_workflow":0,"_oasis_original":0,"footnotes":""},"categories":[45],"tags":[],"class_list":["post-398","post","type-post","status-publish","format-standard","has-post-thumbnail","hentry","category-event"],"_links":{"self":[{"href":"http:\/\/educaciondeadultos.cl\/web\/wp-json\/wp\/v2\/posts\/398","targetHints":{"allow":["GET"]}}],"collection":[{"href":"http:\/\/educaciondeadultos.cl\/web\/wp-json\/wp\/v2\/posts"}],"about":[{"href":"http:\/\/educaciondeadultos.cl\/web\/wp-json\/wp\/v2\/types\/post"}],"author":[{"embeddable":true,"href":"http:\/\/educaciondeadultos.cl\/web\/wp-json\/wp\/v2\/users\/1"}],"replies":[{"embeddable":true,"href":"http:\/\/educaciondeadultos.cl\/web\/wp-json\/wp\/v2\/comments?post=398"}],"version-history":[{"count":0,"href":"http:\/\/educaciondeadultos.cl\/web\/wp-json\/wp\/v2\/posts\/398\/revisions"}],"wp:featuredmedia":[{"embeddable":true,"href":"http:\/\/educaciondeadultos.cl\/web\/wp-json\/wp\/v2\/media\/397"}],"wp:attachment":[{"href":"http:\/\/educaciondeadultos.cl\/web\/wp-json\/wp\/v2\/media?parent=398"}],"wp:term":[{"taxonomy":"category","embeddable":true,"href":"http:\/\/educaciondeadultos.cl\/web\/wp-json\/wp\/v2\/categories?post=398"},{"taxonomy":"post_tag","embeddable":true,"href":"http:\/\/educaciondeadultos.cl\/web\/wp-json\/wp\/v2\/tags?post=398"}],"curies":[{"name":"wp","href":"https:\/\/api.w.org\/{rel}","templated":true}]}}