{"id":393,"date":"2016-09-05T22:39:26","date_gmt":"2016-09-06T01:39:26","guid":{"rendered":"http:\/\/educaciondeadultos.cl\/web\/2016\/09\/05\/en-rio-de-janeiro-iii-seminario-internacional-socioeducativo\/"},"modified":"2016-09-05T22:39:26","modified_gmt":"2016-09-06T01:39:26","slug":"en-rio-de-janeiro-iii-seminario-internacional-socioeducativo","status":"publish","type":"post","link":"http:\/\/educaciondeadultos.cl\/web\/2016\/09\/05\/en-rio-de-janeiro-iii-seminario-internacional-socioeducativo\/","title":{"rendered":"En R\u00edo de Janeiro III SEMINARIO INTERNACIONAL SOCIOEDUCATIVO"},"content":{"rendered":"<p><img loading=\"lazy\" decoding=\"async\" class=\" size-full wp-image-391\" src=\"http:\/\/educaciondeadultos.cl\/web\/wp-content\/uploads\/2016\/09\/ba258f107534a10c8806979d240ded84.jpg\" alt=\"\" width=\"817\" height=\"402\" srcset=\"http:\/\/educaciondeadultos.cl\/web\/wp-content\/uploads\/2016\/09\/ba258f107534a10c8806979d240ded84.jpg 817w, http:\/\/educaciondeadultos.cl\/web\/wp-content\/uploads\/2016\/09\/ba258f107534a10c8806979d240ded84-300x148.jpg 300w, http:\/\/educaciondeadultos.cl\/web\/wp-content\/uploads\/2016\/09\/ba258f107534a10c8806979d240ded84-768x378.jpg 768w\" sizes=\"auto, (max-width: 817px) 100vw, 817px\" \/><\/p>\n<div><img loading=\"lazy\" decoding=\"async\" class=\" size-full wp-image-392\" src=\"http:\/\/educaciondeadultos.cl\/web\/wp-content\/uploads\/2016\/09\/brasil2fin.jpg\" border=\"0\" alt=\"\" width=\"886\" height=\"436\" srcset=\"http:\/\/educaciondeadultos.cl\/web\/wp-content\/uploads\/2016\/09\/brasil2fin.jpg 817w, http:\/\/educaciondeadultos.cl\/web\/wp-content\/uploads\/2016\/09\/brasil2fin-300x148.jpg 300w, http:\/\/educaciondeadultos.cl\/web\/wp-content\/uploads\/2016\/09\/brasil2fin-768x378.jpg 768w\" sizes=\"auto, (max-width: 886px) 100vw, 886px\" \/><\/div>\n<div>\u00a0<\/div>\n<div style=\"text-align: justify;\"><span style=\"color: #000000; font-family: verdana, geneva; font-size: small;\">Abiertas se encuentran las inscripciones para la presentaci\u00f3n de trabajos para el III Seminario Internacional Socioeducativo y VII Seminario Estadual Socioeducativo, que se realizar\u00e1 los d\u00edas 29 y 30 de noviembre de 2016 en R\u00edo de Janeiro \u2013 Brasil, con el tema \u00abPol\u00edticas de restricci\u00f3n y la privaci\u00f3n de la libertad: cuestiones, retos y perspectivas\u00bb.<\/span><\/div>\n<div style=\"text-align: justify;\"><span style=\"color: #000000; font-family: verdana, geneva; font-size: small;\">\u00a0<\/span><\/div>\n<div style=\"text-align: justify;\"><span style=\"color: #000000; font-family: verdana, geneva; font-size: small;\">Los interesados podr\u00e1n presentar\u00a0las discusiones\u00a0a trav\u00e9s de \u201ccartel\u201d o \u00abpresentaci\u00f3n oral\u00bb.<\/span><\/div>\n<div style=\"text-align: justify;\"><span style=\"font-family: verdana, geneva; font-size: small;\">\u00a0<\/span><\/div>\n<div style=\"text-align: justify;\"><span style=\"font-family: verdana, geneva; font-size: small;\"><strong><span style=\"color: #000000;\">Fechas de recepci\u00f3n:<\/span><\/strong><\/span><\/div>\n<div style=\"text-align: justify;\"><span style=\"font-family: verdana, geneva; font-size: small;\">\u00a0<\/span><\/div>\n<div style=\"text-align: justify;\"><span style=\"color: #000000; font-family: verdana, geneva; font-size: small;\">1) Completar formulario de\u00a0env\u00edo de trabajos\u00a0y el env\u00edo de resumen:\u00a0<strong>25\/07\/2016<\/strong>\u00a0hasta\u00a0<strong>13\/09\/2016<\/strong><\/span><\/div>\n<div style=\"text-align: justify;\"><span style=\"font-family: verdana, geneva; font-size: small;\">\u00a0<\/span><\/div>\n<div style=\"text-align: justify;\"><span style=\"color: #000000; font-family: verdana, geneva; font-size: small;\">2) An\u00e1lisis de\u00a0los res\u00famenes:\u00a0<strong>14\/09\/16\u00a0al\u00a024\/09\/2016<\/strong><\/span><br \/><span style=\"color: #000000; font-family: verdana, geneva; font-size: small;\">3) Divulgaci\u00f3n de\u00a0los resultados de\u00a0los res\u00famenes\u00a0aprobados:\u00a0<strong>25\/09\/2016<\/strong><\/span><br \/><span style=\"color: #000000; font-family: verdana, geneva; font-size: small;\">4) Env\u00edo del\u00a0art\u00edculo completo:\u00a0<strong>25\/09\/2016\u00a0al\u00a025\/10\/2016<\/strong><\/span><\/div>\n<div style=\"text-align: justify;\"><span style=\"font-family: verdana, geneva; font-size: small;\">\u00a0<\/span><\/div>\n<div style=\"text-align: justify;\"><span style=\"color: #000000; font-family: verdana, geneva; font-size: small;\"><strong>Inscripci\u00f3n y m\u00e1s\u00a0informaciones:\u00a0<a href=\"http:\/\/www.seminariosocioeducativo.com\/\" target=\"_blank\" data-saferedirecturl=\"https:\/\/www.google.com\/url?hl=es&amp;q=http:\/\/www.seminariosocioeducativo.com\/&amp;source=gmail&amp;ust=1473200840741000&amp;usg=AFQjCNGmflGcQBpCr35V4NxhAOQkhDbVxQ\"><span style=\"color: #000000;\">http:\/\/www.seminariosocioeducativo.com<\/span><\/a><\/strong><\/span><\/div>\n<div>\u00a0<\/div>\n<div><span style=\"color: #000000; font-family: 'times new roman', times;\"><span style=\"color: #000000;\">Edici\u00f3n web y gesti\u00f3n redes sociales Edja-Upla. 5 de septiembre 2016<\/span><\/span><\/div>\n","protected":false},"excerpt":{"rendered":"<p>\u00a0 Abiertas se encuentran las inscripciones para la presentaci\u00f3n de trabajos para el III Seminario Internacional Socioeducativo y VII Seminario Estadual Socioeducativo, que se realizar\u00e1 los d\u00edas 29 y 30 de noviembre de 2016 en R\u00edo de Janeiro \u2013 Brasil, con el tema \u00abPol\u00edticas de restricci\u00f3n y la privaci\u00f3n de la libertad: cuestiones, retos y [&hellip;]<\/p>\n","protected":false},"author":1,"featured_media":391,"comment_status":"closed","ping_status":"closed","sticky":false,"template":"","format":"standard","meta":{"_et_pb_use_builder":"","_et_pb_old_content":"","_et_gb_content_width":"","_oasis_is_in_workflow":0,"_oasis_original":0,"footnotes":""},"categories":[45],"tags":[],"class_list":["post-393","post","type-post","status-publish","format-standard","has-post-thumbnail","hentry","category-event"],"_links":{"self":[{"href":"http:\/\/educaciondeadultos.cl\/web\/wp-json\/wp\/v2\/posts\/393","targetHints":{"allow":["GET"]}}],"collection":[{"href":"http:\/\/educaciondeadultos.cl\/web\/wp-json\/wp\/v2\/posts"}],"about":[{"href":"http:\/\/educaciondeadultos.cl\/web\/wp-json\/wp\/v2\/types\/post"}],"author":[{"embeddable":true,"href":"http:\/\/educaciondeadultos.cl\/web\/wp-json\/wp\/v2\/users\/1"}],"replies":[{"embeddable":true,"href":"http:\/\/educaciondeadultos.cl\/web\/wp-json\/wp\/v2\/comments?post=393"}],"version-history":[{"count":0,"href":"http:\/\/educaciondeadultos.cl\/web\/wp-json\/wp\/v2\/posts\/393\/revisions"}],"wp:featuredmedia":[{"embeddable":true,"href":"http:\/\/educaciondeadultos.cl\/web\/wp-json\/wp\/v2\/media\/391"}],"wp:attachment":[{"href":"http:\/\/educaciondeadultos.cl\/web\/wp-json\/wp\/v2\/media?parent=393"}],"wp:term":[{"taxonomy":"category","embeddable":true,"href":"http:\/\/educaciondeadultos.cl\/web\/wp-json\/wp\/v2\/categories?post=393"},{"taxonomy":"post_tag","embeddable":true,"href":"http:\/\/educaciondeadultos.cl\/web\/wp-json\/wp\/v2\/tags?post=393"}],"curies":[{"name":"wp","href":"https:\/\/api.w.org\/{rel}","templated":true}]}}