{"id":382,"date":"2016-08-23T10:08:25","date_gmt":"2016-08-23T13:08:25","guid":{"rendered":"http:\/\/educaciondeadultos.cl\/web\/2016\/08\/23\/conclusiones-de-congreso-educacion-cultura-y-trabajo-en-contexto-de-encierro-seran-presentadas-al-cruch\/"},"modified":"2016-08-23T10:08:25","modified_gmt":"2016-08-23T13:08:25","slug":"conclusiones-de-congreso-educacion-cultura-y-trabajo-en-contexto-de-encierro-seran-presentadas-al-cruch","status":"publish","type":"post","link":"http:\/\/educaciondeadultos.cl\/web\/2016\/08\/23\/conclusiones-de-congreso-educacion-cultura-y-trabajo-en-contexto-de-encierro-seran-presentadas-al-cruch\/","title":{"rendered":"Acuerdos de Congreso Educaci\u00f3n, Cultura y Trabajo en contexto de encierro ser\u00e1n presentadas al CRUCH"},"content":{"rendered":"<p><img loading=\"lazy\" decoding=\"async\" class=\" size-full wp-image-374\" src=\"http:\/\/educaciondeadultos.cl\/web\/wp-content\/uploads\/2016\/08\/670539864e65359b2f613197e806fc23.jpg\" alt=\"\" width=\"960\" height=\"638\" srcset=\"http:\/\/educaciondeadultos.cl\/web\/wp-content\/uploads\/2016\/08\/670539864e65359b2f613197e806fc23.jpg 960w, http:\/\/educaciondeadultos.cl\/web\/wp-content\/uploads\/2016\/08\/670539864e65359b2f613197e806fc23-300x199.jpg 300w, http:\/\/educaciondeadultos.cl\/web\/wp-content\/uploads\/2016\/08\/670539864e65359b2f613197e806fc23-768x510.jpg 768w\" sizes=\"auto, (max-width: 960px) 100vw, 960px\" \/><\/p>\n<p><span style=\"color: #000000; font-family: verdana, geneva; font-size: small;\"><span style=\"line-height: 1.3em;\"><img loading=\"lazy\" decoding=\"async\" class=\" alignright size-full wp-image-375\" src=\"http:\/\/educaciondeadultos.cl\/web\/wp-content\/uploads\/2016\/08\/mesaf.jpg\" border=\"0\" alt=\"\" width=\"684\" height=\"384\" style=\"float: right;\" srcset=\"http:\/\/educaciondeadultos.cl\/web\/wp-content\/uploads\/2016\/08\/mesaf.jpg 960w, http:\/\/educaciondeadultos.cl\/web\/wp-content\/uploads\/2016\/08\/mesaf-300x169.jpg 300w, http:\/\/educaciondeadultos.cl\/web\/wp-content\/uploads\/2016\/08\/mesaf-768x432.jpg 768w\" sizes=\"auto, (max-width: 684px) 100vw, 684px\" \/><\/span><\/span><span style=\"color: #000000; font-family: verdana, geneva;\"><span style=\"line-height: 1.3em;\"><span style=\"font-family: verdana, geneva;\">Los acuerdos que fueron adoptados por el<\/span><\/span><\/span><span style=\"color: #000000; font-family: verdana, geneva;\"><span style=\"font-family: verdana, geneva;\"><strong style=\"font-size: 12.16px; line-height: 1.3em;\"> Congreso <strong>Educaci\u00f3n, Cultura y Trabajo en Contexto de Encierro\u00a0<\/strong><\/strong>ser\u00e1n entregados <\/span><span style=\"line-height: 1.3em;\"><span style=\"font-family: verdana, geneva;\">al Consejo de Rectores de las\u00a0<\/span><\/span><\/span><span style=\"color: #000000; font-family: verdana, geneva; font-size: small;\"><span style=\"line-height: 1.3em;\">Universidades Chilenas, CRUCH, que se re\u00fane la pr\u00f3xima semana. La informaci\u00f3n fue dada a conocer al cierre del encuentro por Violeta Acu\u00f1a, directora\u00a0<\/span>del Programa de Desarrollo Disciplinario de Educaci\u00f3n de J\u00f3venes y Adultos, Edja-Upla, qui\u00e9n anunci\u00f3 que el rector <span style=\"line-height: 1.3em;\">de Upla, Patricio Sanhueza Vivanco, se comprometi\u00f3 a realizar esta gesti\u00f3n en una reuni\u00f3n que sostuvo con los representantes de la Mesa T\u00e9cnica <\/span><\/span><span style=\"color: #000000; font-family: verdana, geneva;\">de Contextos de Encierro, \u00a0instancia organizadora de la actividad.<\/span><\/p>\n<p style=\"text-align: justify;\"><span style=\"color: #000000; font-family: verdana, geneva; font-size: small;\">El evento de car\u00e1cter internacional<strong>\u00a0<\/strong>se realiz\u00f3 durante los d\u00edas \u00a018 y 19 de agosto \u00a0en Valpara\u00edso, reuniendo a un total de 100 personas, que participan y conforman los\u00a0 procesos educativos en contexto de encierro, ya sea en instancias de nivel pedag\u00f3gico, procesos de formaci\u00f3n y los diversos profesionales y funcionarios de nivel t\u00e9cnico que directa o indirectamente cumplen alguna labor en recintos penitenciarios y profesionales interesados en la tem\u00e1tica.\u00a0 Destacan, entre los participantes, educadores y jefaturas t\u00e9cnicas de establecimientos educacionales en contexto de encierro, funcionarios y autoridades de Gendarmer\u00eda, Ministerio de Educaci\u00f3n y Servicio Nacional de Menores, asistentes sociales, psic\u00f3logos y soci\u00f3logos de universidades y fundaciones, investigadores de pol\u00edticas p\u00fablicas, talleristas y monitores de desarrollo art\u00edstico y arte y un grupo de nueve j\u00f3venes que cumplen sanci\u00f3n de responsabilidad penal adolescente, que bajo el alero de la Fundaci\u00f3n Reinventarse, Komatsu Cummins-Chile y Sename, forman parte de un programa de reinserci\u00f3n, cuyo objetivo es romper el c\u00edrculo de la delincuencia, favoreciendo oportunidades de desarrollo de habilidades socio-laborales.\u00a0<\/span><\/p>\n<p style=\"text-align: justify;\"><span style=\"color: #000000; font-family: verdana, geneva; font-size: small;\"><img loading=\"lazy\" decoding=\"async\" class=\" alignleft size-full wp-image-376\" src=\"http:\/\/educaciondeadultos.cl\/web\/wp-content\/uploads\/2016\/08\/mesad.jpg\" border=\"0\" alt=\"\" width=\"583\" height=\"387\" style=\"float: left;\" srcset=\"http:\/\/educaciondeadultos.cl\/web\/wp-content\/uploads\/2016\/08\/mesad.jpg 960w, http:\/\/educaciondeadultos.cl\/web\/wp-content\/uploads\/2016\/08\/mesad-300x199.jpg 300w, http:\/\/educaciondeadultos.cl\/web\/wp-content\/uploads\/2016\/08\/mesad-768x510.jpg 768w\" sizes=\"auto, (max-width: 583px) 100vw, 583px\" \/>Reconociendo\u00a0 que las personas pueden estar \u00a0privadas de libertad, pero no del derecho de tener acceso al pensamiento cr\u00edtico, a la opini\u00f3n, al arte, la educaci\u00f3n y la cultura, a procesos transformadores que incidan en su crecimiento y reencuentro consigo mismo, los participantes reunidos en seis mesas de trabajo analizaron experiencias nacionales e internacionales en\u00a0 materias de Educaci\u00f3n, Cultura \u00a0y Trabajo en Contexto de Encierro y reflexionaron y debatieron respecto pol\u00edticas y estrategias e inserci\u00f3n en Medio Libre, las oportunidades que brinda la Reforma Educacional en marcha,\u00a0 la vinculaci\u00f3n cultura &#8211; ciudadan\u00eda y tem\u00e1ticas de seguridad.<\/span><\/p>\n<p style=\"text-align: center;\"><span style=\"color: #000000; font-family: verdana, geneva; font-size: small;\"><strong>Acuerdos y Conclusiones. Primera aproximaci\u00f3n <\/strong><\/span><\/p>\n<p style=\"text-align: justify;\"><span style=\"color: #000000; font-family: verdana, geneva; font-size: small;\">Entre las principales conclusiones y propuestas destaca la necesidad de \u00a0formar a futuros profesores con una menci\u00f3n, o un tema o modificando las propias mallas curriculares destinadas a que puedan contar con herramientas que puedan responder a los requerimientos de aquellas personas que tienen problemas con la justicia, los infractores de ley o a las formaciones en c\u00e1rceles. Tambi\u00e9n se <img loading=\"lazy\" decoding=\"async\" class=\" alignright size-full wp-image-377\" src=\"http:\/\/educaciondeadultos.cl\/web\/wp-content\/uploads\/2016\/08\/panel.jpg\" border=\"0\" alt=\"\" width=\"546\" height=\"307\" style=\"float: right;\" srcset=\"http:\/\/educaciondeadultos.cl\/web\/wp-content\/uploads\/2016\/08\/panel.jpg 960w, http:\/\/educaciondeadultos.cl\/web\/wp-content\/uploads\/2016\/08\/panel-300x169.jpg 300w, http:\/\/educaciondeadultos.cl\/web\/wp-content\/uploads\/2016\/08\/panel-768x432.jpg 768w\" sizes=\"auto, (max-width: 546px) 100vw, 546px\" \/>plante\u00f3 la necesidad de capacitar a funcionarios de Gendarmer\u00eda y construir un diagn\u00f3stico que permita reconocer las necesidades de los internos.<\/span><\/p>\n<p style=\"text-align: left;\"><span style=\"color: #000000; font-family: verdana, geneva; font-size: small;\">Otra propuesta apunta a elaborar un plan nacional de reinserci\u00f3n para la educaci\u00f3n de adulto en condiciones de encierro, contemplando \u00e1reas de educaci\u00f3n, salud, trabajo, formaci\u00f3n, aspectos recreativos, deportivos y de desarrollo personal y un plan de integraci\u00f3n que articule a los diferentes actores y\/o instituciones\u00a0 que participan en la intervenci\u00f3n misma, comprendi\u00e9ndola como un proceso permanente que integre las m\u00faltiples dimensiones de lo humano.<\/span><\/p>\n<p style=\"text-align: justify;\"><span style=\"color: #000000; font-family: verdana, geneva; font-size: small;\">En materias de cultura y ciudadan\u00eda se plante\u00f3 que\u00a0 existe un gran inter\u00e9s por el arte y la cultura dentro de los reg\u00edmenes de encierro punitivo, observando este quehacer como un espacio protector, socializador, liberador y sanador, aunque se enfatiza la necesidad de resituar el concepto de interculturalidad, a fin de evitar discriminaciones dentro de poblaciones ya discriminadas.<\/span><\/p>\n<p style=\"text-align: justify;\"><span style=\"color: #000000; font-family: verdana, geneva; font-size: small;\">Entre otras conclusiones se distinguen fortalecer nuevos espacios de di\u00e1logo y reflexi\u00f3n sobre la realidad\u00a0 intramuros, visibilizar y poner en valor las experiencias educativas, trabajo y cultura con resultados transformadores y de alianzas innovadoras.<\/span><\/p>\n<p><span style=\"color: #000000; font-family: verdana, geneva; font-size: small;\"><strong><img loading=\"lazy\" decoding=\"async\" class=\" alignright size-full wp-image-378\" src=\"http:\/\/educaciondeadultos.cl\/web\/wp-content\/uploads\/2016\/08\/mesagen.jpg\" border=\"0\" alt=\"\" width=\"606\" height=\"341\" style=\"float: right;\" srcset=\"http:\/\/educaciondeadultos.cl\/web\/wp-content\/uploads\/2016\/08\/mesagen.jpg 2424w, http:\/\/educaciondeadultos.cl\/web\/wp-content\/uploads\/2016\/08\/mesagen-300x169.jpg 300w, http:\/\/educaciondeadultos.cl\/web\/wp-content\/uploads\/2016\/08\/mesagen-768x432.jpg 768w, http:\/\/educaciondeadultos.cl\/web\/wp-content\/uploads\/2016\/08\/mesagen-1024x577.jpg 1024w\" sizes=\"auto, (max-width: 606px) 100vw, 606px\" \/>Un testimonio de las confianzas mutuas<\/strong><\/span><\/p>\n<p style=\"text-align: left;\"><span style=\"color: #000000; font-family: verdana, geneva; font-size: small;\">Fabi\u00e1n,\u00a0 uno de los j\u00f3venes vinculado a la Fundaci\u00f3n Reinventarse, luego de participar en la Mesa Seguridad y Educaci\u00f3n,\u00a0 present\u00f3 su experiencia al plenario, dando a conocer que \u00absu vida ha sido diferente\u00bb, que \u00abcay\u00f3 preso por haber hecho cosas malas\u00bb, pero que \u00abahora ha logrado salir adelante\u00bb, gracias al apoyo que le han brindado terapeutas y profesores. Tambi\u00e9n se\u00f1al\u00f3 \u00a0que se capacit\u00f3 en soldaduras,\u00a0 que ha conocido a muchas personas que le han ayudado, logrando vencer mutuamente\u00a0 miedos y desconfianzas y que poco a poco, con el tiempo, \u00a0ha surgido entre todos ellos una relaci\u00f3n m\u00e1s cercana. Al finalizar su intervenci\u00f3n anunci\u00f3 que se est\u00e1 preparando para ser pap\u00e1, sacando un grandioso y emocionado aplauso de admiraci\u00f3n y actitud solidaria por su temple y ganas de cambiar su vida.<\/span><\/p>\n<p style=\"text-align: justify;\"><span style=\"color: #000000; font-family: verdana, geneva; font-size: small;\">Violeta Acu\u00f1a, comenta que el encuentro super\u00f3 todas sus expectativas de organizaci\u00f3n y de participaci\u00f3n en tanto no solo gener\u00f3 un espacio para analizar, intercambiar experiencias y compartir las tem\u00e1ticas relevantes y transversales \u00a0sino porque se logr\u00f3 bajar los muros de las c\u00e1rceles y se abri\u00f3 un espacio en la que los distintos actores involucrados lograron conocerse y entenderse como personas sensibilizadas por una realidad social que\u00a0 la pol\u00edtica p\u00fablica no aborda en toda su dimensi\u00f3n.\u00a0 \u00abLos problemas en esta materia no pueden remitirse solo a tem\u00e1ticas asociadas con la seguridad\u00bb, agreg\u00f3.<\/span><\/p>\n<p style=\"text-align: justify;\"><span style=\"color: #000000; font-family: verdana, geneva; font-size: small;\">Los paneles nacionales e internacionales sobre pol\u00edticas gubernamentales y programas no gubernamentales y de experiencias de gesti\u00f3n contaron con la destacada participaci\u00f3n de seis expositores: Mar\u00eda Isabel Infante, Coordinadora Nacional de Personas J\u00f3venes y Adultas del Ministerio de Educaci\u00f3n;\u00a0 Alejandro Ar\u00e9valo, Jefe Departamento de Reinserci\u00f3n Social Sistema Cerrado de la\u00a0 Direcci\u00f3n Nacional Gendarmer\u00eda de Chile; Kar\u00edn Eggers, Gerente Sustentabilidad Komatsu Latinoam\u00e9rica; Elionaldo Fernandes, acad\u00e9mico investigador de la Universidad Federal Fluminense, Brasil; Anal\u00eda Umpierrez, acad\u00e9mica de la Universidad Nacional del Centro de la Provincia de Buenos Aires, Argentina y Francisco Jos\u00e9 Scarf\u00f3, investigador y consultor internacional, vicepresidente del Grupo de Estudio Sobre Educaci\u00f3n en C\u00e1rceles de Argentina, GESEC.<\/span>\u00a0<\/p>\n<p><span style=\"font-family: verdana, geneva; font-size: small; color: #000000;\">La realizaci\u00f3n de este congreso respondi\u00f3 a un acuerdo asumido por la\u00a0Mesa T\u00e9cnica de Contexto de Encierro, en el marco del\u00a0\u201cTercer Seminario de Educaci\u00f3n de J\u00f3venes y Adultos desde una Perspectiva Inclusiva\u201d,<em> que tuvo lugar en<\/em>\u00a02015. Dicho evento fue organizado por el Programa de Desarrollo Disciplinario de Educaci\u00f3n de J\u00f3venes y Adultos, el Centro de Cooperaci\u00f3n Regional para la Educaci\u00f3n de Adultos en Am\u00e9rica Latina y el Caribe (CREFAL), la Serem\u00eda de Educaci\u00f3n de la Regi\u00f3n de Valpara\u00edso y la L\u00ednea de <img loading=\"lazy\" decoding=\"async\" class=\" alignleft size-full wp-image-379\" src=\"http:\/\/educaciondeadultos.cl\/web\/wp-content\/uploads\/2016\/08\/fundacionupla.jpg\" border=\"0\" alt=\"\" width=\"581\" height=\"378\" style=\"float: left;\" srcset=\"http:\/\/educaciondeadultos.cl\/web\/wp-content\/uploads\/2016\/08\/fundacionupla.jpg 960w, http:\/\/educaciondeadultos.cl\/web\/wp-content\/uploads\/2016\/08\/fundacionupla-300x195.jpg 300w, http:\/\/educaciondeadultos.cl\/web\/wp-content\/uploads\/2016\/08\/fundacionupla-768x499.jpg 768w\" sizes=\"auto, (max-width: 581px) 100vw, 581px\" \/>Educaci\u00f3n de Adultos del Departamento de Educaci\u00f3n de la Universidad de La Frontera.<\/span>\u00a0<\/p>\n<p style=\"text-align: justify;\"><span style=\"font-family: verdana, geneva; font-size: small; color: #000000;\">Integran esta mesa las siguientes instituciones, organizaciones, escuelas y colegios: \u00a0Ministerio de Educaci\u00f3n, Ministerio de Justicia, Gendarmer\u00eda de Chile, Fundaci\u00f3n Upla, Fundaci\u00f3n Reinventarse, Colegio T\u00e9cnico Profesional de Adultos Cardenal Oviedo &#8211; Coresol y la Escuela Jos\u00e9 Domingo Saavedra de San Antonio y el Programa Edja-Upla.<\/span>\u00a0<\/p>\n<p><span style=\"color: #000000; font-family: verdana, geneva; font-size: small;\"><strong>Programa de actividades de extensi\u00f3n<\/strong><\/span><\/p>\n<p style=\"text-align: justify;\"><span style=\"color: #000000; font-family: verdana, geneva; font-size: small;\">Entre sus actividades de extensi\u00f3n, los participantes realizaron una visita guiada al Parque Cultural, ex C\u00e1rcel P\u00fablica de Valpara\u00edso, oportunidad que permiti\u00f3 dimensionar en un Museo de Sitio el sentido y significado de la vivencia carcelaria. Otra actividad de extensi\u00f3n fue la Galer\u00eda de Stand destinada a mostrar resultados pr\u00e1cticos de las instituciones participantes. Una especial acogida logr\u00f3\u00a0 la muestra de joyas creadas por lo estudiantes del Taller de Orfebrer\u00eda Renacer, iniciativa a cargo de Fundaci\u00f3n Upla al interior del Centro Penitenciario de Valpara\u00edso, el stand de la Fundaci\u00f3n Reinvertarse y sus programas de reinserci\u00f3n y \u00a0los libros \u00ab<strong>Esperanza, amores, persones y otros versos<\/strong>\u00ab, de diversos autores, editado en el marco de los Talleres Penitenciarios del Programa Arte Educador del Departamento de Reinserci\u00f3n Social en el Sistema Cerrado de Gendarmer\u00eda de Chile y \u00ab<strong>Mirando hacia la Libertad. La importancia de la educaci\u00f3n en mi vida propia<\/strong>\u00ab, editado por la Coordinaci\u00f3n Nacional de Educaci\u00f3n de Personas J\u00f3venes y Adultas del Ministerio de Educaci\u00f3n.<\/span>\u00a0<\/p>\n<p style=\"text-align: justify;\"><span style=\"color: #000000; font-family: verdana, geneva; font-size: small;\"><img loading=\"lazy\" decoding=\"async\" class=\" size-full wp-image-380\" src=\"http:\/\/educaciondeadultos.cl\/web\/wp-content\/uploads\/2016\/08\/grupovisitaparqueculturala.jpg\" border=\"0\" alt=\"\" width=\"472\" height=\"260\" srcset=\"http:\/\/educaciondeadultos.cl\/web\/wp-content\/uploads\/2016\/08\/grupovisitaparqueculturala.jpg 943w, http:\/\/educaciondeadultos.cl\/web\/wp-content\/uploads\/2016\/08\/grupovisitaparqueculturala-300x165.jpg 300w, http:\/\/educaciondeadultos.cl\/web\/wp-content\/uploads\/2016\/08\/grupovisitaparqueculturala-768x422.jpg 768w\" sizes=\"auto, (max-width: 472px) 100vw, 472px\" \/><img loading=\"lazy\" decoding=\"async\" class=\" size-full wp-image-381\" src=\"http:\/\/educaciondeadultos.cl\/web\/wp-content\/uploads\/2016\/08\/visitacarcel.jpg\" border=\"0\" alt=\"\" width=\"389\" height=\"258\" srcset=\"http:\/\/educaciondeadultos.cl\/web\/wp-content\/uploads\/2016\/08\/visitacarcel.jpg 960w, http:\/\/educaciondeadultos.cl\/web\/wp-content\/uploads\/2016\/08\/visitacarcel-300x199.jpg 300w, http:\/\/educaciondeadultos.cl\/web\/wp-content\/uploads\/2016\/08\/visitacarcel-768x510.jpg 768w\" sizes=\"auto, (max-width: 389px) 100vw, 389px\" \/><\/span><\/p>\n<p style=\"text-align: justify;\"><span style=\"color: #000000;\">\u00a0Fotograf\u00edas Mc Pinto y la colaboraci\u00f3n de Naldy Helen Higgs.<\/span><\/p>\n<p style=\"text-align: justify;\"><span style=\"color: #000000;\">\u00a0Edici\u00f3n web y gesti\u00f3n de redes sociales Edja-Upla. 23 de agosto 2016.<\/span><\/p>\n","protected":false},"excerpt":{"rendered":"<p>Los acuerdos que fueron adoptados por el Congreso Educaci\u00f3n, Cultura y Trabajo en Contexto de Encierro\u00a0ser\u00e1n entregados al Consejo de Rectores de las\u00a0Universidades Chilenas, CRUCH, que se re\u00fane la pr\u00f3xima semana. La informaci\u00f3n fue dada a conocer al cierre del encuentro por Violeta Acu\u00f1a, directora\u00a0del Programa de Desarrollo Disciplinario de Educaci\u00f3n de J\u00f3venes y Adultos, [&hellip;]<\/p>\n","protected":false},"author":1,"featured_media":374,"comment_status":"closed","ping_status":"closed","sticky":false,"template":"","format":"standard","meta":{"_et_pb_use_builder":"","_et_pb_old_content":"","_et_gb_content_width":"","_oasis_is_in_workflow":0,"_oasis_original":0,"footnotes":""},"categories":[45],"tags":[110],"class_list":["post-382","post","type-post","status-publish","format-standard","has-post-thumbnail","hentry","category-event","tag-congreso-educacion-cultura-y-trabajo-en-contexto-de-encierro"],"_links":{"self":[{"href":"http:\/\/educaciondeadultos.cl\/web\/wp-json\/wp\/v2\/posts\/382","targetHints":{"allow":["GET"]}}],"collection":[{"href":"http:\/\/educaciondeadultos.cl\/web\/wp-json\/wp\/v2\/posts"}],"about":[{"href":"http:\/\/educaciondeadultos.cl\/web\/wp-json\/wp\/v2\/types\/post"}],"author":[{"embeddable":true,"href":"http:\/\/educaciondeadultos.cl\/web\/wp-json\/wp\/v2\/users\/1"}],"replies":[{"embeddable":true,"href":"http:\/\/educaciondeadultos.cl\/web\/wp-json\/wp\/v2\/comments?post=382"}],"version-history":[{"count":0,"href":"http:\/\/educaciondeadultos.cl\/web\/wp-json\/wp\/v2\/posts\/382\/revisions"}],"wp:featuredmedia":[{"embeddable":true,"href":"http:\/\/educaciondeadultos.cl\/web\/wp-json\/wp\/v2\/media\/374"}],"wp:attachment":[{"href":"http:\/\/educaciondeadultos.cl\/web\/wp-json\/wp\/v2\/media?parent=382"}],"wp:term":[{"taxonomy":"category","embeddable":true,"href":"http:\/\/educaciondeadultos.cl\/web\/wp-json\/wp\/v2\/categories?post=382"},{"taxonomy":"post_tag","embeddable":true,"href":"http:\/\/educaciondeadultos.cl\/web\/wp-json\/wp\/v2\/tags?post=382"}],"curies":[{"name":"wp","href":"https:\/\/api.w.org\/{rel}","templated":true}]}}