{"id":373,"date":"2016-08-22T17:23:45","date_gmt":"2016-08-22T20:23:45","guid":{"rendered":"http:\/\/educaciondeadultos.cl\/web\/2016\/08\/22\/a-argentina-partio-premio-paulo-freire-con-francisco-jose-scarfo\/"},"modified":"2016-08-22T17:23:45","modified_gmt":"2016-08-22T20:23:45","slug":"a-argentina-partio-premio-paulo-freire-con-francisco-jose-scarfo","status":"publish","type":"post","link":"http:\/\/educaciondeadultos.cl\/web\/2016\/08\/22\/a-argentina-partio-premio-paulo-freire-con-francisco-jose-scarfo\/","title":{"rendered":"A Argentina parti\u00f3 premio Paulo Freire con Francisco Jos\u00e9 Scarf\u00f3"},"content":{"rendered":"<p><img loading=\"lazy\" decoding=\"async\" class=\" size-full wp-image-370\" src=\"http:\/\/educaciondeadultos.cl\/web\/wp-content\/uploads\/2016\/08\/51fd4e073a5c230f82bf528d466f6b2c.jpg\" alt=\"\" width=\"778\" height=\"581\" srcset=\"http:\/\/educaciondeadultos.cl\/web\/wp-content\/uploads\/2016\/08\/51fd4e073a5c230f82bf528d466f6b2c.jpg 778w, http:\/\/educaciondeadultos.cl\/web\/wp-content\/uploads\/2016\/08\/51fd4e073a5c230f82bf528d466f6b2c-300x224.jpg 300w, http:\/\/educaciondeadultos.cl\/web\/wp-content\/uploads\/2016\/08\/51fd4e073a5c230f82bf528d466f6b2c-768x574.jpg 768w\" sizes=\"auto, (max-width: 778px) 100vw, 778px\" \/><\/p>\n<p>\u00a0<img loading=\"lazy\" decoding=\"async\" class=\" alignleft size-full wp-image-371\" src=\"http:\/\/educaciondeadultos.cl\/web\/wp-content\/uploads\/2016\/08\/scarfopremiofin.jpg\" border=\"0\" alt=\"\" width=\"548\" height=\"409\" style=\"float: left;\" srcset=\"http:\/\/educaciondeadultos.cl\/web\/wp-content\/uploads\/2016\/08\/scarfopremiofin.jpg 778w, http:\/\/educaciondeadultos.cl\/web\/wp-content\/uploads\/2016\/08\/scarfopremiofin-300x224.jpg 300w, http:\/\/educaciondeadultos.cl\/web\/wp-content\/uploads\/2016\/08\/scarfopremiofin-768x574.jpg 768w\" sizes=\"auto, (max-width: 548px) 100vw, 548px\" \/><\/p>\n<p style=\"text-align: justify;\">\u00a0<\/p>\n<p style=\"text-align: justify;\">\u00a0<\/p>\n<p style=\"text-align: justify;\"><span style=\"color: #000000; font-family: verdana, geneva; font-size: small;\">En el marco del ideario del educador brasile\u00f1o Paulo Freire, su legado, principios y valores educativos y transformadores que gu\u00edan y orienten el desarrollo de las personas para vivir la libertad con autonom\u00eda de pensamiento, el Programa de Desarrollo Disciplinario de Educaci\u00f3n de J\u00f3venes y Adultos, entreg\u00f3 el\u00a0premio Paulo Freire al\u00a0educador en c\u00e1rceles de Argentina, <strong>Francisco Jos\u00e9 Scarf\u00f3<\/strong>, destacando su labor y trayectoria profesional.<\/span>\u00a0<\/p>\n<p style=\"text-align: justify;\"><span style=\"color: #000000; font-family: verdana, geneva; font-size: small;\">Tras recibir el galard\u00f3n entregado por la Dra. Violeta Acu\u00f1a, el profesional agradeci\u00f3 muy emocionado esta distinci\u00f3n, se\u00f1alando que realza sus 24 a\u00f1os de trabajo como maestro, record\u00e1ndole aquellos a\u00f1os y momentos de cuando se puso su primer guardapolvo y parti\u00f3 directo a la c\u00e1rcel a impartir sus clases; un ejercicio pr\u00e1ctico \u00a0de su compromiso por los derechos humanos de las personas privadas de su libertad, espec\u00edficamente su derecho a la educaci\u00f3n.<\/span>\u00a0<\/p>\n<p style=\"text-align: justify;\">\u00a0<\/p>\n<p style=\"text-align: justify;\"><span style=\"color: #000000; font-family: verdana, geneva; font-size: small;\"><strong>Francisco Jos\u00e9 Scarf\u00f3<\/strong> es Licenciado y Profesor en Ciencias de la Educaci\u00f3n, Magister en Derechos Humanos de la Facultad de Ciencias Jur\u00eddicas y Sociales de la Universidad Nacional de La Plata, docente desde 1992 en Educaci\u00f3n de Adultos, investigador, consultor internacional y vicepresidente del Grupo de Estudios sobre Educaci\u00f3n en C\u00e1rceles, <strong><a href=\"http:\/\/www.gesec.com.ar\/\">GESEC<\/a><\/strong>, organizaci\u00f3n no gubernamental en la que ha centrado su militancia en la promoci\u00f3n del ejercicio efectivo del derecho a la educaci\u00f3n de calidad de las personas privadas de libertad ambulatoria.<\/span><\/p>\n<p><span style=\"color: #000000; font-family: verdana, geneva; font-size: small;\"><img loading=\"lazy\" decoding=\"async\" class=\" alignright size-full wp-image-372\" src=\"http:\/\/educaciondeadultos.cl\/web\/wp-content\/uploads\/2016\/08\/mesalivia.jpg\" border=\"0\" alt=\"\" width=\"570\" height=\"378\" style=\"float: right;\" srcset=\"http:\/\/educaciondeadultos.cl\/web\/wp-content\/uploads\/2016\/08\/mesalivia.jpg 526w, http:\/\/educaciondeadultos.cl\/web\/wp-content\/uploads\/2016\/08\/mesalivia-300x199.jpg 300w\" sizes=\"auto, (max-width: 570px) 100vw, 570px\" \/>La entrega del premio se realiz\u00f3 al cierre de las actividades del Congreso Educaci\u00f3n, Cultura y Trabajo en Contexto de Encierro, que se realiz\u00f3 los d\u00edas 18 y 19 de agosto en Valpara\u00edso, en donde Francisco Jos\u00e9 Scarf\u00f3 \u00a0particip\u00f3 en el panel nacional e internacional sobre pol\u00edticas gubernamentales en las materias y en las mesas de trabajo tem\u00e1ticas.<\/span><\/p>\n<p><span style=\"color: #000000; font-family: verdana, geneva; font-size: small;\">Desde estas p\u00e1ginas env\u00edamos muchas felicitaciones por tan merecido premio. En este <strong><a href=\"http:\/\/www.gesec.com.ar\/publicaciones\/\">link del Grupo de Estudio GESEC<\/a> <\/strong>pueden acceder a su producci\u00f3n que ha sido publicada en distintas revistas y \u00e1mbitos de divulgaci\u00f3n.<\/span><\/p>\n<p><strong><span style=\"color: #000000; font-family: verdana, geneva; font-size: small;\">Ver aqu\u00ed art\u00edculos:\u00a0<\/span><\/strong><\/p>\n<p><strong><span style=\"font-size: small; font-family: verdana, geneva;\">&#8211;\u00a0<a href=\"http:\/\/www.gesec.com.ar\/los-significados-de-la-practica-educativa-en-la-carcel-desde-una-perspectiva-de-los-derechos-humanos\/\" rel=\"bookmark\">Los significados de la pr\u00e1ctica educativa en la c\u00e1rcel desde una perspectiva de los derechos humanos<\/a>.<\/span>\u00a0<\/strong><\/p>\n<p><strong><span style=\"font-family: verdana, geneva; font-size: small;\">&#8211;\u00a0<a href=\"http:\/\/www.gesec.com.ar\/una-aproximacion-a-la-perspectiva-de-genero-en-la-educacion-en-carceles\/\" rel=\"bookmark\">Una aproximaci\u00f3n a la perspectiva de g\u00e9nero en la educaci\u00f3n en c\u00e1rceles<\/a><\/span><\/strong><\/p>\n<p>\u00a0<\/p>\n<p style=\"text-align: justify;\"><span style=\"color: #000000;\">Edici\u00f3n web y gesti\u00f3n de redes sociales Edja-Upla. 22 de agosto 2016.<\/span><\/p>\n<p style=\"text-align: justify;\"><span style=\"color: #000000;\"><strong>\u00a0<\/strong><\/span><\/p>\n","protected":false},"excerpt":{"rendered":"<p>\u00a0 \u00a0 \u00a0 En el marco del ideario del educador brasile\u00f1o Paulo Freire, su legado, principios y valores educativos y transformadores que gu\u00edan y orienten el desarrollo de las personas para vivir la libertad con autonom\u00eda de pensamiento, el Programa de Desarrollo Disciplinario de Educaci\u00f3n de J\u00f3venes y Adultos, entreg\u00f3 el\u00a0premio Paulo Freire al\u00a0educador en [&hellip;]<\/p>\n","protected":false},"author":1,"featured_media":370,"comment_status":"closed","ping_status":"closed","sticky":false,"template":"","format":"standard","meta":{"_et_pb_use_builder":"","_et_pb_old_content":"","_et_gb_content_width":"","_oasis_is_in_workflow":0,"_oasis_original":0,"footnotes":""},"categories":[45],"tags":[110],"class_list":["post-373","post","type-post","status-publish","format-standard","has-post-thumbnail","hentry","category-event","tag-congreso-educacion-cultura-y-trabajo-en-contexto-de-encierro"],"_links":{"self":[{"href":"http:\/\/educaciondeadultos.cl\/web\/wp-json\/wp\/v2\/posts\/373","targetHints":{"allow":["GET"]}}],"collection":[{"href":"http:\/\/educaciondeadultos.cl\/web\/wp-json\/wp\/v2\/posts"}],"about":[{"href":"http:\/\/educaciondeadultos.cl\/web\/wp-json\/wp\/v2\/types\/post"}],"author":[{"embeddable":true,"href":"http:\/\/educaciondeadultos.cl\/web\/wp-json\/wp\/v2\/users\/1"}],"replies":[{"embeddable":true,"href":"http:\/\/educaciondeadultos.cl\/web\/wp-json\/wp\/v2\/comments?post=373"}],"version-history":[{"count":0,"href":"http:\/\/educaciondeadultos.cl\/web\/wp-json\/wp\/v2\/posts\/373\/revisions"}],"wp:featuredmedia":[{"embeddable":true,"href":"http:\/\/educaciondeadultos.cl\/web\/wp-json\/wp\/v2\/media\/370"}],"wp:attachment":[{"href":"http:\/\/educaciondeadultos.cl\/web\/wp-json\/wp\/v2\/media?parent=373"}],"wp:term":[{"taxonomy":"category","embeddable":true,"href":"http:\/\/educaciondeadultos.cl\/web\/wp-json\/wp\/v2\/categories?post=373"},{"taxonomy":"post_tag","embeddable":true,"href":"http:\/\/educaciondeadultos.cl\/web\/wp-json\/wp\/v2\/tags?post=373"}],"curies":[{"name":"wp","href":"https:\/\/api.w.org\/{rel}","templated":true}]}}