{"id":369,"date":"2016-08-19T12:12:19","date_gmt":"2016-08-19T15:12:19","guid":{"rendered":"http:\/\/educaciondeadultos.cl\/web\/2016\/08\/19\/exitosa-jornada-inaugural-de-congreso-sobre-educacion-en-contexto-de-encierro\/"},"modified":"2016-08-19T12:12:19","modified_gmt":"2016-08-19T15:12:19","slug":"exitosa-jornada-inaugural-de-congreso-sobre-educacion-en-contexto-de-encierro","status":"publish","type":"post","link":"http:\/\/educaciondeadultos.cl\/web\/2016\/08\/19\/exitosa-jornada-inaugural-de-congreso-sobre-educacion-en-contexto-de-encierro\/","title":{"rendered":"Exitosa jornada inaugural de congreso sobre educaci\u00f3n en contexto de encierro"},"content":{"rendered":"<p><img loading=\"lazy\" decoding=\"async\" class=\" size-full wp-image-361\" src=\"http:\/\/educaciondeadultos.cl\/web\/wp-content\/uploads\/2016\/08\/46b48ff5dea1e8c04bc5a53cc4723d74.jpg\" alt=\"\" width=\"640\" height=\"427\" srcset=\"http:\/\/educaciondeadultos.cl\/web\/wp-content\/uploads\/2016\/08\/46b48ff5dea1e8c04bc5a53cc4723d74.jpg 640w, http:\/\/educaciondeadultos.cl\/web\/wp-content\/uploads\/2016\/08\/46b48ff5dea1e8c04bc5a53cc4723d74-300x200.jpg 300w\" sizes=\"auto, (max-width: 640px) 100vw, 640px\" \/><\/p>\n<p><span style=\"color: #000000; font-family: verdana, geneva; font-size: small;\"><img loading=\"lazy\" decoding=\"async\" class=\" alignright size-full wp-image-362\" src=\"http:\/\/educaciondeadultos.cl\/web\/wp-content\/uploads\/2016\/08\/inaugcongreso.jpg\" border=\"0\" alt=\"\" width=\"502\" height=\"335\" style=\"float: right;\" srcset=\"http:\/\/educaciondeadultos.cl\/web\/wp-content\/uploads\/2016\/08\/inaugcongreso.jpg 640w, http:\/\/educaciondeadultos.cl\/web\/wp-content\/uploads\/2016\/08\/inaugcongreso-300x200.jpg 300w\" sizes=\"auto, (max-width: 502px) 100vw, 502px\" \/><em>\u201c<strong>Este tipo de encuentros me parece fundamental porque aqu\u00ed se puede ver c\u00f3mo se enfrenta un tema tan dif\u00edcil como es la educaci\u00f3n en contexto de encierro desde distintas experiencias y enfoques, que pueden enriquecer la pr\u00e1ctica docente o el quehacer de profesionales que se desempe\u00f1an en contextos de encierro\u201d<\/strong>.<\/em><\/span><\/p>\n<p style=\"text-align: justify;\"><span style=\"color: #000000; font-family: verdana, geneva; font-size: small;\">Con estas palabras, la\u00a0<strong>Coordinadora Nacional de Educaci\u00f3n de Personas J\u00f3venes y Adultas del Ministerio de Educaci\u00f3n, Mar\u00eda Isabel Infante<\/strong>, se refiri\u00f3 al significado de reunir en Valpara\u00edso a cerca de cien personas para analizar en un\u00a0<strong>congreso la \u201cEducaci\u00f3n, Cultura y Trabajo en contexto de encierro\u201d<\/strong>.<\/span><\/p>\n<p><span style=\"color: #000000; font-family: verdana, geneva; font-size: small;\"><a href=\"http:\/\/www.upla.cl\/noticias\/wp-content\/uploads\/2016\/08\/congreso_educadultos_2016_decanodiaz03.jpg\"><img loading=\"lazy\" decoding=\"async\" class=\" alignleft size-full wp-image-363\" src=\"http:\/\/educaciondeadultos.cl\/web\/wp-content\/uploads\/2016\/08\/inaugucongr2.jpg\" border=\"0\" alt=\"\" width=\"355\" height=\"236\" style=\"float: left;\" \/><\/a>La jornada inaugural cont\u00f3 con la intervenci\u00f3n del d<strong>ecano de la Facultad de Ciencias de la Educaci\u00f3n de la Universidad de Playa Ancha, Dr. Luis Alberto D\u00edaz<\/strong>, quien valor\u00f3 la asociaci\u00f3n estrat\u00e9gica entre varias entidades y organismos nacionales e internacionales para generar un espacio de an\u00e1lisis y construcci\u00f3n de conocimiento que permita generar propuestas desde la experiencia y el saber de profesionales que desempe\u00f1an en estos espacios.<\/span><\/p>\n<p><span style=\"color: #000000; font-family: verdana, geneva; font-size: small;\"><a href=\"http:\/\/www.upla.cl\/noticias\/wp-content\/uploads\/2016\/08\/congreso_educadultos_2016_vacuna05.jpg\"><img loading=\"lazy\" decoding=\"async\" class=\" alignright size-full wp-image-364\" src=\"http:\/\/educaciondeadultos.cl\/web\/wp-content\/uploads\/2016\/08\/inaugurcongr3.jpg\" border=\"0\" alt=\"\" width=\"395\" height=\"264\" style=\"float: right;\" srcset=\"http:\/\/educaciondeadultos.cl\/web\/wp-content\/uploads\/2016\/08\/inaugurcongr3.jpg 640w, http:\/\/educaciondeadultos.cl\/web\/wp-content\/uploads\/2016\/08\/inaugurcongr3-300x200.jpg 300w\" sizes=\"auto, (max-width: 395px) 100vw, 395px\" \/><\/a>La\u00a0<strong>coordinadora del Programa Disciplinario de Educaci\u00f3n de J\u00f3venes y Adultos de la Universidad de Playa Ancha, Dra. Violeta Acu\u00f1a Collado,<\/strong>\u00a0agreg\u00f3 que el objetivo del encuentro es visibilizar el trabajo que se realiza y quienes trabajan a diario en contextos extremadamente complejos, como son las c\u00e1rceles de Chile y tambi\u00e9n de los pa\u00edses de Latinoam\u00e9rica.<\/span><\/p>\n<p style=\"text-align: justify;\"><span style=\"color: #000000; font-family: verdana, geneva; font-size: small;\">\u201c<strong><em>Tenemos un gran desaf\u00edo por delante, primero que todo hacernos responsables, visibilizar esta problem\u00e1tica, aportar desde nuestras diferentes visiones desde la pol\u00edtica, la investigaci\u00f3n, la formaci\u00f3n, la educaci\u00f3n, la cultura y el trabajo. Por tanto hoy hacemos un llamado a articularnos, a trabajar en conjunto y ha contribuir en la construcci\u00f3n de nuevas alternativas que humanicen a hombres y mujeres<\/em><\/strong>\u201d.<\/span><\/p>\n<h5 style=\"text-align: justify;\"><span style=\"color: #000000; font-family: verdana, geneva; font-size: small;\"><strong>Panel Nacional e Internacional<\/strong><\/span><\/h5>\n<p style=\"text-align: justify;\"><span style=\"color: #000000; font-family: verdana, geneva; font-size: small;\"><a href=\"http:\/\/www.upla.cl\/noticias\/wp-content\/uploads\/2016\/08\/congreso_educadultos_2016_14.jpg\"><\/a>Un poco m\u00e1s de diez minutos tuvo cada expositor para hablar sobre las Pol\u00edticas Gubernamentales sobre Educaci\u00f3n, Cultura y Trabajo en Contexto de Encierro.<\/span><\/p>\n<p><span style=\"color: #000000; font-family: verdana, geneva; font-size: small;\"><img loading=\"lazy\" decoding=\"async\" class=\" alignleft size-full wp-image-365\" src=\"http:\/\/educaciondeadultos.cl\/web\/wp-content\/uploads\/2016\/08\/inaugucon4.jpg\" border=\"0\" alt=\"\" width=\"372\" height=\"248\" style=\"float: left;\" srcset=\"http:\/\/educaciondeadultos.cl\/web\/wp-content\/uploads\/2016\/08\/inaugucon4.jpg 640w, http:\/\/educaciondeadultos.cl\/web\/wp-content\/uploads\/2016\/08\/inaugucon4-300x200.jpg 300w\" sizes=\"auto, (max-width: 372px) 100vw, 372px\" \/>La primera en exponer fue\u00a0<strong>Mar\u00eda Isabel Infante<\/strong>, Coordinadora Nacional de Personas J\u00f3venes y Adultas del Ministerio de Educaci\u00f3n, quien se refiri\u00f3 a las pol\u00edticas y acciones educativas en contextos de encierro que ha impulsado el Estado con el fin de garantizar a las personas privadas de libertad su derecho a educarse.<\/span><\/p>\n<p style=\"text-align: justify;\"><span style=\"color: #000000; font-family: verdana, geneva; font-size: small;\">En ese sentido, detall\u00f3 que entre el 2012 y 2015 han sido m\u00e1s de 66 mil reclusos (hombres y mujeres) los que han cursado ense\u00f1anza b\u00e1sica y\/o media al interior de centros penitenciarios.<\/span><\/p>\n<p><span style=\"color: #000000; font-family: verdana, geneva; font-size: small;\"><img loading=\"lazy\" decoding=\"async\" class=\" alignright size-full wp-image-366\" src=\"http:\/\/educaciondeadultos.cl\/web\/wp-content\/uploads\/2016\/08\/inaugucong5.jpg\" border=\"0\" alt=\"\" width=\"343\" height=\"228\" style=\"float: right;\" \/>Adem\u00e1s dio cuenta de la propuesta de mejoramiento de la calidad y pertinencia de los procesos pedag\u00f3gicos para establecimientos educacionales en contextos de encierro denominada<strong> \u201cEducaci\u00f3n para la Libertad\u201d<\/strong>.<\/span><\/p>\n<p><span style=\"color: #000000; font-family: verdana, geneva; font-size: small;\"><a href=\"http:\/\/www.upla.cl\/noticias\/wp-content\/uploads\/2016\/08\/congreso_educadultos_2016_16.jpg\"><br \/><\/a>Posteriormente,\u00a0<strong>Alejandro Ar\u00e9valo S.<\/strong>, jefe del Departamento de Reinserci\u00f3n Social (Sistema Cerrado) de la Direcci\u00f3n Nacional Gendarmer\u00eda de Chile, expuso sobre el valor de la educaci\u00f3n como elemento significativo en procesos de intervenci\u00f3n, ya que -dijo- juega un rol primordial en la intervenci\u00f3n integral del sujeto privado libertad. A la vez que entreg\u00f3 interesantes cifras de la cobertura educativa en reclusi\u00f3n, donde 16 mil personas han accedido a nivelaci\u00f3n de estudios y 15 mil a trabajo, lo que especific\u00f3 abarca m\u00e1s del 50 por ciento de las personas condenadas en el sistema penitenciario.<\/span><\/p>\n<p><span style=\"color: #000000; font-family: verdana, geneva; font-size: small;\"><a href=\"http:\/\/www.upla.cl\/noticias\/wp-content\/uploads\/2016\/08\/congreso_educadultos_2016_21.jpg\"><img loading=\"lazy\" decoding=\"async\" class=\" alignright size-full wp-image-367\" src=\"http:\/\/educaciondeadultos.cl\/web\/wp-content\/uploads\/2016\/08\/inaugucon5.jpg\" border=\"0\" alt=\"\" width=\"340\" height=\"226\" style=\"float: right;\" \/><\/a>Finalmente,\u00a0<strong>Francisco Scarf\u00f3<\/strong>\u00a0del Grupo de Estudio sobre Educaci\u00f3n en C\u00e1rceles de la Ciudad de la Plata, Argentina, se refiri\u00f3 al tema convocado pero desde una perspectiva vinculada a los Derechos Humanos y la calidad de ese derecho.<\/span><\/p>\n<p style=\"text-align: justify;\"><span style=\"color: #000000; font-family: verdana, geneva; font-size: small;\">\u201c<strong><em>No basta que el Estado ponga escuelas sino que haya una intencionalidad de brindar una educaci\u00f3n con calidad y que permita a la persona privada de libertad acceder a ese derecho y disfrutarlo y quedar en condiciones favorables para su regreso a la sociedad<\/em><\/strong>\u201d, plante\u00f3.<\/span><\/p>\n<h5><span style=\"color: #000000; font-family: verdana, geneva; font-size: small;\"><strong>Autoridades y expositores se refieren al congreso<\/strong><\/span><\/h5>\n<p style=\"text-align: justify;\"><span style=\"color: #000000; font-family: verdana, geneva; font-size: small;\">A la cita, que finaliza el 19 de agosto, asistieron adem\u00e1s autoridades locales como la Seremi de Justicia, Paz Anastasiadis Le Roy; el Director Regional de Gendarmer\u00eda de Valpara\u00edso, coronel Tito Barriga Chac\u00f3n; y representantes de la Fundaci\u00f3n UPLA, Fundaci\u00f3n Reinventarse y de la empresa Komatsu Cummins.<\/span><\/p>\n<p><span style=\"color: #000000; font-family: verdana, geneva; font-size: small;\"><a href=\"http:\/\/www.upla.cl\/noticias\/wp-content\/uploads\/2016\/08\/congreso_educadultos_2016_07.jpg\"><img loading=\"lazy\" decoding=\"async\" class=\" alignright size-full wp-image-368\" src=\"http:\/\/educaciondeadultos.cl\/web\/wp-content\/uploads\/2016\/08\/inauguasist6.jpg\" border=\"0\" alt=\"\" width=\"399\" height=\"266\" style=\"float: right;\" \/><\/a>La\u00a0<strong>Seremi de Justicia<\/strong>\u00a0destac\u00f3 el esfuerzo mancomunado de los organismos p\u00fablicos y actores internacionales part\u00edcipes, en pro de relevar la educaci\u00f3n en establecimientos penitenciarios. \u201c<em><strong>Son propicios todos estos encuentros para construir conjuntamente y con cr\u00edticas constructivas que puedan ir mejorando los sistemas que se tienen al interior de los establecimientos penales, con escuelas que tambi\u00e9n hacen un importante trabajo en materia de reinserci\u00f3n<\/strong><\/em>\u201d.<\/span><\/p>\n<p style=\"text-align: justify;\"><span style=\"color: #000000; font-family: verdana, geneva; font-size: small;\">Al respecto, el\u00a0<strong>Director Regional de Gendarmer\u00eda<\/strong>\u00a0valor\u00f3 la alianza estrat\u00e9gica con la universidad, que se traduce -dijo- en una instancia acad\u00e9mica de nivel internacional y que permite potenciar tem\u00e1ticas potentes vinculadas a la realidad penitenciaria. \u201c<em><strong>Me parece una actividad a la que hay que sacar el m\u00e1ximo provecho desde el punto de vista institucional, con la finalidad de poder insertar esos conocimientos y aprendizaje en los establecimientos penitenciarios de la regi\u00f3n<\/strong><\/em>\u201d.<\/span><\/p>\n<p style=\"text-align: justify;\"><span style=\"color: #000000; font-family: verdana, geneva; font-size: small;\"><strong><a href=\"http:\/\/www.upla.cl\/noticias\/wp-content\/uploads\/2016\/08\/congreso_educadultos_2016_19.jpg\"><\/a>Francisco Scarf\u00f3<\/strong>\u00a0agradeci\u00f3 la posibilidad de contar con un espacio amplio de an\u00e1lisis y discusi\u00f3n de temas que para muchos pueden resultar marginales, pero que forman parte -expres\u00f3- de las pol\u00edticas sociales que cada pa\u00eds debe hacerse cargo.<\/span><\/p>\n<p style=\"text-align: justify;\"><span style=\"color: #000000; font-family: verdana, geneva; font-size: small;\">\u201cNoto que es una puesta en valor de la discusi\u00f3n de estos temas, de pol\u00edticas sociales y entre ellas est\u00e1 la c\u00e1rcel y debemos hacernos cargo. La Universidad de Playa Ancha se hace cargo desde su lugar, con una propuesta que alienta que j\u00f3venes y profesionales de otros pa\u00edses podamos compartir ideas y miradas sobre la situaci\u00f3n educativa en las c\u00e1rceles\u201d, recalc\u00f3.<\/span><\/p>\n<p style=\"text-align: justify;\"><span style=\"color: #000000; font-family: verdana, geneva; font-size: small;\">La jornada del viernes 19 comenzar\u00e1 con el\u00a0<strong>panel sobre Experiencias en Educaci\u00f3n, Cultura y Trabajo en Contexto de Encierro<\/strong>, en el que expondr\u00e1n\u00a0<strong>Kar\u00edn Eggers<\/strong>, Gerente de Sustentabilidad Komatsu Latinoam\u00e9rica;\u00a0<strong>Elionado Fernandes<\/strong>, acad\u00e9mico de la Universidad Federal Fluminense, Brasil; y\u00a0<strong>Anal\u00eda Umpierrez<\/strong>, de la Universidad Nacional del Centro de la Provincia de Buenos Aires, Argentina.<\/span><\/p>\n<p style=\"text-align: justify;\"><span style=\"color: #000000; font-family: verdana, geneva; font-size: small;\">Fuente: Upla Noticias.\u00a0<\/span><span style=\"color: #000000; font-family: verdana, geneva; font-size: small;\">18 de agosto 2016.<\/span><\/p>\n","protected":false},"excerpt":{"rendered":"<p>\u201cEste tipo de encuentros me parece fundamental porque aqu\u00ed se puede ver c\u00f3mo se enfrenta un tema tan dif\u00edcil como es la educaci\u00f3n en contexto de encierro desde distintas experiencias y enfoques, que pueden enriquecer la pr\u00e1ctica docente o el quehacer de profesionales que se desempe\u00f1an en contextos de encierro\u201d. Con estas palabras, la\u00a0Coordinadora Nacional [&hellip;]<\/p>\n","protected":false},"author":1,"featured_media":361,"comment_status":"closed","ping_status":"closed","sticky":false,"template":"","format":"standard","meta":{"_et_pb_use_builder":"","_et_pb_old_content":"","_et_gb_content_width":"","_oasis_is_in_workflow":0,"_oasis_original":0,"footnotes":""},"categories":[45],"tags":[110],"class_list":["post-369","post","type-post","status-publish","format-standard","has-post-thumbnail","hentry","category-event","tag-congreso-educacion-cultura-y-trabajo-en-contexto-de-encierro"],"_links":{"self":[{"href":"http:\/\/educaciondeadultos.cl\/web\/wp-json\/wp\/v2\/posts\/369","targetHints":{"allow":["GET"]}}],"collection":[{"href":"http:\/\/educaciondeadultos.cl\/web\/wp-json\/wp\/v2\/posts"}],"about":[{"href":"http:\/\/educaciondeadultos.cl\/web\/wp-json\/wp\/v2\/types\/post"}],"author":[{"embeddable":true,"href":"http:\/\/educaciondeadultos.cl\/web\/wp-json\/wp\/v2\/users\/1"}],"replies":[{"embeddable":true,"href":"http:\/\/educaciondeadultos.cl\/web\/wp-json\/wp\/v2\/comments?post=369"}],"version-history":[{"count":0,"href":"http:\/\/educaciondeadultos.cl\/web\/wp-json\/wp\/v2\/posts\/369\/revisions"}],"wp:featuredmedia":[{"embeddable":true,"href":"http:\/\/educaciondeadultos.cl\/web\/wp-json\/wp\/v2\/media\/361"}],"wp:attachment":[{"href":"http:\/\/educaciondeadultos.cl\/web\/wp-json\/wp\/v2\/media?parent=369"}],"wp:term":[{"taxonomy":"category","embeddable":true,"href":"http:\/\/educaciondeadultos.cl\/web\/wp-json\/wp\/v2\/categories?post=369"},{"taxonomy":"post_tag","embeddable":true,"href":"http:\/\/educaciondeadultos.cl\/web\/wp-json\/wp\/v2\/tags?post=369"}],"curies":[{"name":"wp","href":"https:\/\/api.w.org\/{rel}","templated":true}]}}