{"id":360,"date":"2016-08-19T00:21:38","date_gmt":"2016-08-19T03:21:38","guid":{"rendered":"http:\/\/educaciondeadultos.cl\/web\/2016\/08\/19\/trabajo-mesas-tematicas-congreso-educacion-cultura-y-trabajo-en-contextos-de-encierro\/"},"modified":"2016-08-19T00:21:38","modified_gmt":"2016-08-19T03:21:38","slug":"trabajo-mesas-tematicas-congreso-educacion-cultura-y-trabajo-en-contextos-de-encierro","status":"publish","type":"post","link":"http:\/\/educaciondeadultos.cl\/web\/2016\/08\/19\/trabajo-mesas-tematicas-congreso-educacion-cultura-y-trabajo-en-contextos-de-encierro\/","title":{"rendered":"Trabajo Mesas Tem\u00e1ticas Congreso Educaci\u00f3n, Cultura y Trabajo en Contextos de Encierro"},"content":{"rendered":"<p><img loading=\"lazy\" decoding=\"async\" class=\" size-full wp-image-358\" src=\"http:\/\/educaciondeadultos.cl\/web\/wp-content\/uploads\/2016\/08\/0001626de6aa8ef5b99196e5ea11b990.jpg\" alt=\"\" width=\"640\" height=\"360\" srcset=\"http:\/\/educaciondeadultos.cl\/web\/wp-content\/uploads\/2016\/08\/0001626de6aa8ef5b99196e5ea11b990.jpg 640w, http:\/\/educaciondeadultos.cl\/web\/wp-content\/uploads\/2016\/08\/0001626de6aa8ef5b99196e5ea11b990-300x169.jpg 300w\" sizes=\"auto, (max-width: 640px) 100vw, 640px\" \/><\/p>\n<p><img loading=\"lazy\" decoding=\"async\" class=\" size-full wp-image-359\" src=\"http:\/\/educaciondeadultos.cl\/web\/wp-content\/uploads\/2016\/08\/congreportada.jpg\" border=\"0\" alt=\"\" width=\"916\" height=\"456\" \/><\/p>\n<p><span style=\"font-family: verdana, geneva; font-size: small; color: #000000;\"><strong>Reunidos en Mesas Tem\u00e1ticas amplio debate y an\u00e1lisis participantes en el Congreso Educaci\u00f3n, Cultura y Trabajo en Contextos de Encierro<\/strong>. 18 de agosto 2016.<\/span><\/p>\n<p><span style=\"font-family: verdana, geneva; font-size: small; color: #000000;\">Mesa N\u00b01. <strong>Experiencias Innovadoras en Educaci\u00f3n y Trabajo en Contexto de Encierro.<\/strong><\/span><\/p>\n<p><span style=\"font-family: verdana, geneva; font-size: small; color: #000000;\">Mesa N\u00b02. <strong>Reforma Educacional: Desaf\u00edos y Oportunidades en Contexto de Encierro. Visiones Nacionales e Internacionales.<\/strong><\/span><\/p>\n<p><span style=\"font-family: verdana, geneva; font-size: small; color: #000000;\">Mesa N\u00b03. \u00a0<strong>Cultura y Ciudadan\u00eda en Contexto de Encierro<\/strong>.<\/span><\/p>\n<p><span style=\"font-family: verdana, geneva; font-size: small; color: #000000;\">Mesa N\u00b04. <strong>Seguridad y Educaci\u00f3n en Contexto de Encierro<\/strong>.<\/span><\/p>\n<p><span style=\"font-family: verdana, geneva; font-size: small; color: #000000;\">Mesa N\u00b05. <strong>Pol\u00edticas y Estrategias e Inserci\u00f3n en Medio Libre<\/strong>.<\/span><\/p>\n<p>\u00a0<\/p>\n<p><span style=\"font-family: verdana, geneva; font-size: small; color: #000000;\">Edici\u00f3n web y gesti\u00f3n redes sociales. Programa Edja &#8211; Upla. 18 de agosto 2016.<\/span><\/p>\n","protected":false},"excerpt":{"rendered":"<p>Reunidos en Mesas Tem\u00e1ticas amplio debate y an\u00e1lisis participantes en el Congreso Educaci\u00f3n, Cultura y Trabajo en Contextos de Encierro. 18 de agosto 2016. Mesa N\u00b01. Experiencias Innovadoras en Educaci\u00f3n y Trabajo en Contexto de Encierro. Mesa N\u00b02. Reforma Educacional: Desaf\u00edos y Oportunidades en Contexto de Encierro. Visiones Nacionales e Internacionales. Mesa N\u00b03. \u00a0Cultura y [&hellip;]<\/p>\n","protected":false},"author":1,"featured_media":358,"comment_status":"closed","ping_status":"closed","sticky":false,"template":"","format":"standard","meta":{"_et_pb_use_builder":"","_et_pb_old_content":"","_et_gb_content_width":"","_oasis_is_in_workflow":0,"_oasis_original":0,"footnotes":""},"categories":[45],"tags":[110],"class_list":["post-360","post","type-post","status-publish","format-standard","has-post-thumbnail","hentry","category-event","tag-congreso-educacion-cultura-y-trabajo-en-contexto-de-encierro"],"_links":{"self":[{"href":"http:\/\/educaciondeadultos.cl\/web\/wp-json\/wp\/v2\/posts\/360","targetHints":{"allow":["GET"]}}],"collection":[{"href":"http:\/\/educaciondeadultos.cl\/web\/wp-json\/wp\/v2\/posts"}],"about":[{"href":"http:\/\/educaciondeadultos.cl\/web\/wp-json\/wp\/v2\/types\/post"}],"author":[{"embeddable":true,"href":"http:\/\/educaciondeadultos.cl\/web\/wp-json\/wp\/v2\/users\/1"}],"replies":[{"embeddable":true,"href":"http:\/\/educaciondeadultos.cl\/web\/wp-json\/wp\/v2\/comments?post=360"}],"version-history":[{"count":0,"href":"http:\/\/educaciondeadultos.cl\/web\/wp-json\/wp\/v2\/posts\/360\/revisions"}],"wp:featuredmedia":[{"embeddable":true,"href":"http:\/\/educaciondeadultos.cl\/web\/wp-json\/wp\/v2\/media\/358"}],"wp:attachment":[{"href":"http:\/\/educaciondeadultos.cl\/web\/wp-json\/wp\/v2\/media?parent=360"}],"wp:term":[{"taxonomy":"category","embeddable":true,"href":"http:\/\/educaciondeadultos.cl\/web\/wp-json\/wp\/v2\/categories?post=360"},{"taxonomy":"post_tag","embeddable":true,"href":"http:\/\/educaciondeadultos.cl\/web\/wp-json\/wp\/v2\/tags?post=360"}],"curies":[{"name":"wp","href":"https:\/\/api.w.org\/{rel}","templated":true}]}}